{"id":306231,"date":"2025-08-09T00:28:14","date_gmt":"2025-08-09T00:28:14","guid":{"rendered":"https:\/\/www.europesays.com\/fr\/306231\/"},"modified":"2025-08-09T00:28:14","modified_gmt":"2025-08-09T00:28:14","slug":"victoria-mboko-et-naomi-osaka-renoncent-a-disputer-le-wta-1000-de-cincinnati-lequipe","status":"publish","type":"post","link":"https:\/\/www.europesays.com\/fr\/306231\/","title":{"rendered":"Victoria Mboko et Naomi Osaka renoncent \u00e0 disputer le WTA 1000 de Cincinnati &#8211; L&#039;\u00c9quipe"},"content":{"rendered":"<ol>\n<li><a href=\"https:\/\/news.google.com\/rss\/articles\/CBMiwwFBVV95cUxNbzJpU2JRRXZleDRNVnBIQWdkaTJVU1FpUnFHbXN4NVFsemJYVGg0d3NHc3hoeWVOODZpRWN0bTJ6czYwenNDN0xnelZ1R0xrdVliaTFBeUpvTXgwQW9NZFZSblpYbTk2ZllOS3ZQaWxVajVMWTdSWXhXUjJiSzJ1LWdnSTFOWUQtWW8zWlBtejBLZzVqM1RfdFBsOFRFUk1jbUF4Um83eFlEYVRFTXFUUllINDdjZW82YnZkR1dzQnJUTkk?oc=5\" target=\"_blank\" rel=\"nofollow noopener\">Victoria Mboko et Naomi Osaka renoncent \u00e0 disputer le WTA 1000 de Cincinnati<\/a>&nbsp;&nbsp;L&rsquo;\u00c9quipe<\/li>\n<li><a href=\"https:\/\/news.google.com\/rss\/articles\/CBMi3gFBVV95cUxNMW15NnVHN1lxdjhYMGliSk03ZVRnOWxjU0pScWtpRVNHZmpXYXhJTkZXS1FqME1XcnkwZjlaOW9vSnBuV1ZwRy1pZDhhRWZRSUlPRGJ2eXVMa29uT0lkY0p0SlpaS2sxMnJ1ZENnSm85bDAzMEtSOG1RTWsybUw1UF9ONmZDNnd4WVpMRnBvZ3VTZjhhLXdiLUpIZnl3SmNYVlRhNG5XandFRVRXRWg3R2J5N1pUYVYxWlFOb2VGdS1yN0J3Yk8yb1FWanhvRUtSMDdVc2pqOUVZNWRaQXc?oc=5\" target=\"_blank\" rel=\"nofollow noopener\">Victoria Mboko, un talent qui promet apr\u00e8s sa victoire \u00e9clatante \u00e0 Montr\u00e9al<\/a>&nbsp;&nbsp;L&rsquo;\u00c9quipe<\/li>\n<li><a href=\"https:\/\/news.google.com\/rss\/articles\/CBMisAJBVV95cUxPX00yTXFuM21DMFR6dXcwZ2dDLUpnSDNaWlNuc2tOaVlQTTJFRVlJXzFra1dtY1diVEd1Z3dkbUFQV3Q0eW9lWUxnbWFXSWdTRElONWNDSWxzRFVGVGk0R01kei1xakVhZWZhMTFtRzkwQ2trNUgyUHFfVnFlWmp0YWQ0bWRUVUxfQjI5UFd1WVRER1ItZ1RpcF8yMVlpcWFfaWJham4tREwtdHp1ZzV2QkpMTFcyTDMtYXZOOXpDbi1kdFZDcWRFNnJyOGxzTS1WZ0lkNjlNRUNWLXdmN2RWNG9Wd0tLSFJPNGlNelROUjFCeXdINzVmZktnNmNoS0psc0FCTVNPSnVPZGtoUi1PcGVMNWVEc3hOSlM3UmFkTGRzZ2xZVFE1VTRzd01IVkQ2?oc=5\" target=\"_blank\" rel=\"nofollow noopener\">\u00ab\u00a0Surr\u00e9aliste\u00a0\u00bb : Mboko, la tornade plus forte que l&rsquo;idole<\/a>&nbsp;&nbsp;Eurosport<\/li>\n<li><a href=\"https:\/\/news.google.com\/rss\/articles\/CBMigAJBVV95cUxNcnFqanFDVlNrcWlTSHF2S1FXU21nNVg1SkdEb0VvX0J5aDZ0dl9pdUUycUpwSGp5RGlLcXJyYWpTQ3ctVTBUNllCcEtPOS12TUlEYWF4Wk9yQ3RzMktvMUJUZnloZ3oxZTR2TFhEZzdqQ3V4ZTdWQkhCRzdLdUE0dDliYkhzNmVkLXhoTHhOaFIzMWJXRm5zT2JkSTNrZFNRRktmemlaem92by1tT3BGME5lOVdlT0prbnJ0UVQ1c3ZaS3V3ZHQ4My1HSDJqZ2VndnRfRlVPdjRoampFWjNUdVo5SFNsMWpvNWY4YjIzV2xDandhZXRyeDR6bFdhR21X?oc=5\" target=\"_blank\" rel=\"nofollow noopener\">Tennis. La folle progression de Mboko, le record de Moutet\u2026 Les classements ATP et WTA du 8 ao\u00fbt<\/a>&nbsp;&nbsp;Ouest-France<\/li>\n<li><a href=\"https:\/\/news.google.com\/rss\/articles\/CBMiuAFBVV95cUxQWm5yUk8ycmp0a01XdVhJam1ZVllxV21KRWhvbHQ0ZUtMZkhwbDNLdkxvRFRrMEF6VWpjeTdKNUJrb196SmJNSEo4U3JseEhTcFNicEUyTGhBdnBRcl9FbjN6NnNieVJ5WWxrLWxaMnd6cHQ2T1dHb1NYTFV0VThlZnZHTGgxLTFoMnl5TWJUcHptMDA0bUZjVUtfakl5UUNuSm5KX2YzTGI2WTdFY2Z4Vk1TdF8yc3hq?oc=5\" target=\"_blank\" rel=\"nofollow noopener\">Soir de premi\u00e8res en Masters 1000 pour la sensation Mboko et Shelton<\/a>&nbsp;&nbsp;20 Minutes<\/li>\n<\/ol>\n","protected":false},"excerpt":{"rendered":"Victoria Mboko et Naomi Osaka renoncent \u00e0 disputer le WTA 1000 de Cincinnati&nbsp;&nbsp;L&rsquo;\u00c9quipe Victoria Mboko, un talent qui&hellip;\n","protected":false},"author":2,"featured_media":306232,"comment_status":"","ping_status":"","sticky":false,"template":"","format":"standard","meta":{"footnotes":""},"categories":[1415],"tags":[1011,27,60,1467],"class_list":{"0":"post-306231","1":"post","2":"type-post","3":"status-publish","4":"format-standard","5":"has-post-thumbnail","7":"category-tennis","8":"tag-fr","9":"tag-france","10":"tag-sports","11":"tag-tennis"},"share_on_mastodon":{"url":"https:\/\/pubeurope.com\/@fr\/114995980033833124","error":""},"_links":{"self":[{"href":"https:\/\/www.europesays.com\/fr\/wp-json\/wp\/v2\/posts\/306231","targetHints":{"allow":["GET"]}}],"collection":[{"href":"https:\/\/www.europesays.com\/fr\/wp-json\/wp\/v2\/posts"}],"about":[{"href":"https:\/\/www.europesays.com\/fr\/wp-json\/wp\/v2\/types\/post"}],"author":[{"embeddable":true,"href":"https:\/\/www.europesays.com\/fr\/wp-json\/wp\/v2\/users\/2"}],"replies":[{"embeddable":true,"href":"https:\/\/www.europesays.com\/fr\/wp-json\/wp\/v2\/comments?post=306231"}],"version-history":[{"count":0,"href":"https:\/\/www.europesays.com\/fr\/wp-json\/wp\/v2\/posts\/306231\/revisions"}],"wp:featuredmedia":[{"embeddable":true,"href":"https:\/\/www.europesays.com\/fr\/wp-json\/wp\/v2\/media\/306232"}],"wp:attachment":[{"href":"https:\/\/www.europesays.com\/fr\/wp-json\/wp\/v2\/media?parent=306231"}],"wp:term":[{"taxonomy":"category","embeddable":true,"href":"https:\/\/www.europesays.com\/fr\/wp-json\/wp\/v2\/categories?post=306231"},{"taxonomy":"post_tag","embeddable":true,"href":"https:\/\/www.europesays.com\/fr\/wp-json\/wp\/v2\/tags?post=306231"}],"curies":[{"name":"wp","href":"https:\/\/api.w.org\/{rel}","templated":true}]}}