{"id":306233,"date":"2025-08-09T00:30:47","date_gmt":"2025-08-09T00:30:47","guid":{"rendered":"https:\/\/www.europesays.com\/fr\/306233\/"},"modified":"2025-08-09T00:30:47","modified_gmt":"2025-08-09T00:30:47","slug":"programme-chaines-tv-et-horaires-pour-la-france","status":"publish","type":"post","link":"https:\/\/www.europesays.com\/fr\/306233\/","title":{"rendered":"programme, cha\u00eenes TV et horaires pour la France"},"content":{"rendered":"<p>2e manche du championnat du monde de MotoGP ce week-end en Argentine. L&rsquo;occasion de voir si Marc Marquez confirmera son triomphe en Tha\u00eflande il y a deux semaines et si nos pilotes fran\u00e7ais pourront aller chercher un bon r\u00e9sultat en course sprint et en course dimanche. En attendant, d\u00e9couvrez le programme, les cha\u00eenes TV et les horaires de ce GP d&rsquo;Argentine de MotoGP.<\/p>\n<p>Le MotoGP d\u00e9bute ce vendredi la 2e manche de son championnat. Apr\u00e8s la Tha\u00eflande, direction l&rsquo;Am\u00e9rique du Sud. L&rsquo;Argentine plus pr\u00e9cis\u00e9ment. Un Grand Prix qui doit nous en apprendre davantage sur o\u00f9 en sont les favoris pour le titre mondial. \u00c0 savoir Marc Marquez et Francesco Bagnaia chez Ducati en attendant le retour de Jorge Martin chez Aprilia. On a h\u00e2te de voir ce que feront Johann Zarco sur sa Honda et Fabio Quartararo chez Yamaha. Un Grand Prix diffus\u00e9 en fin d&rsquo;apr\u00e8s-midi en France. Tous les d\u00e9tails sont \u00e0\u00a0retrouver ci-dessous.<\/p>\n<p>Le programme du GP d&rsquo;Argentine de MotoGP<\/p>\n<p>Vous le savez, un Grand Prix de MotoGP est un \u00e9v\u00e9nement tr\u00e8s charg\u00e9 pour les pilotes et les \u00e9curies avec de l&rsquo;enjeu tout au long des trois jours.<\/p>\n<p>\u00c7a commence le vendredi avec une s\u00e9ance d&rsquo;Essais Libres de 45 minutes. Puis on encha\u00eene quelques heures plus tard pour les Essais. Une s\u00e9ance d&rsquo;une heure \u00e0 l&rsquo;issue de laquelle les 10 pilotes les plus rapides sont directement qualifi\u00e9s pour la seconde phase des qualifications du samedi.<\/p>\n<p>Le samedi justement, il y a une seconde s\u00e9ance d&rsquo;Essais Libres, de 30 minutes, avant d&rsquo;encha\u00eener sur la premi\u00e8re partie des qualifications. L&rsquo;enjeu est de d\u00e9crocher une des deux places pour la Q2. Les pilotes ont 15 minutes pour cela. Une courte pause et on encha\u00eene sur la Q2. 15 minutes au terme desquelles on d\u00e9termine la grille de d\u00e9part de la course sprint et de la course principale du dimanche. Le point d&rsquo;orgue de cette journ\u00e9e du samedi c&rsquo;est bien s\u00fbr la course sprint. Il s&rsquo;agit d&rsquo;une course de 12 tours qui offre des points \u00e0 9 pilotes.<\/p>\n<p>Vient enfin la journ\u00e9e du dimanche. Celle qui a le plus d&rsquo;importance d&rsquo;un point de vue sportif. Elle d\u00e9bute avec un warm-up de 10 minutes. L&rsquo;occasion pour les pilotes d&rsquo;effectuer les derniers r\u00e9glages sur la machine. Puis quelques heures plus tard, vient le temps du Grand Prix. Une course de 25 tours pour ce Grand Prix d&rsquo;Argentine.<\/p>\n<p>Horaires et cha\u00eenes TV pour la France<\/p>\n<p>Comme pour la F1, c&rsquo;est le groupe Canal+ qui d\u00e9tient les droits du MotoGP en France. La diffusion est partag\u00e9e entre Canal+ Sport 360 et Canal+. Tous les d\u00e9tails sont \u00e0 retrouver ci-dessous.<\/p>\n<tr>\nSESSION<br \/>\nCHA\u00ceNE TV<br \/>\nHORAIRE<br \/>\n<\/tr>\n<tr>\n<td style=\"border:1px solid hsl(0, 0%, 90%);text-align:center;\">Essais Libres 1<\/td>\n<td style=\"border:1px solid hsl(0, 0%, 90%);text-align:center;\">Canal+ Sport 360<\/td>\n<td style=\"border:1px solid hsl(0, 0%, 90%);text-align:center;\">14 mars &#8211; \u00c0 partir de 14h35<\/td>\n<\/tr>\n<tr>\n<td style=\"background-color:hsl(0, 0%, 90%);border:1px solid hsl(0, 0%, 90%);text-align:center;\">Essais<\/td>\n<td style=\"background-color:hsl(0, 0%, 90%);border:1px solid hsl(0, 0%, 90%);text-align:center;\">Canal+ Sport 360<\/td>\n<td style=\"background-color:hsl(0, 0%, 90%);border:1px solid hsl(0, 0%, 90%);text-align:center;\">14 mars &#8211; \u00c0 partir de 18h50<\/td>\n<\/tr>\n<tr>\n<td style=\"border:1px solid hsl(0, 0%, 90%);text-align:center;\">Essais Libres 2<\/td>\n<td style=\"border:1px solid hsl(0, 0%, 90%);text-align:center;\">Canal+ Sport 360<\/td>\n<td style=\"border:1px solid hsl(0, 0%, 90%);text-align:center;\">15 mars &#8211; \u00c0 partir de 14h<\/td>\n<\/tr>\n<tr>\n<td style=\"background-color:hsl(0, 0%, 90%);border:1px solid hsl(0, 0%, 90%);text-align:center;\">Qualifications<\/td>\n<td style=\"background-color:hsl(0, 0%, 90%);border:1px solid hsl(0, 0%, 90%);text-align:center;\">Canal+ Sport 360<\/td>\n<td style=\"background-color:hsl(0, 0%, 90%);border:1px solid hsl(0, 0%, 90%);text-align:center;\">15 mars &#8211; \u00c0 partir de 14h45<\/td>\n<\/tr>\n<tr>\n<td style=\"border:1px solid hsl(0, 0%, 90%);text-align:center;\">Course Sprint<\/td>\n<td style=\"border:1px solid hsl(0, 0%, 90%);text-align:center;\">Canal+ Sport 360<\/td>\n<td style=\"border:1px solid hsl(0, 0%, 90%);text-align:center;\">15 mars &#8211; \u00c0 partir de 19h<\/td>\n<\/tr>\n<tr>\n<td style=\"background-color:hsl(0, 0%, 90%);border:1px solid hsl(0, 0%, 90%);text-align:center;\">Warm-up<\/td>\n<td style=\"background-color:hsl(0, 0%, 90%);border:1px solid hsl(0, 0%, 90%);text-align:center;\">Canal+ Sport 360<\/td>\n<td style=\"background-color:hsl(0, 0%, 90%);border:1px solid hsl(0, 0%, 90%);text-align:center;\">16 mars &#8211; \u00c0 partir de 14h35<\/td>\n<\/tr>\n<tr>\n<td style=\"border:1px solid hsl(0, 0%, 90%);text-align:center;\">Course<\/td>\n<td style=\"border:1px solid hsl(0, 0%, 90%);text-align:center;\">Canal+<\/td>\n<td style=\"border:1px solid hsl(0, 0%, 90%);text-align:center;\">16 mars &#8211; \u00c0 partir de 19h<\/td>\n<\/tr>\n<p>\u00a0Cr\u00e9dit photo : Press Only.<\/p>\n","protected":false},"excerpt":{"rendered":"2e manche du championnat du monde de MotoGP ce week-end en Argentine. L&rsquo;occasion de voir si Marc Marquez&hellip;\n","protected":false},"author":2,"featured_media":306234,"comment_status":"","ping_status":"","sticky":false,"template":"","format":"standard","meta":{"footnotes":""},"categories":[1413],"tags":[1011,27,1457,1456,60],"class_list":{"0":"post-306233","1":"post","2":"type-post","3":"status-publish","4":"format-standard","5":"has-post-thumbnail","7":"category-moto","8":"tag-fr","9":"tag-france","10":"tag-moto","11":"tag-motocycle","12":"tag-sports"},"share_on_mastodon":{"url":"https:\/\/pubeurope.com\/@fr\/114995988053751757","error":""},"_links":{"self":[{"href":"https:\/\/www.europesays.com\/fr\/wp-json\/wp\/v2\/posts\/306233","targetHints":{"allow":["GET"]}}],"collection":[{"href":"https:\/\/www.europesays.com\/fr\/wp-json\/wp\/v2\/posts"}],"about":[{"href":"https:\/\/www.europesays.com\/fr\/wp-json\/wp\/v2\/types\/post"}],"author":[{"embeddable":true,"href":"https:\/\/www.europesays.com\/fr\/wp-json\/wp\/v2\/users\/2"}],"replies":[{"embeddable":true,"href":"https:\/\/www.europesays.com\/fr\/wp-json\/wp\/v2\/comments?post=306233"}],"version-history":[{"count":0,"href":"https:\/\/www.europesays.com\/fr\/wp-json\/wp\/v2\/posts\/306233\/revisions"}],"wp:featuredmedia":[{"embeddable":true,"href":"https:\/\/www.europesays.com\/fr\/wp-json\/wp\/v2\/media\/306234"}],"wp:attachment":[{"href":"https:\/\/www.europesays.com\/fr\/wp-json\/wp\/v2\/media?parent=306233"}],"wp:term":[{"taxonomy":"category","embeddable":true,"href":"https:\/\/www.europesays.com\/fr\/wp-json\/wp\/v2\/categories?post=306233"},{"taxonomy":"post_tag","embeddable":true,"href":"https:\/\/www.europesays.com\/fr\/wp-json\/wp\/v2\/tags?post=306233"}],"curies":[{"name":"wp","href":"https:\/\/api.w.org\/{rel}","templated":true}]}}