{"id":306235,"date":"2025-08-09T00:31:19","date_gmt":"2025-08-09T00:31:19","guid":{"rendered":"https:\/\/www.europesays.com\/fr\/306235\/"},"modified":"2025-08-09T00:31:19","modified_gmt":"2025-08-09T00:31:19","slug":"a-concarneau-la-pelouse-du-stade-guy-piriou-au-top-du-championnat-national-cest-la-formule-1-des-terrains","status":"publish","type":"post","link":"https:\/\/www.europesays.com\/fr\/306235\/","title":{"rendered":"\u00c0 Concarneau, la pelouse du stade Guy-Piriou au top du championnat National\u00a0: \u00ab\u00a0C\u2019est la Formule 1 des terrains\u00a0\u00bb"},"content":{"rendered":"<p>\u00c0 Concarneau, pour sa premi\u00e8re saison, la pelouse du stade Guy-Piriou a fait fort\u00a0! Elle a d\u00e9croch\u00e9 la deuxi\u00e8me place du classement des pelouses de National, \u00e9tabli, \u00e0 l\u2019issue des 32 journ\u00e9es de championnat, par la F\u00e9d\u00e9ration Fran\u00e7aise de Football (FFF)*. Avec une moyenne de 18,72 sur 20, elle n\u2019est qu\u2019\u00e0 seulement 0,09 point de celle du stade Bonal de Sochaux, le champion qui obtient une note de 18,81 sur 20. \u00c7a s\u2019est jou\u00e9 \u00e0 un cheveu pr\u00e8s, ou plut\u00f4t \u00e0 un brin d\u2019herbe synth\u00e9tique, puisque les deux terrains sont \u00e9quip\u00e9s d\u2019un gazon hybride.<\/p>\n<p>Une machine \u00e0 coudre pour le gazon<\/p>\n<p>\u00ab\u00a0Mise en service l\u2019\u00e9t\u00e9 dernier, cette pelouse hybride est issue de la derni\u00e8re g\u00e9n\u00e9ration. Apr\u00e8s avoir mis une couche drainante, du gravier, du sable pur puis amend\u00e9, nous avons sem\u00e9 du gazon ray-grass anglais. Quelques semaines plus tard, nous avons pass\u00e9 une machine qui a cousu une fibre synth\u00e9tique dessus, tous les 2 cm\u00a0\u00bb, explique S\u00e9bastien Cottat, responsable technique pour <a href=\"https:\/\/www.letelegramme.fr\/finistere\/ploudaniel-29260\/apres-le-rachat-de-sparfel-terideal-affiche-de-grandes-ambitions-dans-louest-6565785.php\" target=\"_blank\" rel=\"nofollow noopener\">Terideal Sparfel<\/a>, l\u2019entreprise qui a con\u00e7u et entretient la surface engazonn\u00e9e. La partie artificielle synth\u00e9tique ne repr\u00e9sente que 2\u00a0% de la surface du terrain mais elle permet d\u2019\u00e9viter les mottes de terre arrach\u00e9es pendant les phases de jeu, avec les in\u00e9vitables tacles. Un syst\u00e8me de drainage performant permet \u00e9galement d\u2019\u00e9viter les d\u00e9sagr\u00e9ments provoqu\u00e9s par la pluie.<\/p>\n<p><img decoding=\"async\" src=\"https:\/\/www.europesays.com\/fr\/wp-content\/uploads\/2025\/08\/68960d1077e722d76f069340.1.jpeg\" width=\"480\" height=\"300\" class=\"web_golden_m\" loading=\"lazy\" alt=\"\u00c0 Concarneau, afin d\u2019assurer la qualit\u00e9 du terrain, la hauteur de tonte est calibr\u00e9e en fonction des besoins. Les fibres synth\u00e9tiques ne d\u00e9passent pas, elles, les 2\u00a0cm, hors sol.\"\/>\u00c0 Concarneau, afin d\u2019assurer la qualit\u00e9 du terrain, la hauteur de tonte est calibr\u00e9e en fonction des besoins. Les fibres synth\u00e9tiques ne d\u00e9passent pas, elles, les 2\u00a0cm, hors sol. (Le T\u00e9l\u00e9gramme\/Gwenn Hamp)Une Formule 1 qui peut se d\u00e9r\u00e9gler tr\u00e8s vite<\/p>\n<p>Et les joueurs de l\u2019US Concarneau, qu\u2019est-ce qu\u2019ils en pensent\u00a0? \u00ab\u00a0Ils sont habitu\u00e9s \u00e0 jouer sur tous les terrains. Quand ils s\u2019entra\u00eenent ici le mercredi, ils sont ravis. Pour eux, c\u2019est le meilleur terrain de National\u00a0!\u00a0\u00bb, sourit Jean-No\u00ebl Pasquier, en charge de l\u2019entretien de la pelouse. Lui qui fut longtemps intendant de terrain de golf d\u00e9couvre, dans le milieu du football professionnel, une forte obligation de r\u00e9sultat. \u00ab\u00a0Cette pelouse, c\u2019est la Formule 1 des terrains. Mais comme dans les sports m\u00e9caniques, cela peut se d\u00e9r\u00e9gler tr\u00e8s vite. Il faut \u00eatre tr\u00e8s vigilant sur l\u2019\u00e9ventuelle apparition de maladie ou le dosage des fertilisants. La pression est plus importante\u00a0: il ne faut pas se louper\u00a0!\u00a0\u00bb, confie-t-il.<\/p>\n<p>Ces derni\u00e8res semaines, une autre contrainte est venue se greffer\u00a0: <a href=\"https:\/\/www.letelegramme.fr\/finistere\/tregunc-29910\/alerte-secheresse-de-nouvelles-restrictions-dans-le-pays-de-concarneau-6866753.php\" target=\"_blank\" rel=\"nofollow noopener\">les restrictions d\u2019eau en raison de la s\u00e9cheresse<\/a>. \u00ab\u00a0Comme l\u2019indique l\u2019arr\u00eat\u00e9 pris par la Ville de Concarneau, vendredi 1er ao\u00fbt, nous arrosons, la nuit, et de mani\u00e8re r\u00e9duite au maximum. Jean-No\u00ebl contr\u00f4le le taux d\u2019humidit\u00e9 avec une sonde portable pour calibrer au plus juste les apports\u00a0\u00bb, pr\u00e9cise S\u00e9bastien Cottat.<\/p>\n<p class=\"note\">* Une grille d\u2019\u00e9valuation est remplie \u00e0 chaque match par les deux capitaines et l\u2019arbitre de la rencontre. Les cinq crit\u00e8res pris en compte sont la trajectoire du ballon au sol, la souplesse et la duret\u00e9 du sol, la qualit\u00e9 des appuis et celle du tapis v\u00e9g\u00e9tal ainsi qu\u2019une appr\u00e9ciation globale de l\u2019aire de jeu et de ses abords.<\/p>\n","protected":false},"excerpt":{"rendered":"\u00c0 Concarneau, pour sa premi\u00e8re saison, la pelouse du stade Guy-Piriou a fait fort\u00a0! Elle a d\u00e9croch\u00e9 la&hellip;\n","protected":false},"author":2,"featured_media":306236,"comment_status":"","ping_status":"","sticky":false,"template":"","format":"standard","meta":{"footnotes":""},"categories":[1412],"tags":[829,3322,1451,63,1452,1453,1454,1455,1011,27,60,14656],"class_list":{"0":"post-306235","1":"post","2":"type-post","3":"status-publish","4":"format-standard","5":"has-post-thumbnail","7":"category-f1","8":"tag-bretagne","9":"tag-concarneau","10":"tag-f1","11":"tag-football","12":"tag-formula-1","13":"tag-formula1","14":"tag-formule-1","15":"tag-formule1","16":"tag-fr","17":"tag-france","18":"tag-sports","19":"tag-us-concarneau"},"share_on_mastodon":{"url":"https:\/\/pubeurope.com\/@fr\/114995992005011130","error":""},"_links":{"self":[{"href":"https:\/\/www.europesays.com\/fr\/wp-json\/wp\/v2\/posts\/306235","targetHints":{"allow":["GET"]}}],"collection":[{"href":"https:\/\/www.europesays.com\/fr\/wp-json\/wp\/v2\/posts"}],"about":[{"href":"https:\/\/www.europesays.com\/fr\/wp-json\/wp\/v2\/types\/post"}],"author":[{"embeddable":true,"href":"https:\/\/www.europesays.com\/fr\/wp-json\/wp\/v2\/users\/2"}],"replies":[{"embeddable":true,"href":"https:\/\/www.europesays.com\/fr\/wp-json\/wp\/v2\/comments?post=306235"}],"version-history":[{"count":0,"href":"https:\/\/www.europesays.com\/fr\/wp-json\/wp\/v2\/posts\/306235\/revisions"}],"wp:featuredmedia":[{"embeddable":true,"href":"https:\/\/www.europesays.com\/fr\/wp-json\/wp\/v2\/media\/306236"}],"wp:attachment":[{"href":"https:\/\/www.europesays.com\/fr\/wp-json\/wp\/v2\/media?parent=306235"}],"wp:term":[{"taxonomy":"category","embeddable":true,"href":"https:\/\/www.europesays.com\/fr\/wp-json\/wp\/v2\/categories?post=306235"},{"taxonomy":"post_tag","embeddable":true,"href":"https:\/\/www.europesays.com\/fr\/wp-json\/wp\/v2\/tags?post=306235"}],"curies":[{"name":"wp","href":"https:\/\/api.w.org\/{rel}","templated":true}]}}