{"id":306242,"date":"2025-08-09T00:36:18","date_gmt":"2025-08-09T00:36:18","guid":{"rendered":"https:\/\/www.europesays.com\/fr\/306242\/"},"modified":"2025-08-09T00:36:18","modified_gmt":"2025-08-09T00:36:18","slug":"le-m-club-nouveau-roman-de-patrick-senecal","status":"publish","type":"post","link":"https:\/\/www.europesays.com\/fr\/306242\/","title":{"rendered":"Le M Club , nouveau roman de Patrick Sen\u00e9cal"},"content":{"rendered":"<p>C\u2019est \u00e0 Berlin que se d\u00e9roulera l\u2019intrigue du prochain roman de Patrick Sen\u00e9cal, Le M\u00a0Club, qui sortira en librairie le 19\u00a0novembre prochain.<\/p>\n<p>Un texte de <strong>Charles Rioux<\/strong><\/p>\n<p>Le livre raconte l\u2019histoire de deux \u00e9crivains qu\u00e9b\u00e9cois qui se rendent \u00e0 Berlin dans l\u2019espoir d\u2019\u00eatre inspir\u00e9s par la ville pour leur cr\u00e9ation, tout en profitant de la riche vie nocturne pour laquelle elle est r\u00e9put\u00e9e. C\u2019est lors d\u2019une sortie entre amis qu\u2019ils d\u00e9couvrent le M\u00a0Club, un endroit tr\u00e8s s\u00e9lect o\u00f9 ils n\u2019auraient jamais d\u00fb mettre les pieds.<\/p>\n<p>L\u2019auteur propose un suspense slow-burn [\u00e0 retardement] qui se d\u00e9roule dans une ville aussi fascinante que myst\u00e9rieuse, dans lequel l&rsquo;horreur psychologique est distill\u00e9e au compte-gouttes, jusqu&rsquo;au d\u00e9bordement in\u00e9vitable, r\u00e9sume dans un communiqu\u00e9 la maison d\u2019\u00e9dition Alire, qui promet d\u2019en d\u00e9voiler plus sur le roman en septembre.<\/p>\n<p>Les lecteurs pourront renouer avec deux personnages tir\u00e9s de romans pr\u00e9c\u00e9dents de Patrick Sen\u00e9cal\u00a0: la petite Florence (Flots) et la troublante Michelle Beaulieu (5150, rue des Ormes et Aliss).<\/p>\n<p>Patrick Sen\u00e9cal, qui a publi\u00e9 une vingtaine de romans pour adultes et deux romans jeunesse, est l\u2019un des rares auteurs qu\u00e9b\u00e9cois \u00e0 avoir vendu plus d\u2019un million d\u2019exemplaires de ses livres. Trois de ses romans ont \u00e9t\u00e9 adapt\u00e9s au cin\u00e9ma\u00a0: Sur le seuil, 5150, rue des Ormes et Les sept jours du talion.<\/p>\n","protected":false},"excerpt":{"rendered":"C\u2019est \u00e0 Berlin que se d\u00e9roulera l\u2019intrigue du prochain roman de Patrick Sen\u00e9cal, Le M\u00a0Club, qui sortira en&hellip;\n","protected":false},"author":2,"featured_media":306243,"comment_status":"","ping_status":"","sticky":false,"template":"","format":"standard","meta":{"footnotes":""},"categories":[1357],"tags":[1379,58,59,1011,27,1380],"class_list":{"0":"post-306242","1":"post","2":"type-post","3":"status-publish","4":"format-standard","5":"has-post-thumbnail","7":"category-livres","8":"tag-books","9":"tag-divertissement","10":"tag-entertainment","11":"tag-fr","12":"tag-france","13":"tag-livres"},"share_on_mastodon":{"url":"https:\/\/pubeurope.com\/@fr\/114996011656163054","error":""},"_links":{"self":[{"href":"https:\/\/www.europesays.com\/fr\/wp-json\/wp\/v2\/posts\/306242","targetHints":{"allow":["GET"]}}],"collection":[{"href":"https:\/\/www.europesays.com\/fr\/wp-json\/wp\/v2\/posts"}],"about":[{"href":"https:\/\/www.europesays.com\/fr\/wp-json\/wp\/v2\/types\/post"}],"author":[{"embeddable":true,"href":"https:\/\/www.europesays.com\/fr\/wp-json\/wp\/v2\/users\/2"}],"replies":[{"embeddable":true,"href":"https:\/\/www.europesays.com\/fr\/wp-json\/wp\/v2\/comments?post=306242"}],"version-history":[{"count":0,"href":"https:\/\/www.europesays.com\/fr\/wp-json\/wp\/v2\/posts\/306242\/revisions"}],"wp:featuredmedia":[{"embeddable":true,"href":"https:\/\/www.europesays.com\/fr\/wp-json\/wp\/v2\/media\/306243"}],"wp:attachment":[{"href":"https:\/\/www.europesays.com\/fr\/wp-json\/wp\/v2\/media?parent=306242"}],"wp:term":[{"taxonomy":"category","embeddable":true,"href":"https:\/\/www.europesays.com\/fr\/wp-json\/wp\/v2\/categories?post=306242"},{"taxonomy":"post_tag","embeddable":true,"href":"https:\/\/www.europesays.com\/fr\/wp-json\/wp\/v2\/tags?post=306242"}],"curies":[{"name":"wp","href":"https:\/\/api.w.org\/{rel}","templated":true}]}}