{"id":306250,"date":"2025-08-09T00:40:15","date_gmt":"2025-08-09T00:40:15","guid":{"rendered":"https:\/\/www.europesays.com\/fr\/306250\/"},"modified":"2025-08-09T00:40:15","modified_gmt":"2025-08-09T00:40:15","slug":"la-promesse-inattendue-du-lithium-cache-dans-le-cerveau-pour-guerir-de-la-maladie-dalzheimer","status":"publish","type":"post","link":"https:\/\/www.europesays.com\/fr\/306250\/","title":{"rendered":"La promesse inattendue du lithium cach\u00e9 dans le cerveau pour gu\u00e9rir de la maladie d&rsquo;Alzheimer"},"content":{"rendered":"<p>Une \u00e9tude publi\u00e9e dans Nature le 6 ao\u00fbt pourrait bien changer la mani\u00e8re de traiter la maladie d\u2019Alzheimer, \u00e0 ce jour irr\u00e9versible. Les chercheurs de Harvard pourraient bien avoir trouv\u00e9 la cl\u00e9 de r\u00e9solution pour comprendre l\u2019\u00e9nigme que pose cette pathologie. <\/p>\n<p>Et si l\u2019on r\u00e9ussissait \u00e0 gu\u00e9rir de la maladie d\u2019Alzheimer ? C\u2019est peut-\u00eatre la prouesse qu\u2019ont r\u00e9ussi \u00e0 accomplir des scientifiques de l\u2019Universit\u00e9 de Harvard, gr\u00e2ce \u00e0 une mol\u00e9cule : le lithium.<\/p>\n<p>Publi\u00e9e dans <a href=\"https:\/\/www.nature.com\/articles\/s41586-025-09335-x\" data-type=\"link\" data-id=\"https:\/\/www.nature.com\/articles\/s41586-025-09335-x\" target=\"_blank\" rel=\"noreferrer noopener\">la revue Nature <\/a>ce 6 ao\u00fbt 2025, leur \u00e9tude d\u00e9montre pour la premi\u00e8re fois un lien entre la baisse du niveau de lithium naturellement pr\u00e9sent dans le cerveau et l\u2019apparition de la maladie d\u2019Alzheimer.<\/p>\n<p>Ces d\u00e9couvertes offrent \u00ab\u00a0une nouvelle th\u00e9orie de la maladie et une nouvelle strat\u00e9gie pour le diagnostic pr\u00e9coce, la pr\u00e9vention et le traitement\u00a0\u00bb, annonce <a href=\"https:\/\/hms.harvard.edu\/news\/could-lithium-explain-treat-alzheimers-disease\" data-type=\"link\" data-id=\"https:\/\/hms.harvard.edu\/news\/could-lithium-explain-treat-alzheimers-disease\" target=\"_blank\" rel=\"noreferrer noopener\">un communiqu\u00e9 de presse<\/a>. Pas encore test\u00e9s sur les humains, des m\u00e9dicaments jouant sur ce m\u00e9canisme ont pour le moment de bons r\u00e9sultats chez la souris.<\/p>\n<p>Alzheimer ou des anomalies de prot\u00e9ines<\/p>\n<p>Dans la maladie d\u2019Alzheimer, on retrouve des anomalies telles que des prot\u00e9ines b\u00eata-amylo\u00efde qui s\u2019accumulent dans le cerveau sous forme de d\u00e9p\u00f4t, des constituants de prot\u00e9ines tau qui s\u2019emm\u00ealent et la perte d\u2019une prot\u00e9ine (REST) pourtant protectrice.<\/p>\n<p>Cependant, tous ces d\u00e9fauts n\u2019expliquent pas enti\u00e8rement l\u2019apparition de la maladie, car certaines personnes peuvent pr\u00e9senter ces <a href=\"https:\/\/www.numerama.com\/sciences\/1858646-certains-cerveaux-restent-preserves-pendant-des-millenaires-voici-leur-secret.html\" data-type=\"link\" data-id=\"https:\/\/www.numerama.com\/sciences\/1858646-certains-cerveaux-restent-preserves-pendant-des-millenaires-voici-leur-secret.html\" target=\"_blank\" rel=\"noopener\">anomalies c\u00e9r\u00e9brales <\/a>sans pour autant \u00eatre victimes de <a href=\"https:\/\/www.numerama.com\/sciences\/1863808-etes-vous-plus-ou-moins-vieux-que-votre-cerveau-ces-marqueurs-peuvent-vous-le-dire.html\" data-type=\"link\" data-id=\"https:\/\/www.numerama.com\/sciences\/1863808-etes-vous-plus-ou-moins-vieux-que-votre-cerveau-ces-marqueurs-peuvent-vous-le-dire.html\" target=\"_blank\" rel=\"noopener\">d\u00e9clin cognitif<\/a>.<\/p>\n<p><a href=\"https:\/\/www.numerama.com\/wp-content\/uploads\/2025\/08\/1-7.jpg\" target=\"_blank\" rel=\"noopener\"><img decoding=\"async\" width=\"1024\" height=\"576\" loading=\"lazy\" alt=\"Mod\u00e8le murin de la maladie d\u2019Alzheimer. Rang\u00e9e du haut : la carence en lithium (\u00e0 droite) a augment\u00e9 consid\u00e9rablement les d\u00e9p\u00f4ts de b\u00eata-amylo\u00efde dans le cerveau, comparativement \u00e0 des souris pr\u00e9sentant des taux normaux de lithium (\u00e0 gauche). Rang\u00e9e du bas : M\u00eame chose pour la prot\u00e9ine tau, responsable de l\u2019enchev\u00eatrement des neurofibrille dans la maladie d\u2019Alzheimer \/\/ Source : Yankner Lab\" title=\"Mod\u00e8le murin de la maladie d\u2019Alzheimer. Rang\u00e9e du haut : la carence en lithium (\u00e0 droite) a augment\u00e9 consid\u00e9rablement les d\u00e9p\u00f4ts de b\u00eata-amylo\u00efde dans le cerveau, comparativement \u00e0 des souris pr\u00e9sentant des taux normaux de lithium (\u00e0 gauche). Rang\u00e9e du bas : M\u00eame chose pour la prot\u00e9ine tau, responsable de l\u2019enchev\u00eatrement des neurofibrille dans la maladie d\u2019Alzheimer \/\/ Source : Yankner Lab\" class=\"wp-image-2050755 placeholder-default wp-image\" src=\"https:\/\/www.europesays.com\/fr\/wp-content\/uploads\/2025\/08\/1-7-1024x576.jpg\" \/><\/a>Mod\u00e8le murin de la maladie d\u2019Alzheimer. Rang\u00e9e du haut : la carence en lithium (\u00e0 droite) a augment\u00e9 consid\u00e9rablement les d\u00e9p\u00f4ts de b\u00eata-amylo\u00efde dans le cerveau, comparativement \u00e0 des souris pr\u00e9sentant des taux normaux de lithium (\u00e0 gauche). Rang\u00e9e du bas : idem pour la prot\u00e9ine tau, responsable de l\u2019enchev\u00eatrement des neurofibrille dans la maladie d\u2019Alzheimer. \/\/ Source : <a href=\"https:\/\/hms.harvard.edu\/news\/could-lithium-explain-treat-alzheimers-disease\" target=\"_blank\" rel=\"noopener\">Yankner Lab<\/a><\/p>\n<p>Par ailleurs, les traitements actuels de la maladie, ciblant la prot\u00e9ine b\u00eata-amylo\u00efde, ne font que ralentir la progression des sympt\u00f4mes sans pour autant inverser la perte de m\u00e9moire. <\/p>\n<p>\u00ab L\u2019id\u00e9e que la carence en lithium pourrait \u00eatre une cause de la maladie d\u2019Alzheimer est nouvelle et sugg\u00e8re une approche th\u00e9rapeutique diff\u00e9rente \u00bb, explique Bruce Yankner, auteur principal\u00a0de l\u2019\u00e9tude. \u00ab L\u2019\u00e9tude laisse esp\u00e9rer que les chercheurs pourraient un jour utiliser le lithium pour traiter la maladie dans son int\u00e9gralit\u00e9 plut\u00f4t que de se concentrer sur une seule facette comme la b\u00eata-amylo\u00efde ou la tau \u00bb, d\u00e9taille-t-il.<\/p>\n<p>Quel est le lien entre le lithium et la maladie Alzheimer ?<\/p>\n<p>Un des premiers changements dans le cerveau, lorsque la maladie d\u2019Alzheimer se d\u00e9clare, c\u2019est la formation d\u2019agr\u00e9gat de prot\u00e9ine b\u00eata-amylo\u00efde. Les chercheurs ont d\u00e9couvert que ces agr\u00e9gats se lient au lithium, ce qui \u00ab affecte tous les principaux types de cellules c\u00e9r\u00e9brales et, chez la souris, entra\u00eene des modifications similaires \u00e0 celles de la maladie d\u2019Alzheimer, notamment des pertes de m\u00e9moire \u00bb, selon les explications du communiqu\u00e9 de presse. Ils ont donc pu observer que les taux de lithium, en comparaison avec d\u2019autres m\u00e9taux, variaient sensiblement dans le cerveau et dans le sang en fonction du stade de la maladie. <\/p>\n<p>\u00ab Le lithium se r\u00e9v\u00e8le \u00eatre similaire \u00e0 d\u2019autres nutriments que nous trouvons dans l\u2019environnement, comme le fer et la vitamine C \u00bb, raconte Bruce Yankner. \u00ab C\u2019est la premi\u00e8re fois qu\u2019on d\u00e9montre que le lithium existe \u00e0 un niveau naturel, biologiquement significatif, sans l\u2019administrer sous forme de m\u00e9dicament. \u00bb Les chercheurs ont m\u00eame \u00e9t\u00e9 jusqu\u2019\u00e0 \u00e9tablir une plage des niveaux normaux de lithium dans le cerveau.<\/p>\n<p><a href=\"https:\/\/www.numerama.com\/wp-content\/uploads\/2025\/08\/2-6.jpg\" target=\"_blank\" rel=\"noopener\"><img decoding=\"async\" width=\"1024\" height=\"576\" loading=\"lazy\" alt=\"La carence en lithium a aminci la my\u00e9line qui recouvre les neurones (\u00e0 droite) par rapport aux souris normales (\u00e0 gauche). \/\/ Source : Laboratoire Yankner\" title=\"La carence en lithium a aminci la my\u00e9line qui recouvre les neurones (\u00e0 droite) par rapport aux souris normales (\u00e0 gauche). \/\/ Source : Laboratoire Yankner\" class=\"wp-image-2050757 placeholder-default wp-image\" src=\"https:\/\/www.europesays.com\/fr\/wp-content\/uploads\/2025\/08\/2-6-1024x576.jpg\" \/><\/a>La carence en lithium a aminci la my\u00e9line qui recouvre les neurones (\u00e0 droite) par rapport aux souris non malades (\u00e0 gauche). \/\/ Source : Laboratoire Yankner<\/p>\n<p>L\u00e0 o\u00f9 r\u00e9side la prouesse, c\u2019est que les scientifiques ont r\u00e9ussi \u00e0 identifier une forme de lithium, l\u2019orotate de lithium, qui n\u2019est pas affect\u00e9 par les d\u00e9p\u00f4ts de prot\u00e9ine b\u00eata. Et, le traitement avec l\u2019orotate de lithium a permis  \u00ab d\u2019inverser la pathologie de la maladie d\u2019Alzheimer, de pr\u00e9venir les l\u00e9sions c\u00e9r\u00e9brales et de restaurer la m\u00e9moire \u00bb. <\/p>\n<p>Ces r\u00e9sultats doivent encore \u00eatre corrobor\u00e9s par des essais cliniques sur les \u00eatres humains. \u00ab Il faut \u00eatre prudent lorsqu\u2019on extrapole \u00e0 partir de mod\u00e8les murins, et on ne sait jamais avant de tester un essai clinique contr\u00f4l\u00e9 sur l\u2019homme \u00bb souligne l\u2019auteur principal de l\u2019\u00e9tude. \u00ab Mais jusqu\u2019\u00e0 pr\u00e9sent, les r\u00e9sultats sont tr\u00e8s encourageants \u00bb, ajoute-t-il.<\/p>\n<p>Le lithium comme espoir <\/p>\n<p>Vous avez peut-\u00eatre d\u00e9j\u00e0 entendu parler du lithium comme traitement d\u2019une autre maladie, la bipolarit\u00e9. Cependant, il s\u2019agit l\u00e0 d\u2019autres compos\u00e9s du lithium, o\u00f9 les doses administr\u00e9es sont beaucoup plus importantes et pourraient s\u2019av\u00e9rer toxiques chez les personnes \u00e2g\u00e9es.<\/p>\n<p>L\u2019effet positif de l\u2019administration de lithium dans la maladie d\u2019Alzheimer chez les humains n\u2019ayant pas encore \u00e9t\u00e9 confirm\u00e9, Bruce Yanker incite \u00e0 la prudence et d\u00e9conseille de prendre des compos\u00e9s de lithium seuls. Il esp\u00e8re que des essais cliniques d\u00e9marreront sous peu. \u00ab J\u2019esp\u00e8re que le lithium fera quelque chose de plus fondamental que les th\u00e9rapies anti-amylo\u00efdes ou anti-tau, non seulement en att\u00e9nuant mais en inversant le d\u00e9clin cognitif et en am\u00e9liorant la vie des patients \u00bb, conclut-il.<\/p>\n<p>            <img decoding=\"async\" src=\"https:\/\/www.europesays.com\/fr\/wp-content\/uploads\/2025\/04\/iPhone-16-pro.png\" alt=\"Toute l'actu tech en un clien d'oeil\"\/><\/p>\n<p class=\"card-install-pwa__title\">Toute l&rsquo;actu tech en un clin d&rsquo;\u0153il<\/p>\n<p class=\"card-install-pwa__description\">Ajoutez Numerama \u00e0 votre \u00e9cran d&rsquo;accueil et restez connect\u00e9s au futur !<\/p>\n<p>            <img decoding=\"async\" src=\"https:\/\/www.numerama.com\/wp-content\/themes\/numerama-next\/assets\/images\/premium\/logo-card-pwa-coupe.svg\" alt=\"Logo PWA\"\/><\/p>\n<p>       Installer Numerama<\/p>\n","protected":false},"excerpt":{"rendered":"Une \u00e9tude publi\u00e9e dans Nature le 6 ao\u00fbt pourrait bien changer la mani\u00e8re de traiter la maladie d\u2019Alzheimer,&hellip;\n","protected":false},"author":2,"featured_media":306251,"comment_status":"","ping_status":"","sticky":false,"template":"","format":"standard","meta":{"footnotes":""},"categories":[10],"tags":[772,231,12739,7078,1011,27,72,6699,226,44683,71],"class_list":{"0":"post-306250","1":"post","2":"type-post","3":"status-publish","4":"format-standard","5":"has-post-thumbnail","7":"category-sante","8":"tag-alzheimer","9":"tag-cerveau","10":"tag-corps-humain","11":"tag-etude","12":"tag-fr","13":"tag-france","14":"tag-health","15":"tag-lithium","16":"tag-maladie","17":"tag-neuro","18":"tag-sante"},"share_on_mastodon":{"url":"https:\/\/pubeurope.com\/@fr\/114996027512818249","error":""},"_links":{"self":[{"href":"https:\/\/www.europesays.com\/fr\/wp-json\/wp\/v2\/posts\/306250","targetHints":{"allow":["GET"]}}],"collection":[{"href":"https:\/\/www.europesays.com\/fr\/wp-json\/wp\/v2\/posts"}],"about":[{"href":"https:\/\/www.europesays.com\/fr\/wp-json\/wp\/v2\/types\/post"}],"author":[{"embeddable":true,"href":"https:\/\/www.europesays.com\/fr\/wp-json\/wp\/v2\/users\/2"}],"replies":[{"embeddable":true,"href":"https:\/\/www.europesays.com\/fr\/wp-json\/wp\/v2\/comments?post=306250"}],"version-history":[{"count":0,"href":"https:\/\/www.europesays.com\/fr\/wp-json\/wp\/v2\/posts\/306250\/revisions"}],"wp:featuredmedia":[{"embeddable":true,"href":"https:\/\/www.europesays.com\/fr\/wp-json\/wp\/v2\/media\/306251"}],"wp:attachment":[{"href":"https:\/\/www.europesays.com\/fr\/wp-json\/wp\/v2\/media?parent=306250"}],"wp:term":[{"taxonomy":"category","embeddable":true,"href":"https:\/\/www.europesays.com\/fr\/wp-json\/wp\/v2\/categories?post=306250"},{"taxonomy":"post_tag","embeddable":true,"href":"https:\/\/www.europesays.com\/fr\/wp-json\/wp\/v2\/tags?post=306250"}],"curies":[{"name":"wp","href":"https:\/\/api.w.org\/{rel}","templated":true}]}}