{"id":306254,"date":"2025-08-09T00:42:11","date_gmt":"2025-08-09T00:42:11","guid":{"rendered":"https:\/\/www.europesays.com\/fr\/306254\/"},"modified":"2025-08-09T00:42:11","modified_gmt":"2025-08-09T00:42:11","slug":"alain-delon-letrange-attitude-danthony-anouchka-et-alain-fabien-pour-lanniversaire-de-sa-mort","status":"publish","type":"post","link":"https:\/\/www.europesays.com\/fr\/306254\/","title":{"rendered":"Alain Delon : l\u2019\u00e9trange attitude d\u2019Anthony, Anouchka et Alain-Fabien pour l\u2019anniversaire de sa mort"},"content":{"rendered":"<p>Dans quelques jours, cela fera un an qu\u2019<a href=\"https:\/\/www.closermag.fr\/people\/alain-delon-cette-femme-est-cette-supplique-au-sujet-brigitte-bardot-quil-a-eue-avant-de-mourir-3569518\" rel=\"nofollow noopener\" target=\"_blank\">Alain<br \/>\nDelon<\/a> nous a quitt\u00e9s. \u00c0 cette occasion, la commune de <a href=\"https:\/\/www.closermag.fr\/people\/alain-delon-pas-le-meme-homme-a-douchy-les-habitants-racontent-son-autre-facette-3568914\" rel=\"nofollow noopener\" target=\"_blank\"><br \/>\nDouchy<\/a> pr\u00e9voit un <strong>hommage<\/strong> sp\u00e9cial. Dans ce<br \/>\nvillage, il y a v\u00e9cu pr\u00e8s de <strong>50 ans<\/strong> et o\u00f9 il y est<br \/>\n<strong>enterr\u00e9<\/strong>. Une c\u00e9r\u00e9monie en deux temps aura lieu le<br \/>\n18 ao\u00fbt. <strong>Rebaptiser le stade communal \u00e0 son nom<\/strong> et<br \/>\nprojeter un <strong>documentaire<\/strong> in\u00e9dit retra\u00e7ant ses<br \/>\n<strong>liens avec le village.<\/strong><\/p>\n<p>Mais si la ville de Douchy s\u2019appr\u00eate \u00e0 honorer la<br \/>\n<strong>m\u00e9moire<\/strong> de l\u2019ic\u00f4ne du cin\u00e9ma fran\u00e7ais, un<br \/>\n<strong>doute<\/strong> plane sur un point essentiel. La<br \/>\n<strong>pr\u00e9sence<\/strong> ou non de ses trois enfants, <a href=\"https:\/\/www.closermag.fr\/people\/alain-delon-a-douchy-la-guerre-de-ses-enfants-sur-pause-pour-un-moment-particulier-3569353\" rel=\"nofollow noopener\" target=\"_blank\"><br \/>\nAnthony, Anouchka et Alain-Fabien Delo<\/a>n. Un<br \/>\n<strong>silence<\/strong> qui interroge \u00e0 l\u2019approche de cet hommage<br \/>\ntr\u00e8s attendu.<\/p>\n<p>\u201cJe n\u2019ai pas r\u00e9ussi \u00e0 les contacter\u2019\u2019 : la<br \/>\nr\u00e9alisatrice du documentaire sur Alain Delon dans le flou<\/p>\n<p>Ghislaine Graillet, <strong>r\u00e9alisatrice<\/strong> du<br \/>\ndocumentaire Delon-Douchy, s\u2019est confi\u00e9e \u00e0 <a href=\"https:\/\/www.telestar.fr\/people\/exclu-alain-delon-un-an-apres-sa-mort-le-silence-etrange-et-pesant-de-ses-trois-enfants-1734295\" rel=\"nofollow noopener\" target=\"_blank\"><br \/>\nT\u00e9l\u00e9 Star<\/a> sur les <strong>difficult\u00e9s<\/strong><br \/>\nrencontr\u00e9es avec la famille Delon.\u00a0\u201cJ\u2019ai essay\u00e9 de<br \/>\n<strong>les contacter mais je n\u2019ai pas r\u00e9ussi \u00e0 avoir un des<br \/>\ntrois enfants<\/strong>.\u2019\u2019 explique-t-elle. Elle pr\u00e9cise que le<br \/>\nmaire de Douchy a <strong>\u00e9chang\u00e9<\/strong> avec <a href=\"https:\/\/www.closermag.fr\/people\/heritage-dalain-delon-alain-fabien-totalement-lache-par-sa-mere-rosalie-van-breemen-la-confiance-est-rompue-3515543\" rel=\"nofollow noopener\" target=\"_blank\"><br \/>\nAlain-Fabien Delon<\/a> et qu\u2019<a href=\"https:\/\/www.closermag.fr\/people\/anthony-delon-a-douchy-son-constat-amer-sur-la-guerre-familiale-3568314\" rel=\"nofollow noopener\" target=\"_blank\">Anthony<br \/>\nDelon<\/a> aurait vu le film et l\u2019aurait <strong>appr\u00e9ci\u00e9<\/strong>.<br \/>\nMais \u00e0 ce jour, aucun des enfants n\u2019a <strong>confirm\u00e9 publiquement<br \/>\nsa venue.<\/strong><\/p>\n<p>Cette incertitude <strong>contraste<\/strong> avec<br \/>\n<strong>l\u2019importance de l\u2019\u00e9v\u00e9nement<\/strong> pour rendre hommage \u00e0<br \/>\nAlain Delon. \u201c<strong>C\u2019est une lettre d\u2019amour \u00e0<br \/>\nDelon<\/strong>.\u2019\u2019 insiste la r\u00e9alisatrice qui a<br \/>\n<strong>financ\u00e9 ce projet sans producteur.<\/strong> L\u2019absence de<br \/>\ncommunication des enfants reste un vrai <strong>regret<\/strong>.<br \/>\nMais elle ajoute que les <strong>b\u00e9n\u00e9fices<\/strong> de la<br \/>\nprojection seront revers\u00e9s \u00e0 une <strong>association culturelle<br \/>\nlocale.<\/strong><\/p>\n<p>Un hommage dans un contexte familial<br \/>\ntendu<\/p>\n<p>Au-del\u00e0 de l\u2019\u00e9v\u00e9nement, ce <strong>flou<\/strong> autour de leur<br \/>\n<strong>pr\u00e9sence<\/strong> s\u2019inscrit dans un <strong>climat familial<br \/>\ncomplexe<\/strong>. Comme le rappelle T\u00e9l\u00e9 Star, la<br \/>\n<strong>succession<\/strong> d\u2019Alain Delon fait encore l\u2019objet de<br \/>\n<strong>tensions<\/strong> entre ses enfants. Un second<br \/>\n<strong>testament<\/strong> d\u00e9signerait <a href=\"https:\/\/www.closermag.fr\/people\/anouchka-delon-separee-de-julien-remiens-apres-un-message-sans-equivoque-sa-reponse-bien-sentie-3568721\" rel=\"nofollow noopener\" target=\"_blank\"><br \/>\nAnouchka Delon<\/a> comme seule <strong>h\u00e9riti\u00e8re du droit<br \/>\nmoral.<\/strong> Cela aurait attis\u00e9 les <strong>rivalit\u00e9s<\/strong><br \/>\navec ses fr\u00e8res.<\/p>\n<p>Autre dossier sensible : la possible <strong>reconnaissance de<br \/>\nfiliation<\/strong> des enfants d\u2019<a href=\"https:\/\/www.closermag.fr\/people\/ari-boulogne-pourquoi-le-fils-suppose-dalain-delon-a-ete-discretement-enterre-deux-mois-apres-sa-mort-3331510\" rel=\"nofollow noopener\" target=\"_blank\">Ari<br \/>\nBoulogne<\/a>, d\u00e9c\u00e9d\u00e9 en 2023. Cela pourrait bouleverser<br \/>\n<strong>l\u2019\u00e9quilibre de l\u2019h\u00e9ritage<\/strong>. Dans ce contexte, leur<br \/>\n<strong>absence<\/strong>, si elle se confirme le 18 ao\u00fbt, pourrait<br \/>\nr\u00e9sonner comme un sympt\u00f4me d\u2019un <strong>malaise profond au sein du<br \/>\nclan Delon.<\/strong><\/p>\n","protected":false},"excerpt":{"rendered":"Dans quelques jours, cela fera un an qu\u2019Alain Delon nous a quitt\u00e9s. \u00c0 cette occasion, la commune de&hellip;\n","protected":false},"author":2,"featured_media":306255,"comment_status":"","ping_status":"","sticky":false,"template":"","format":"standard","meta":{"footnotes":""},"categories":[8],"tags":[5960,15944,19718,22608,548,58,59,1011,27],"class_list":{"0":"post-306254","1":"post","2":"type-post","3":"status-publish","4":"format-standard","5":"has-post-thumbnail","7":"category-divertissement","8":"tag-alain-delon","9":"tag-alain-fabien-delon","10":"tag-anouchka-delon","11":"tag-anthony-delon","12":"tag-article-simple","13":"tag-divertissement","14":"tag-entertainment","15":"tag-fr","16":"tag-france"},"share_on_mastodon":{"url":"https:\/\/pubeurope.com\/@fr\/114996035330132309","error":""},"_links":{"self":[{"href":"https:\/\/www.europesays.com\/fr\/wp-json\/wp\/v2\/posts\/306254","targetHints":{"allow":["GET"]}}],"collection":[{"href":"https:\/\/www.europesays.com\/fr\/wp-json\/wp\/v2\/posts"}],"about":[{"href":"https:\/\/www.europesays.com\/fr\/wp-json\/wp\/v2\/types\/post"}],"author":[{"embeddable":true,"href":"https:\/\/www.europesays.com\/fr\/wp-json\/wp\/v2\/users\/2"}],"replies":[{"embeddable":true,"href":"https:\/\/www.europesays.com\/fr\/wp-json\/wp\/v2\/comments?post=306254"}],"version-history":[{"count":0,"href":"https:\/\/www.europesays.com\/fr\/wp-json\/wp\/v2\/posts\/306254\/revisions"}],"wp:featuredmedia":[{"embeddable":true,"href":"https:\/\/www.europesays.com\/fr\/wp-json\/wp\/v2\/media\/306255"}],"wp:attachment":[{"href":"https:\/\/www.europesays.com\/fr\/wp-json\/wp\/v2\/media?parent=306254"}],"wp:term":[{"taxonomy":"category","embeddable":true,"href":"https:\/\/www.europesays.com\/fr\/wp-json\/wp\/v2\/categories?post=306254"},{"taxonomy":"post_tag","embeddable":true,"href":"https:\/\/www.europesays.com\/fr\/wp-json\/wp\/v2\/tags?post=306254"}],"curies":[{"name":"wp","href":"https:\/\/api.w.org\/{rel}","templated":true}]}}