{"id":306260,"date":"2025-08-09T00:45:16","date_gmt":"2025-08-09T00:45:16","guid":{"rendered":"https:\/\/www.europesays.com\/fr\/306260\/"},"modified":"2025-08-09T00:45:16","modified_gmt":"2025-08-09T00:45:16","slug":"une-americaine-meurt-apres-setre-retrouvee-coincee-dans-un-bac-de-collecte-de-vetements-le-parisien","status":"publish","type":"post","link":"https:\/\/www.europesays.com\/fr\/306260\/","title":{"rendered":"Une Am\u00e9ricaine meurt apr\u00e8s s\u2019\u00eatre retrouv\u00e9e coinc\u00e9e dans un bac de collecte de v\u00eatements &#8211; Le Parisien"},"content":{"rendered":"<ol>\n<li><a href=\"https:\/\/news.google.com\/rss\/articles\/CBMi_AFBVV95cUxOMzFXbHQwYUtmSlNwRnJFaWhUenU0QVB4LVg1UnI5RFltSUo0c0dQYjNBdEJqNXhoQXJEdlliNF8ta0dzTmszV1ZhQmlHNVJDX3N2MzBZbHNmdHR1cTdncTFMQU1FdHBLdHNfcTJwZkRoaHI5aHhRREhxTUxCVVVIR0dXXzZBSGg0b01TM3ZvREVKWTZqa3dfeF9kTzcxSzRnRGFJTV9ELTZLaXFOSXhYVGNpU0ZsTk4yUVU5aHpFandPZllGM3ZRQVUweWZTMWR3aEpfZWFDN0NTUEhVeGZDR2xHLTZhSGFTblJoS2p4U0hPbzhlOExFZW5GYWc?oc=5\" target=\"_blank\" rel=\"nofollow noopener\">Une Am\u00e9ricaine meurt apr\u00e8s s\u2019\u00eatre retrouv\u00e9e coinc\u00e9e dans un bac de collecte de v\u00eatements<\/a>&nbsp;&nbsp;Le Parisien<\/li>\n<li><a href=\"https:\/\/news.google.com\/rss\/articles\/CBMixAFBVV95cUxQY3hEaDZYQzRDMDBERGRLR1lBbEhMaW1kNkl3RXg3MjNYQmpXU2FpNW9EU3NRYzFrY1kyQWNpREJKcmNRMVBlRVQxNXV3UEpZNHp4dVg1blBPSFVqakxnQmk4cTY4ejE0YjlQREFNVDg4OC1hS3pkeVQ2QzVsM0JkQVc2UnpJdzN6VzBKUng2ajEwSENoTkpROVI5YXhzX3lSMVRMQTd0N0JSQ25fdENzcndaTjlMdzRReFR3ZlJxWmU0UWxf?oc=5\" target=\"_blank\" rel=\"nofollow noopener\">Elle meurt apr\u00e8s s\u2019\u00eatre retrouv\u00e9e coinc\u00e9e dans un conteneur \u00e0 v\u00eatements<\/a>&nbsp;&nbsp;20 Minutes<\/li>\n<li><a href=\"https:\/\/news.google.com\/rss\/articles\/CBMi4gFBVV95cUxON2lqU3BURmpxLXZFRFRNY3luWE9iMmFkbHlseVZZYnI5UEs5dWRYT1ZkSGZMNnM2Z2xNUkhhSzR5OVpqcUE1aVQxYnZzNmtsMEc5Zy1FQXduOERlUEpOd1pSbVdxcnNNYmFpbEtPcFhlNTFZbVZFdklDbzRJMms2UnVzSUp6T1R1cExNTjZxLXVpTXdQWFdyd2F5TDZrTmtkYVYyT042WVBERFlkcVc1VkcxSUw5M0ExcmN0WDR4X3ZOWFNjT2ZkdXBiX3RsS3VlV05JS1FQV1ppVFY4SEZwbGhR?oc=5\" target=\"_blank\" rel=\"nofollow noopener\">Coinc\u00e9e dans un conteneur \u00e0 v\u00eatements, une femme retrouv\u00e9e sans vie<\/a>&nbsp;&nbsp;Ouest-France<\/li>\n<li><a href=\"https:\/\/news.google.com\/rss\/articles\/CBMi8gFBVV95cUxNNGZaZ1pxZTdQeURHLWNQRldJZk91UzFUUjBOZVhORTFrVFNIdHdBclNNdkpyczBMclp5MV9ZcF9ySVlOM2NUa3dqRVlmVDJLaGFNcGRyUm1tNXlCTzZjQkltVGxndDEyTW1CMDJWN200WndHZHM5dmZsUzVVN3BSSVdEY1FEM0xqUHIwd3lzZXpYdWRKUm5kcjNIbEozcWF3RmFORGgwQ3NrcFRWTUNxRlZlTUlsTUhwbjI2MG95WWd3QjRyS3lHOHowbWNYbjR1VDVjWEQ0Zm84d2RwQmo5LTFnSEZjUDRibFNOcjg1S2Q5Zw?oc=5\" target=\"_blank\" rel=\"nofollow noopener\">Elle fouille un conteneur pour tenter de r\u00e9cup\u00e9rer des v\u00eatements : une femme reste coinc\u00e9e par la trappe et meurt<\/a>&nbsp;&nbsp;Midi Libre<\/li>\n<li><a href=\"https:\/\/news.google.com\/rss\/articles\/CBMizgFBVV95cUxPSmpabXBlZ3lCLU1TSnF0LXA5Z0R3QXRmZWNTWU9SYmI4VmVFOG42SEdhcXVmRTczbGpRbURGMm9nS3RLWXFMekxYNWozRkgyT3ozVjJITUFHWGxyVTJnc0kxd2xFOGsycWZGTzVuLVBjVVFaa3k5SHFoNFdrTDJDVVJlSlZpUklza2tvY29CWGd5S1NwN1NFVW9kX1VqbGNoV2w0MlctRUh3eVlVOGU0NGZNeC1aS040MVYxZGpQclkxQldIejg2eFpYbXdFQQ?oc=5\" target=\"_blank\" rel=\"nofollow noopener\">Une femme meurt coinc\u00e9e dans un conteneur de dons de v\u00eatements aux \u00c9tats-Unis<\/a>&nbsp;&nbsp;lanouvellerepublique.fr<\/li>\n<\/ol>\n","protected":false},"excerpt":{"rendered":"Une Am\u00e9ricaine meurt apr\u00e8s s\u2019\u00eatre retrouv\u00e9e coinc\u00e9e dans un bac de collecte de v\u00eatements&nbsp;&nbsp;Le Parisien Elle meurt apr\u00e8s&hellip;\n","protected":false},"author":2,"featured_media":1445,"comment_status":"","ping_status":"","sticky":false,"template":"","format":"standard","meta":{"footnotes":""},"categories":[5],"tags":[11,1011,27,14,12,28],"class_list":{"0":"post-306260","1":"post","2":"type-post","3":"status-publish","4":"format-standard","5":"has-post-thumbnail","7":"category-international","8":"tag-actualites","9":"tag-fr","10":"tag-france","11":"tag-international","12":"tag-news","13":"tag-world"},"share_on_mastodon":{"url":"https:\/\/pubeurope.com\/@fr\/114996047096169352","error":""},"_links":{"self":[{"href":"https:\/\/www.europesays.com\/fr\/wp-json\/wp\/v2\/posts\/306260","targetHints":{"allow":["GET"]}}],"collection":[{"href":"https:\/\/www.europesays.com\/fr\/wp-json\/wp\/v2\/posts"}],"about":[{"href":"https:\/\/www.europesays.com\/fr\/wp-json\/wp\/v2\/types\/post"}],"author":[{"embeddable":true,"href":"https:\/\/www.europesays.com\/fr\/wp-json\/wp\/v2\/users\/2"}],"replies":[{"embeddable":true,"href":"https:\/\/www.europesays.com\/fr\/wp-json\/wp\/v2\/comments?post=306260"}],"version-history":[{"count":0,"href":"https:\/\/www.europesays.com\/fr\/wp-json\/wp\/v2\/posts\/306260\/revisions"}],"wp:featuredmedia":[{"embeddable":true,"href":"https:\/\/www.europesays.com\/fr\/wp-json\/wp\/v2\/media\/1445"}],"wp:attachment":[{"href":"https:\/\/www.europesays.com\/fr\/wp-json\/wp\/v2\/media?parent=306260"}],"wp:term":[{"taxonomy":"category","embeddable":true,"href":"https:\/\/www.europesays.com\/fr\/wp-json\/wp\/v2\/categories?post=306260"},{"taxonomy":"post_tag","embeddable":true,"href":"https:\/\/www.europesays.com\/fr\/wp-json\/wp\/v2\/tags?post=306260"}],"curies":[{"name":"wp","href":"https:\/\/api.w.org\/{rel}","templated":true}]}}