{"id":306266,"date":"2025-08-09T00:50:42","date_gmt":"2025-08-09T00:50:42","guid":{"rendered":"https:\/\/www.europesays.com\/fr\/306266\/"},"modified":"2025-08-09T00:50:42","modified_gmt":"2025-08-09T00:50:42","slug":"custines-les-travaux-de-la-future-ombriere-du-parking-du-deriste-avancent-bien","status":"publish","type":"post","link":"https:\/\/www.europesays.com\/fr\/306266\/","title":{"rendered":"Custines. Les travaux de la future ombri\u00e8re du parking du D\u00e9rist\u00e9 avancent bien"},"content":{"rendered":"<p>Les travaux de la future ombri\u00e8re au parking du D\u00e9rist\u00e9 prennent forme. La structure m\u00e9tallique qui doit recevoir la prochaine installation photovolta\u00efque de la commune vient d\u2019\u00eatre achev\u00e9e. Les fondations ont \u00e9t\u00e9 r\u00e9alis\u00e9es par l\u2019entreprise Julien Ferreira, et la fabrication et l\u2019assemblage de la structure ont \u00e9t\u00e9 confi\u00e9s \u00e0 la soci\u00e9t\u00e9 Acometal. Prochaine \u00e9tape\u00a0: pose des panneaux photovolta\u00efques.<\/p>\n","protected":false},"excerpt":{"rendered":"Les travaux de la future ombri\u00e8re au parking du D\u00e9rist\u00e9 prennent forme. La structure m\u00e9tallique qui doit recevoir&hellip;\n","protected":false},"author":2,"featured_media":306267,"comment_status":"","ping_status":"","sticky":false,"template":"","format":"standard","meta":{"footnotes":""},"categories":[9635],"tags":[1111,11,4749,13561,37367,33,1704,1777,674,1011,27,775,1702,12,25],"class_list":{"0":"post-306266","1":"post","2":"type-post","3":"status-publish","4":"format-standard","5":"has-post-thumbnail","7":"category-nancy","8":"tag-actu","9":"tag-actualites","10":"tag-btp-et-chantiers","11":"tag-cc-du-bassin-de-pompey-54b2","12":"tag-custines","13":"tag-economie","14":"tag-edition-nancy-et-agglomeration","15":"tag-eu","16":"tag-europe","17":"tag-fr","18":"tag-france","19":"tag-grand-est","20":"tag-nancy","21":"tag-news","22":"tag-republique-francaise"},"share_on_mastodon":{"url":"https:\/\/pubeurope.com\/@fr\/114996066724796888","error":""},"_links":{"self":[{"href":"https:\/\/www.europesays.com\/fr\/wp-json\/wp\/v2\/posts\/306266","targetHints":{"allow":["GET"]}}],"collection":[{"href":"https:\/\/www.europesays.com\/fr\/wp-json\/wp\/v2\/posts"}],"about":[{"href":"https:\/\/www.europesays.com\/fr\/wp-json\/wp\/v2\/types\/post"}],"author":[{"embeddable":true,"href":"https:\/\/www.europesays.com\/fr\/wp-json\/wp\/v2\/users\/2"}],"replies":[{"embeddable":true,"href":"https:\/\/www.europesays.com\/fr\/wp-json\/wp\/v2\/comments?post=306266"}],"version-history":[{"count":0,"href":"https:\/\/www.europesays.com\/fr\/wp-json\/wp\/v2\/posts\/306266\/revisions"}],"wp:featuredmedia":[{"embeddable":true,"href":"https:\/\/www.europesays.com\/fr\/wp-json\/wp\/v2\/media\/306267"}],"wp:attachment":[{"href":"https:\/\/www.europesays.com\/fr\/wp-json\/wp\/v2\/media?parent=306266"}],"wp:term":[{"taxonomy":"category","embeddable":true,"href":"https:\/\/www.europesays.com\/fr\/wp-json\/wp\/v2\/categories?post=306266"},{"taxonomy":"post_tag","embeddable":true,"href":"https:\/\/www.europesays.com\/fr\/wp-json\/wp\/v2\/tags?post=306266"}],"curies":[{"name":"wp","href":"https:\/\/api.w.org\/{rel}","templated":true}]}}