{"id":306270,"date":"2025-08-09T00:53:19","date_gmt":"2025-08-09T00:53:19","guid":{"rendered":"https:\/\/www.europesays.com\/fr\/306270\/"},"modified":"2025-08-09T00:53:19","modified_gmt":"2025-08-09T00:53:19","slug":"baptiste-jauneau-un-cador-de-top-14-a-fait-une-offre-xxl","status":"publish","type":"post","link":"https:\/\/www.europesays.com\/fr\/306270\/","title":{"rendered":"Baptiste Jauneau, un cador de Top 14 a fait une offre XXL"},"content":{"rendered":"<p style=\"text-align: justify;\"><strong>TRANSFERTS \u2013 Selon le <a href=\"https:\/\/www.rugbyrama.fr\/2025\/08\/08\/info-midol-transferts-top-14-toulon-a-loffensive-sur-baptiste-jauneau-12867501.php\" rel=\"nofollow noopener\" target=\"_blank\">Midi Olympique<\/a>, le RC Toulon a fait une offre importante pour recruter Baptiste Jauneau, en fin de contrat \u00e0 Clermont en juin 2026.<\/strong><\/p>\n<p style=\"text-align: justify;\">Le march\u00e9 des demis de m\u00eal\u00e9e s\u2019agite. Selon les informations du Midi Olympique, le <a href=\"https:\/\/dicodusport.fr\/blog\/rc-toulon-quel-xv-type-et-quelle-rotation-pour-la-saison-2025-2026\/\" rel=\"nofollow noopener\" target=\"_blank\"><strong>RC Toulon<\/strong><\/a> a engag\u00e9 des discussions pour tenter d\u2019attirer <strong>Baptiste Jauneau<\/strong>, jeune international fran\u00e7ais \u00e9voluant \u00e0 l\u2019<a href=\"https:\/\/dicodusport.fr\/blog\/tag\/asm-clermont\/\" rel=\"nofollow noopener\" target=\"_blank\"><strong>ASM Clermont<\/strong><\/a>. Une offensive ambitieuse, avec une offre XXL, qui t\u00e9moigne des grandes man\u0153uvres en coulisses sur la Rade.<\/p>\n<p>Une cible rare sur le march\u00e9<\/p>\n<p style=\"text-align: justify;\">\u00c2g\u00e9 de 22 ans, <strong>Jauneau<\/strong> est consid\u00e9r\u00e9 comme l\u2019un des talents les plus prometteurs \u00e0 son poste. Sous contrat avec <strong>Clermont<\/strong> jusqu\u2019en juin 2026, il suscite l\u2019int\u00e9r\u00eat de plusieurs clubs, dont la <strong>Section Paloise<\/strong> et l\u2019<strong>UBB<\/strong>, mais les profils de ce calibre sont peu nombreux cette saison. Dans le Top 14, seuls lui et <strong>Baptiste Serin<\/strong>, \u00e9galement en fin de contrat en 2026, figurent parmi les num\u00e9ros 9 internationaux \u00e0 fort potentiel disponibles.<\/p>\n<p>Clermont veut le conserver, mais\u2026<\/p>\n<p style=\"text-align: justify;\">Toutefois, <a href=\"https:\/\/dicodusport.fr\/blog\/transferts-clermont-lavenir-de-baptiste-jauneau-toujours-en-suspens\/\" rel=\"nofollow noopener\" target=\"_blank\">l\u2019<strong>ASM Clermont<\/strong> n\u2019entend pas laisser filer sa p\u00e9pite<\/a>. Le club auvergnat souhaiterait prolonger son demi de m\u00eal\u00e9e num\u00e9ro un. Mais, malgr\u00e9 une offre int\u00e9ressante de la part des Jaunards, cette derni\u00e8re ne ferait pas concurrence \u00e0 celle du RCT. Une situation qui pourrait bien profiter au club varois donc.<\/p>\n<p style=\"text-align: justify;\">Si <strong>Jauneau<\/strong> venait \u00e0 poser ses valises sur la Rade, la hi\u00e9rarchie pourrait \u00eatre bouscul\u00e9e au RCT. L\u2019arriv\u00e9e d\u2019un concurrent direct pour <strong>Baptiste Serin<\/strong> pourrait relancer les sp\u00e9culations sur l\u2019avenir de l\u2019ancien joueur de l\u2019<strong>UBB<\/strong>, qui pourrait alors se tourner vers un nouveau projet. Pour rappel, <a href=\"https:\/\/dicodusport.fr\/blog\/transferts-toulon-un-club-de-top-14-veut-signer-baptiste-serin\/\" rel=\"nofollow noopener\" target=\"_blank\"><strong>Montpellier<\/strong> a d\u00e9j\u00e0 avanc\u00e9 ses pions<\/a> pour enr\u00f4ler le demi de m\u00eal\u00e9e international de 31 ans. Affaire \u00e0 suivre.<\/p>\n<p>\u00c0 ce sujet<br \/>\n<a href=\"https:\/\/dicodusport.fr\/blog\/transferts-rc-toulon-2025-arrivees-departs-et-prolongations\/\" class=\"vlp-link\" title=\"Transferts RC Toulon 2025 : Recrues, d\u00e9parts et prolongations\" rel=\"nofollow noopener\" target=\"_blank\"><img loading=\"lazy\" decoding=\"async\" style=\"max-width: 792px;\" width=\"792\" height=\"445\" class=\"attachment-800x445 size-800x445 perfmatters-lazy\" alt=\"Transferts Rugby Garry Ringrose, Mathis Fert\u00e9, Karim Ghezal, les infos du jeudi 5 d\u00e9cembre\" src=\"https:\/\/www.europesays.com\/fr\/wp-content\/uploads\/2025\/07\/Transferts-Rugby-Garry-Ringrose-Mathis-Ferte-Karim-Ghezal-les-infos-du-jeudi-5-decembre.png\"  data-\/><\/p>\n<p>Transferts RC Toulon 2025 : Recrues, d\u00e9parts et prolongations<\/p>\n<p>Arriv\u00e9es, d\u00e9parts et prolongations au RC Toulon<\/p>\n<p>Lire l&rsquo;article<\/p>\n<p>dicodusport.fr<\/p>\n","protected":false},"excerpt":{"rendered":"TRANSFERTS \u2013 Selon le Midi Olympique, le RC Toulon a fait une offre importante pour recruter Baptiste Jauneau,&hellip;\n","protected":false},"author":2,"featured_media":306271,"comment_status":"","ping_status":"","sticky":false,"template":"","format":"standard","meta":{"footnotes":""},"categories":[9619],"tags":[1111,11,22426,44684,2113,1777,674,1011,27,12,882,25,2310,477],"class_list":{"0":"post-306270","1":"post","2":"type-post","3":"status-publish","4":"format-standard","5":"has-post-thumbnail","7":"category-toulon","8":"tag-actu","9":"tag-actualites","10":"tag-asm-clermont","11":"tag-baptiste-jauneau","12":"tag-breve","13":"tag-eu","14":"tag-europe","15":"tag-fr","16":"tag-france","17":"tag-news","18":"tag-provence-alpes-cote-dazur","19":"tag-republique-francaise","20":"tag-toulon","21":"tag-transferts-rugby"},"share_on_mastodon":{"url":"https:\/\/pubeurope.com\/@fr\/114996078409338309","error":""},"_links":{"self":[{"href":"https:\/\/www.europesays.com\/fr\/wp-json\/wp\/v2\/posts\/306270","targetHints":{"allow":["GET"]}}],"collection":[{"href":"https:\/\/www.europesays.com\/fr\/wp-json\/wp\/v2\/posts"}],"about":[{"href":"https:\/\/www.europesays.com\/fr\/wp-json\/wp\/v2\/types\/post"}],"author":[{"embeddable":true,"href":"https:\/\/www.europesays.com\/fr\/wp-json\/wp\/v2\/users\/2"}],"replies":[{"embeddable":true,"href":"https:\/\/www.europesays.com\/fr\/wp-json\/wp\/v2\/comments?post=306270"}],"version-history":[{"count":0,"href":"https:\/\/www.europesays.com\/fr\/wp-json\/wp\/v2\/posts\/306270\/revisions"}],"wp:featuredmedia":[{"embeddable":true,"href":"https:\/\/www.europesays.com\/fr\/wp-json\/wp\/v2\/media\/306271"}],"wp:attachment":[{"href":"https:\/\/www.europesays.com\/fr\/wp-json\/wp\/v2\/media?parent=306270"}],"wp:term":[{"taxonomy":"category","embeddable":true,"href":"https:\/\/www.europesays.com\/fr\/wp-json\/wp\/v2\/categories?post=306270"},{"taxonomy":"post_tag","embeddable":true,"href":"https:\/\/www.europesays.com\/fr\/wp-json\/wp\/v2\/tags?post=306270"}],"curies":[{"name":"wp","href":"https:\/\/api.w.org\/{rel}","templated":true}]}}