{"id":306278,"date":"2025-08-09T00:59:37","date_gmt":"2025-08-09T00:59:37","guid":{"rendered":"https:\/\/www.europesays.com\/fr\/306278\/"},"modified":"2025-08-09T00:59:37","modified_gmt":"2025-08-09T00:59:37","slug":"piolle-fait-exploser-la-grande-arnaque-de-laurence-ruffin-verts-lfi","status":"publish","type":"post","link":"https:\/\/www.europesays.com\/fr\/306278\/","title":{"rendered":"PIOLLE FAIT EXPLOSER LA GRANDE ARNAQUE de Laurence RUFFIN (Verts\/LFI)"},"content":{"rendered":"<p>Posted On 8 ao\u00fbt 2025 <\/p>\n<p>C&rsquo;est peu dire que Piolle perturbe son camp. Occupant l&rsquo;espace avec des propos outranciers, il plaque au sol\u00a0 sa candidate, <a href=\"https:\/\/grenoble-le-changement.fr\/2025\/08\/04\/la-liste-piolle-ruffin-plombee-par-les-declarations-du-maire-sortant\/\" data-wplink-edit=\"true\" target=\"_blank\" rel=\"noopener\">Laurence Ruffin qui n&rsquo;a plus d&rsquo;oxyg\u00e8ne.<\/a> Celle-ci ne peut que s&rsquo;inscrire dans sa roue et tous ses propos \u00e9ventuels sur \u00a0\u00bb l&rsquo;inventaire\u00a0\u00bb ou \u00ab\u00a0le nouvel \u00e9lan \u00a0\u00bb seront re\u00e7us soit comme une trahison, soit comme un mensonge tactique.<\/p>\n<p>La majorit\u00e9 sortante se trouve avec elle dans la situation de J\u00e9r\u00f4me Safar ( PS) en 2014 quand Michel Destot n&rsquo;avait pas d\u00e9gag\u00e9 la place pour lui. Le Premier Adjoint ne pouvait pas rompre sous peine de paraitre bien ingrat, d&rsquo;autant que la figure tut\u00e9laire \u00e9tait bien l\u00e0. Laurence Ruffin connait ce supplice chinois aggrav\u00e9 par le fait qu&rsquo;elle a \u00e9t\u00e9 choisie par le Grand Timonier contre d&rsquo;autres \u00e9lues en place, <a href=\"https:\/\/grenoble-le-changement.fr\/2025\/02\/02\/laurence-ruffin-margot-belair-et-lucille-lheureux-veulent-succeder-a-piolle\/\" target=\"_blank\" rel=\"noopener\">telles Lucille Lheureux, Margot Belair,<\/a> Maud Tavel qui sont ainsi humili\u00e9es apr\u00e8s avoir servi la cause et aval\u00e9 toutes les couleuvres.\u00a0<\/p>\n<p><a href=\"https:\/\/i2.wp.com\/grenoble-le-changement.fr\/wp-content\/uploads\/2025\/08\/Capture-de\u0301cran-2025-07-22-a\u0300-14.31.10.png?ssl=1\" rel=\"lightbox[83820] noopener\" target=\"_blank\"><img decoding=\"async\" data-id=\"83821\" src=\"https:\/\/i2.wp.com\/grenoble-le-changement.fr\/wp-content\/uploads\/2025\/08\/Capture-de\u0301cran-2025-07-22-a\u0300-14.31.10.png?resize=678%2C414&amp;ssl=1\" alt=\"\" class=\"wp-image-83821 jetpack-lazy-image\" data-recalc-dims=\"1\" data-lazy-src=\"https:\/\/i2.wp.com\/grenoble-le-changement.fr\/wp-content\/uploads\/2025\/08\/Capture-de\u0301cran-2025-07-22-a\u0300-14.31.10.png?resize=678%2C414&amp;is-pending-load=1#038;ssl=1\" \/><\/a><br \/>\nla candidate de Piolle a lanc\u00e9 sa campagne dans \u00a0\u00bb Basta\u00a0\u00bb une revue d&rsquo;extr\u00eame gauche install\u00e9e \u00e0 Montreuil&#8230; <\/p>\n<p><strong>LE GRAND N&rsquo;IMPORTE QUOI DES TAUX DE HLM<\/strong><\/p>\n<p>Sa sortie sur \u00ab\u00a0les ghettos de riches \u00a0\u00bb continue de faire des vaguelettes, a mis dans l&#8217;embarras toute la galaxie,\u00a0 dress\u00e9 un peu plus les grenoblois contre la municipalit\u00e9 . D&rsquo;autant que pour s&rsquo;en sortir il s&rsquo;est enfonc\u00e9,\u00a0 annon\u00e7ant \u00a0\u00bb 45 % de logements sociaux dans les nouvelles constructions\u00a0\u00bb.\u00a0 Le grand n&rsquo;importe quoi.<\/p>\n<p><strong>LES TAUX D\u00c9PASSENT LES 50 % DANS LES \u00ab\u00a0\u00c9COQUARTIERS\u00a0\u00bb<\/strong><\/p>\n<p>D&rsquo;abord parce que ces taux sont ceux qui sont appliqu\u00e9s actuellement par la municipalit\u00e9 dans les nouveaux quartiers ou le foncier \u00e9tait disponible: en l&rsquo;\u00e9tat de <a href=\"https:\/\/grenoble-le-changement.fr\/2024\/04\/06\/presquile-jean-mace-lenfumage-municipal\/\" target=\"_blank\" rel=\"noopener\">la r\u00e9alisation de la Presqu&rsquo;ile<\/a> ( 1834 logements livr\u00e9s) on est d\u00e9j\u00e0 \u00e0 40 % de HLM. <a href=\"https:\/\/grenoble-le-changement.fr\/2022\/02\/19\/flaubert-un-nouvel-arlequin-questionne-le-dl\/\" target=\"_blank\" rel=\"noopener\">A Flaubert sur les 604 logements livr\u00e9s<\/a> ( sur les 2000 de l&rsquo;op\u00e9ration) on est \u00e0 50 % de HLM, \u00e0 Blanche Monier, <a href=\"https:\/\/grenoble-le-changement.fr\/2025\/03\/06\/betonnage-de-grenoble-lile-verte-resiste\/\" target=\"_blank\" rel=\"noopener\">la nouvelle \u00ab\u00a0Ile verte\u00a0\u00bb,<\/a>\u00a0 sur 272 Logements livr\u00e9s on <a href=\"https:\/\/grenoble-le-changement.fr\/2023\/07\/18\/esplanade-900-logements-construits-dans-lenfer-du-bruit\/\" target=\"_blank\" rel=\"noopener\">est \u00e0 45 % de HLM et \u00e0 l&rsquo;esplanade<\/a> sur 237 logements livr\u00e9s ( sur les 900 pr\u00e9vus) on est \u00e0 40 % de logements sociaux. Ces chiffres figurent dans le rapport pr\u00e9sent\u00e9 au Conseil Municipal le 13 juin dernier par Nicolas Beron-Perez ( PCF) et Margot Belair ( Verts\/LFI).\u00a0<\/p>\n<p><strong>LA PAUP\u00c9RISATION IMMOBILI\u00c9RE S&rsquo;ACC\u00c9L\u00c9RE<\/strong><\/p>\n<p>Dans tous ces quartiers , du fait des renoncements des op\u00e9rateurs priv\u00e9s au fur et \u00e0 mesure de la baisse des prix,<a href=\"https:\/\/grenoble-le-changement.fr\/2025\/06\/18\/25-de-logements-sociaux-piolle-jubile-pendant-que-grenoble-senfonce\/\" target=\"_blank\" rel=\"noopener\"> les taux de HLM<\/a> d\u00e9passeront largement les 50 % de HLM si cette municipalit\u00e9 reste en place. Ils connaitront le m\u00eame sort que les quartiers pr\u00e9c\u00e9dents au fil du temps : des plus ab\u00eem\u00e9s pour les plus anciens ( Villeneuve, Lys Rouge, l&rsquo;Alma, Village Olympique &#8230;) jusqu&rsquo;\u00e0 Vigny-Musset aujourd&rsquo;hui auquel ressemblent d\u00e9j\u00e0 Flaubert et Presqu&rsquo;ile car<a href=\"https:\/\/grenoble-le-changement.fr\/2025\/04\/10\/logement-la-pauperisation-de-la-ville-saccelere\/\" target=\"_blank\" rel=\"noopener\"> la paup\u00e9risation immobili\u00e8re<\/a> s&rsquo;acc\u00e9l\u00e8re par la baisse continue de la valeur des biens\u00a0<\/p>\n<p><img decoding=\"async\" data-id=\"50292\" src=\"https:\/\/i2.wp.com\/grenoble-le-changement.fr\/wp-content\/uploads\/2021\/11\/Lys-Rouge-BMW-HLM-delinquance.jpg?w=678&amp;ssl=1\" alt=\"\" class=\"wp-image-50292 jetpack-lazy-image\" data-recalc-dims=\"1\" data-lazy-src=\"https:\/\/www.europesays.com\/fr\/wp-content\/uploads\/2025\/08\/Lys-Rouge-BMW-HLM-delinquance.jpg\" \/><br \/>\nDevant un HLM , au Lys Rouge , les attributions irresponsables de logements et la municipalit\u00e9 qui ferme les yeux aboutit \u00e0 cette situation&#8230;<\/p>\n<p><strong>LES DERNIERS ESPACES DE RESPIRATION PEUVENT DISPARAITRE<\/strong><\/p>\n<p>En annon\u00e7ant 5000 Logements suppl\u00e9mentaires pour atteindre 30 % de HLM, Laurence Ruffin s&rsquo;est mise dans un corner. Un grenoblois, auditeur de RTL, cherchait ou la municipalit\u00e9\u00a0 pouvait encore en construire et \u00e9voquait hier matin la Banque de France , bd Edouard Rey\u00a0 qui pouvait \u00eatre transform\u00e9e en HLM.\u00a0 Il reste bien ici ou la quelques espaces de respiration qui peuvent \u00eatre b\u00e9tonis\u00e9s \u00e0 leur tour.\u00a0<\/p>\n<p><strong>Jean MACE : LE PARC TARZE POURRAIT \u00caTRE URBANIS\u00c9 \u00e0 100 % ?<\/strong><\/p>\n<p>Quartier\u00a0 jean Mac\u00e9 ,<a href=\"https:\/\/grenoble-le-changement.fr\/2021\/10\/31\/tarze-e-piolle-veut-toujours-urbaniser-un-tiers-du-parc\/\" target=\"_blank\" rel=\"noopener\">le modeste jardin Tarze\u00a0 de 5000 M2<\/a> est amput\u00e9 pour construire : la municipalit\u00e9 pourrait d\u00e9cider de l&rsquo;urbaniser compl\u00e8tement?\u00a0 En effet ,pourquoi qu&rsquo;\u00e0 moiti\u00e9?\u00a0 Mais il est \u00e9vident que le foncier pour 5000 HLM n&rsquo;existe pas \u00e0 Grenoble et dans le peu qui serait disponible, il faudrait construire 100 % de HLM pour pouvoir esp\u00e9rer atteindre un jour ce chiffre, pas 45%.\u00a0\u00a0<\/p>\n<p><strong>8000 LOCATAIRES DE HLM VEULENT QUITTER LEUR APPARTEMENT!<\/strong><\/p>\n<p>Ce qui ne r\u00e9soudrait rien pour les fameux &#8230;. 20 000 demandeurs de logements sociaux, un chiffre qui aurait donc augment\u00e9 <a href=\"https:\/\/grenoble-le-changement.fr\/2024\/11\/22\/logements-vacants-les-chiffres-qui-confirment-labsurdite-de-la-betonisation\/\" target=\"_blank\" rel=\"noopener\">depuis que les Rouge\/Verts sont au pouvoir<\/a> . Dont 8000 locataires sociaux qui veulent quitter leur logement actuel ! R\u00e9clamant des quartiers apais\u00e9s qui n&rsquo;existent plus nulle part dans Grenoble.\u00a0<\/p>\n<p><strong>COMBIEN D&rsquo;ADJOINTS AU MAIRE VIVENT DANS UNE MAISON INDIVIDUELLE?<\/strong><\/p>\n<p>Par respect pour la vie priv\u00e9e on ne dira pas combien d&rsquo;Adjoints au Maire vivent dans une maison individuelle . Mais on peut pr\u00e9ciser que deux d&rsquo;entre eux sont install\u00e9s dans le seul quartier con\u00e7u par une municipalit\u00e9 de droite, la municipalit\u00e9 Carignon , Reyni\u00e8s Bayard &#8211; soit 10 % de la municipalit\u00e9- tandis qu&rsquo;aucun n&rsquo;a choisi un \u00a0\u00bb \u00e9coquartier \u00a0\u00bb con\u00e7u par eux&#8230; L&rsquo;acquisition dans l&rsquo;urbanisme de gauche \u00e0 la mixit\u00e9 sociale d\u00e9s\u00e9quilibr\u00e9e, c&rsquo;est pour les autres, ceux qui seront spoli\u00e9s.\u00a0<\/p>\n<p><img decoding=\"async\" data-id=\"75163\" src=\"https:\/\/i0.wp.com\/grenoble-le-changement.fr\/wp-content\/uploads\/2024\/07\/flaubert-2.jpg?w=678&amp;ssl=1\" alt=\"\" class=\"wp-image-75163 jetpack-lazy-image\" data-recalc-dims=\"1\" data-lazy-src=\"https:\/\/www.europesays.com\/fr\/wp-content\/uploads\/2025\/08\/flaubert-2.jpg\" \/><\/p>\n<p><img decoding=\"async\" data-id=\"29151\" src=\"https:\/\/i0.wp.com\/grenoble-le-changement.fr\/wp-content\/uploads\/2018\/07\/Presquile-b\u00e9ton-.png?w=678&amp;ssl=1\" alt=\"\" class=\"wp-image-29151 jetpack-lazy-image\" data-recalc-dims=\"1\" data-lazy-src=\"https:\/\/i0.wp.com\/grenoble-le-changement.fr\/wp-content\/uploads\/2018\/07\/Presquile-b\u00e9ton-.png?w=678&amp;is-pending-load=1#038;ssl=1\" \/><\/p>\n<p><img decoding=\"async\" data-id=\"55043\" src=\"https:\/\/i1.wp.com\/grenoble-le-changement.fr\/wp-content\/uploads\/2022\/10\/Esplanade-beton-etrangers.q-scaled.jpg?w=678&amp;ssl=1\" alt=\"\" class=\"wp-image-55043 jetpack-lazy-image\" data-recalc-dims=\"1\" data-lazy-src=\"https:\/\/www.europesays.com\/fr\/wp-content\/uploads\/2025\/08\/Esplanade-beton-etrangers.q-scaled.jpg\" \/><br \/>\nFlaubert, Presqu&rsquo;ile, Esplanade &#8230; aucun \u00e9lu de la majorit\u00e9 Rouge\/Verts ne s&rsquo;installe dans les quartiers qu&rsquo;ils cr\u00e9ent , cette mixit\u00e9 l\u00e0 est bonne pour les autres <\/p>\n<p><strong>UN SILENCE G\u00caN\u00c9 DE LA PRESSE ET DES PARTIS DE GAUCHE<\/strong><\/p>\n<p>En lan\u00e7ant cette pol\u00e9mique pour faire parler de lui, Eric Piolle cr\u00e9e un champ de ruines dans son camp.\u00a0 Comme le rel\u00e8ve aussi Jean-Benoit Vigny ( DL du 7\/8\/25) la presse de gauche et les partis de gauche ont r\u00e9agi par un immense silence \u00e0 ses propos. Except\u00e9 \u00ab\u00a0Lib\u00e9ration\u00a0\u00bb qui s&rsquo;est fendu d&rsquo;un article mi ch\u00e8vre-mi chou. Nous avions dit nous-m\u00eames\u00a0 ( GLC du 4\/8\/25) la g\u00eane qu&rsquo;il a suscit\u00e9 chez ses amis.\u00a0 Il devient de plus en plus encombrant. Tous les journalistes qui ont effectu\u00e9 un micro-trottoir chez les grenoblois reconnaissent en off que la tonalit\u00e9 des r\u00e9actions est tr\u00e8s n\u00e9gative. Il n&rsquo;a trouv\u00e9 aucun d\u00e9fenseur. Outre les chaines Infos, le Figaro , <a target=\"_blank\" href=\"https:\/\/www.lepoint.fr\/debats\/casser-les-ghettos-de-riches-eric-piolle-au-coeur-d-une-polemique-06-08-2025-2595872_2.php#11\" rel=\"noopener\">m\u00eame \u00a0\u00bb Le Point\u00a0\u00bb a tacl\u00e9 Piolle<\/a> notant qu&rsquo;il a tent\u00e9 un r\u00e9trop\u00e9dalage maladroit sur RTL, ne sachant pas dire quels \u00ab\u00a0ghettos de riches \u00a0\u00bb il entendait casser.<\/p>\n<p><strong>Julien Dray ( ex D\u00e9put\u00e9 PS): \u00a0\u00bb PERSONNE NE VOUDRA VENIR VIVRE \u00e0 GRENOBLE\u00a0\u00bb<\/strong><\/p>\n<p>L&rsquo;ancien D\u00e9put\u00e9 PS Julien Dray a confirm\u00e9 sur C&rsquo;News\u00a0 que \u00ab la ville de Grenoble a longtemps \u00e9t\u00e9 une r\u00e9f\u00e9rence, une des plus belles villes de France. Mais elle n\u2019a fait que se d\u00e9grader. Je pr\u00e9f\u00e9rerais qu\u2019il commence par casser les ghettos sociaux plut\u00f4t que de faire fuir les classes moyennes [\u2026] Personne ne voudra venir vivre \u00e0 Grenoble. \u00bb<\/p>\n<p><strong>Hakim SABRI ( Verts\/Ades) : \u00a0\u00bb IL BRASSE DU VENT POUR FAIRE PARLER DE LUI\u00a0\u00bb<\/strong><\/p>\n<p>Tandis que Hakim Sabri , ex Adjoint aux Finances ( Verts\/Ades), \u00e9tait tr\u00e8s s\u00e9v\u00e8re sur les r\u00e9seaux : \u00a0\u00bb cette simple phrase ( d&rsquo;Eric Piolle) me met hors de moi. quand on ne connait rien \u00e0 la r\u00e9alit\u00e9 on raconte n&rsquo;importe quoi (&#8230;) comme d&rsquo;habitude il brasse du vent pour faire parler de lui \u00ab\u00a0.<\/p>\n<p><strong>LE MALHEUREUX S.GEMMANI ( PS) N&rsquo;A PAS TOUT COMPRIS\u00a0<\/strong><\/p>\n<p>Il ne s&rsquo;est trouv\u00e9 personne, sauf <a href=\"https:\/\/grenoble-le-changement.fr\/testimonial\/s-gemmani-la-girouette-saffole\/\" target=\"_blank\" rel=\"noopener\">le malheureux St\u00e9phane Gemmani (PS)<\/a> qui ne sait pas se taire et n&rsquo;a pas tout compris, \u00e9num\u00e9rant les communes de la M\u00e9tropole, oubliant que Laurence Ruffin veut construire 5000 HLM \u00e0 Grenoble. Pas \u00e0 Corenc ou elle ne le peut pas.\u00a0 Oubliant l&rsquo;\u00e9tat dans lequel la municipalit\u00e9 a mis les quartiers populaires. Au passage uniformiser le territoire M\u00e9tropolitain sur le mod\u00e8le des quartiers grenoblois ne parait pas \u00eatre un avenir \u00e0 souhaiter aux habitants.\u00a0 Mais on comprend qu&rsquo;il ait eu largement la parole &#8230;( DL du 7\/8\/25) Le bilan m\u00e9diatique est affligeant, le bilan \u00e9lectoral catastrophique, la classe moyenne grenobloise se sentant fustig\u00e9e.<\/p>\n<p><img decoding=\"async\" data-id=\"82597\" src=\"https:\/\/i0.wp.com\/grenoble-le-changement.fr\/wp-content\/uploads\/2025\/06\/Ruffin-divise-la-gauche-.png?w=678&amp;ssl=1\" alt=\"\" class=\"wp-image-82597 jetpack-lazy-image\" data-recalc-dims=\"1\" data-lazy-src=\"https:\/\/www.europesays.com\/fr\/wp-content\/uploads\/2025\/08\/Ruffin-divise-la-gauche-.png\" \/><br \/>\nLaurence Ruffin ( Verts\/LFI)  est sur un champ de mines <\/p>\n<p><strong>ELLE S&rsquo;INSCRIT DANS L&rsquo;ARC HUMANISTE DE PIOLLE&#8230;<\/strong><\/p>\n<p>Alors que dans \u00ab\u00a0Basta\u00a0\u00bb , une revue de Montreuil ,\u00a0 Laurence Ruffin avait enfil\u00e9 les perles habituelles pour annoncer sa candidature et <a href=\"https:\/\/grenoble-le-changement.fr\/2025\/06\/22\/les-piollistes-entament-les-combines-dappareil-autour-de-laurence-ruffin\/\" target=\"_blank\" rel=\"noopener\">tenter d&rsquo;\u00e9chapper au bilan et au concret.<\/a> Elle \u00ab\u00a0s&rsquo;inscrit tout \u00e0 fait dans cette dynamique de l&rsquo;arc humaniste d&rsquo;Eric Piolle \u00a0\u00bb (!) mais l\u2019id\u00e9e aujourd\u2019hui, c\u2019est aussi d\u2019ouvrir un nouveau front, pas de poursuivre un projet ancien\u00a0\u00bb\u00a0 expliquait le magazine d&rsquo;extr\u00eame gauche. \u00e7a tourne toujours autour du r\u00e9sum\u00e9 cynique de Piolle: \u00a0\u00ab\u00a0il va y avoir une rupture d&rsquo;incarnation, mais pas de rupture de ligne\u00a0\u00bb.\u00a0<\/p>\n<p><strong>&#8230; AVEC UN ARTIFICE DE COM&rsquo; POUR BERNER\u00a0<\/strong><\/p>\n<p>D&rsquo;ailleurs dans la liste du \u00a0\u00bb nouveau front \u00a0\u00bb \u00e0 ouvrir\u00a0 , rien de nouveau, seulement\u00a0 la r\u00e9p\u00e9tition de tous les Mantras couteux et verbeux de la majorit\u00e9 sortante . <a href=\"https:\/\/grenoble-le-changement.fr\/2025\/07\/19\/la-liste-piolle-ruffin-cest-comme-si-on-avait-deja-gagne-%ef%bf%bc\/\" target=\"_blank\" rel=\"noopener\">Seulement pour berner<\/a> , un artifice de com&rsquo; consistant \u00e0 pr\u00e9senter une liste \u00a0\u00bb plus repr\u00e9sentative ( merci pour les sortants !)\u00a0 \u00a0je propose de r\u00e9fl\u00e9chir pour Grenoble \u00e0 une parit\u00e9 sociale et \u00e0 une mixit\u00e9, comme le fait le PTB [Parti du travail de Belgique, ndlr], afin que nos \u00e9lus ressemblent vraiment \u00e0 la population\u00a0\u00bb .<\/p>\n<p><strong>LES GRENOBLOIS ATTENDENT UN TRAITEMENT DU FOND de la CRISE<\/strong><\/p>\n<p>Il s&rsquo;agirait de d\u00e9signer quelques adh\u00e9rents Verts\/LFI en les peignant d&rsquo;une qualification modeste pour que le tour soit jou\u00e9. <a href=\"https:\/\/grenoble-le-changement.fr\/2024\/11\/23\/laurence-ruffin-verts-lfi-petits-mensonges-et-gros-sabots\/\" target=\"_blank\" rel=\"noopener\">De qui se moque -t elle ?\u00a0<\/a> Les quartiers en feux, la ville enti\u00e8re, <a href=\"https:\/\/grenoble-le-changement.fr\/2025\/06\/24\/droit-dans-le-mur-la-trajectoire-financiere-de-piolle-ruffin-demontee\/\" target=\"_blank\" rel=\"noopener\">l&rsquo;asphyxie financi\u00e8re<\/a> attendent des solutions , pas des subterfuges et de l&rsquo;enfumage. Une large majorit\u00e9 entend d\u00e9sormais sortir de ces bavardages sur les formes , pour traiter le fond en crise.\u00a0<\/p>\n<p><strong>PIOLLE ENFERME SES CONTINUATEURS<\/strong><\/p>\n<p>Il sera impossible \u00e0 <a href=\"https:\/\/grenoble-le-changement.fr\/2025\/05\/26\/scop-alma-que-fait-laurence-ruffin-verts-lfi-des-2-5-millions-d-e-de-resultats\/\" target=\"_blank\" rel=\"noopener\">Laurence Ruffin de continuer \u00e0 planer<\/a> . Paradoxalement en se Trumpisant toujours plus , Eric Piolle\u00a0 supprime toutes les marges de manoeuvre \u00e0 ses continuateurs. Ils les enferme et les contraints \u00e0 sortir du bois. C&rsquo;est la meilleure \u00e9volution qui soit pour la qualit\u00e9 du d\u00e9bat. Pour que les citoyens puissent se prononcer en connaissance de cause.<\/p>\n<p>\u00a0<\/p>\n","protected":false},"excerpt":{"rendered":"Posted On 8 ao\u00fbt 2025 C&rsquo;est peu dire que Piolle perturbe son camp. Occupant l&rsquo;espace avec des propos&hellip;\n","protected":false},"author":2,"featured_media":306279,"comment_status":"","ping_status":"","sticky":false,"template":"","format":"standard","meta":{"footnotes":""},"categories":[9566],"tags":[1111,11,10127,2430,44685,9607,1777,674,1011,27,2731,26489,10307,10610,44686,10136,1739,10612,10613,34169,23075,12,24294,25,2700,24615],"class_list":{"0":"post-306278","1":"post","2":"type-post","3":"status-publish","4":"format-standard","5":"has-post-thumbnail","7":"category-grenoble","8":"tag-actu","9":"tag-actualites","10":"tag-ades","11":"tag-auvergne-rhone-alpes","12":"tag-basta","13":"tag-eric-piolle","14":"tag-eu","15":"tag-europe","16":"tag-fr","17":"tag-france","18":"tag-grenoble","19":"tag-hakim-sabri","20":"tag-jean-benoit-vigny","21":"tag-jerome-safar","22":"tag-julien-dray","23":"tag-laurence-ruffin","24":"tag-le-point","25":"tag-lucille-lheureux","26":"tag-margot-belair","27":"tag-maud-tavel","28":"tag-michel-destot","29":"tag-news","30":"tag-nicolas-beron-perez","31":"tag-republique-francaise","32":"tag-rtl","33":"tag-stephane-gemmani"},"share_on_mastodon":{"url":"https:\/\/pubeurope.com\/@fr\/114996102272327372","error":""},"_links":{"self":[{"href":"https:\/\/www.europesays.com\/fr\/wp-json\/wp\/v2\/posts\/306278","targetHints":{"allow":["GET"]}}],"collection":[{"href":"https:\/\/www.europesays.com\/fr\/wp-json\/wp\/v2\/posts"}],"about":[{"href":"https:\/\/www.europesays.com\/fr\/wp-json\/wp\/v2\/types\/post"}],"author":[{"embeddable":true,"href":"https:\/\/www.europesays.com\/fr\/wp-json\/wp\/v2\/users\/2"}],"replies":[{"embeddable":true,"href":"https:\/\/www.europesays.com\/fr\/wp-json\/wp\/v2\/comments?post=306278"}],"version-history":[{"count":0,"href":"https:\/\/www.europesays.com\/fr\/wp-json\/wp\/v2\/posts\/306278\/revisions"}],"wp:featuredmedia":[{"embeddable":true,"href":"https:\/\/www.europesays.com\/fr\/wp-json\/wp\/v2\/media\/306279"}],"wp:attachment":[{"href":"https:\/\/www.europesays.com\/fr\/wp-json\/wp\/v2\/media?parent=306278"}],"wp:term":[{"taxonomy":"category","embeddable":true,"href":"https:\/\/www.europesays.com\/fr\/wp-json\/wp\/v2\/categories?post=306278"},{"taxonomy":"post_tag","embeddable":true,"href":"https:\/\/www.europesays.com\/fr\/wp-json\/wp\/v2\/tags?post=306278"}],"curies":[{"name":"wp","href":"https:\/\/api.w.org\/{rel}","templated":true}]}}