{"id":306280,"date":"2025-08-09T01:05:25","date_gmt":"2025-08-09T01:05:25","guid":{"rendered":"https:\/\/www.europesays.com\/fr\/306280\/"},"modified":"2025-08-09T01:05:25","modified_gmt":"2025-08-09T01:05:25","slug":"les-lieux-insolites-de-rennes-memoire-mysteres-et-merveilles","status":"publish","type":"post","link":"https:\/\/www.europesays.com\/fr\/306280\/","title":{"rendered":"Les lieux insolites de Rennes\u00a0: m\u00e9moire, myst\u00e8res et merveilles"},"content":{"rendered":"<p style=\"text-align: justify;\">Rennes regorge de recoins m\u00e9connus, de monuments oubli\u00e9s et de tr\u00e9sors cach\u00e9s. De la Courrouze au centre-ville, en passant par des parcs secrets et des murs tagu\u00e9s, la capitale bretonne r\u00e9v\u00e8le une autre facette de son histoire. Tour d\u2019horizon de quelques lieux insolites, entre hommage, patrimoine et art contemporain.<\/p>\n<p><img fetchpriority=\"high\" decoding=\"async\" class=\"alignnone size-medium wp-image-40660\" src=\"https:\/\/www.europesays.com\/fr\/wp-content\/uploads\/2025\/08\/73-3-667x1000.jpg\" alt=\"\" width=\"400\" height=\"600\" data-wp-pid=\"40660\"  \/><\/p>\n<p style=\"text-align: justify;\"><b>Le quai des d\u00e9port\u00e9s\u00a0: un m\u00e9morial discret et tragique<\/b>. \u00ab\u2009Ce quai, personne ne le conna\u00eet. Et pourtant, il devrait faire partie des lieux de m\u00e9moire de tout Rennais\u00bb, confie un voisin. Situ\u00e9 en face de la maison des compagnons du Devoir, dans le quartier de la Courrouze, le quai des d\u00e9port\u00e9s longe la voie ferr\u00e9e. C\u2019est l\u00e0 que, dans la nuit du 2 au 3 ao\u00fbt 1944, les nazis firent partir le dernier train de d\u00e9portation de Rennes, avec \u00e0 son bord plus d\u2019un millier de prisonniers : r\u00e9sistants, soldats, alli\u00e9s, mais aussi d\u00e9serteurs allemands.<\/p>\n<p style=\"text-align: justify;\">Le m\u00e9morial, inaugur\u00e9 en 2015, prend la forme d\u2019un long quai de 130 m\u00e8tres bord\u00e9 de 29 plaques en bronze. Il c\u00f4toie des jardins partag\u00e9s et un bowl de skate. \u00ab\u2009Le 6 ao\u00fbt, le convoi est mitraill\u00e9 \u00e0 Langeais. Certains s\u2019\u00e9chappent. Puis, le 15, \u00e0 Belfort, 241 prisonniers, dont 70 femmes seront lib\u00e9r\u00e9s gr\u00e2ce \u00e0 Charly, un Alsacien incorpor\u00e9 de force. Les autres mourront sans savoir que Rennes avait \u00e9t\u00e9 lib\u00e9r\u00e9e le 4 ao\u00fbt\u2009\u00bb, confie la notice explicative. <a href=\"https:\/\/www.rennes-infos-autrement.fr\/le-quai-des-deportes-un-hommage-poignant\/\" rel=\"nofollow noopener\" target=\"_blank\">Pour en savoir plus. <img loading=\"lazy\" decoding=\"async\" class=\"alignnone size-medium wp-image-103954\" src=\"https:\/\/www.europesays.com\/fr\/wp-content\/uploads\/2025\/08\/DSC_0927-1365x2048-1-400x600.jpg\" alt=\"\" width=\"400\" height=\"600\" data-wp-pid=\"103954\"  \/><\/a><\/p>\n<p style=\"text-align: justify;\"><b>Une croix arm\u00e9nienne pr\u00e8s de l\u2019\u00e9glise Jeanne-d\u2019Arc<\/b>. Dans un jardinet discret, \u00e0 deux pas de l\u2019\u00e9glise Jeanne-d\u2019Arc, une croix de pierre haute de 1,50\u00a0m \u00e9voque une trag\u00e9die bien ant\u00e9rieure \u00e0 la Seconde Guerre mondiale. Inaugur\u00e9e en 2017, cette khatchkar arm\u00e9nienne comm\u00e9more le g\u00e9nocide de 1915. \u00ab\u2009Elle a \u00e9t\u00e9 b\u00e9nie selon la tradition. C\u2019est une pierre votive, protectrice. Elle relie les morts aux vivants\u2009\u00bb, convient un habitant du quartier. Les khatchkars sont un savoir-faire ancien, transmis de ma\u00eetre \u00e0 apprenti. Chaque croix est unique, sculpt\u00e9e \u00e0 la main, et porte en elle les symboles de l\u2019Arm\u00e9nie\u00a0: croix, fleurs, animaux, figures humaines. Cette pierre sainte offre une rare trace de la culture arm\u00e9nienne \u00e0 Rennes, o\u00f9 la communaut\u00e9 c\u00e9l\u00e8bre ses offices dans l\u2019\u00e9glise voisine.<\/p>\n<p><img loading=\"lazy\" decoding=\"async\" class=\"alignnone size-medium wp-image-41157\" src=\"https:\/\/www.europesays.com\/fr\/wp-content\/uploads\/2025\/08\/IMG_5809-750x1000.jpg\" alt=\"\" width=\"450\" height=\"600\" data-wp-pid=\"41157\"  \/><\/p>\n<p style=\"text-align: justify;\"><b>Le cadran solaire cach\u00e9 de l\u2019h\u00f4tel de ville<\/b>. Tout le monde conna\u00eet la mairie de Rennes, mais peu savent qu\u2019elle abrite un instrument scientifique exceptionnel. \u00ab\u2009Un cadran solaire \u00e0 la verticale d\u2019un mur, haut de 4 m\u00e8tres : c\u2019est une m\u00e9ridienne de temps moyen, grav\u00e9e en 1760. Unique en Bretagne.\u2009\u00bb Situ\u00e9 sur le pavillon nord, ce cadran permettait de r\u00e9gler avec pr\u00e9cision les horloges municipales, bien avant les GPS. Il indique le midi solaire et le mois zodiacal \u00e0 l\u2019aide d\u2019un jeu d\u2019ombres. Il aurait servi \u00e0 la facult\u00e9 des sciences, install\u00e9e dans les murs de l\u2019Hotel de ville autrefois. Aujourd\u2019hui encore, il donne l\u2019heure, avec quelques minutes de retard.<\/p>\n<p><img loading=\"lazy\" decoding=\"async\" class=\"alignnone size-full wp-image-11234\" src=\"https:\/\/www.europesays.com\/fr\/wp-content\/uploads\/2025\/08\/nankin.png\" alt=\"\" width=\"401\" height=\"454\" data-wp-pid=\"11234\"\/><\/p>\n<p>\u00a0<\/p>\n<p style=\"text-align: justify;\"><b>La tour de Nankin, tr\u00e9sor d\u2019Orient au Mus\u00e9e des Beaux-Arts<\/b>. Haute de 110\u00a0cm, faite de nacre sculpt\u00e9e et de bois exotique, la tour de Nankin tr\u00f4ne dans le cabinet de curiosit\u00e9s du Mus\u00e9e des Beaux-Arts. Ce chef-d\u2019\u0153uvre chinois du XVIIe\u00a0si\u00e8cle avait disparu\u2026 dans une bo\u00eete. \u00ab\u2009Elle \u00e9tait en morceaux. On l\u2019a retrouv\u00e9e, puis compar\u00e9e \u00e0 une copie conserv\u00e9e dans un ch\u00e2teau anglais. Cinq ans de restauration\u2009\u00bb, indique le conservateur. Des artisans du Mus\u00e9e de la Nacre lui ont redonn\u00e9 sa splendeur\u00a0: oiseaux, femmes, clochettes dor\u00e9es. Un bijou de finesse \u00e0 ne pas manquer, m\u00eame s\u2019il faut le chercher dans les d\u00e9dales du mus\u00e9e.<\/p>\n<p><img loading=\"lazy\" decoding=\"async\" class=\"alignnone size-full wp-image-5426\" src=\"https:\/\/www.europesays.com\/fr\/wp-content\/uploads\/2025\/08\/image108_large.jpeg\" alt=\"\" width=\"750\" height=\"491\" data-wp-pid=\"5426\"  \/><\/p>\n<p style=\"text-align: justify;\"><b>Francis Simon, l\u2019oubli\u00e9 du Soldat inconnu. <\/b>C\u2019est au cimeti\u00e8re de l\u2019Est qu\u2019un monument rend hommage \u00e0 un homme qui eut une id\u00e9e simple, mais g\u00e9niale\u00a0: c\u00e9l\u00e9brer un soldat inconnu pour incarner tous les morts de la guerre. Francis Simon, imprimeur, militant du Souvenir Fran\u00e7ais, proposa cette id\u00e9e le 26\u00a0novembre 1916.\u2009\u00bbPourquoi la France n\u2019ouvrirait-elle pas les portes du Panth\u00e9on \u00e0 l\u2019un de ces combattants ignor\u00e9s\u2009?\u2009\u00bb Quelques ann\u00e9es plus tard, le Soldat inconnu sera enterr\u00e9 sous l\u2019Arc de Triomphe. Mais \u00e0 Rennes, peu savent que le concept naquit ici, dans un cimeti\u00e8re paisible. \u00ab\u2009C\u2019est un devoir de m\u00e9moire\u2009\u00bb, r\u00e9p\u00e8tent ses descendants encore aujourd\u2019hui.<\/p>\n<p><img loading=\"lazy\" decoding=\"async\" class=\"alignnone size-medium wp-image-66014\" src=\"https:\/\/www.europesays.com\/fr\/wp-content\/uploads\/2025\/08\/IMG_4544-1000x667.jpg\" alt=\"\" width=\"600\" height=\"400\" data-wp-pid=\"66014\"  \/><\/p>\n<p style=\"text-align: justify;\"><b>Le parc des Ecotais\u00a0: un jardin secret au Sud de Rennes<\/b>. Ouvert exceptionnellement lors des Journ\u00e9es du patrimoine, le parc des Ecotais d\u00e9voile ses all\u00e9es secr\u00e8tes, son orangerie, ses bancs de pierre et ses arbres centenaires. Propri\u00e9t\u00e9 familiale depuis 1790, le domaine a surv\u00e9cu aux bombardements, aux troupes d\u2019occupation, et aux promoteurs. Gr\u00e2ce \u00e0 la volont\u00e9 d\u2019une femme, Mlle\u00a0Delano\u00eb, il est rest\u00e9 presque intact. Une bouff\u00e9e d\u2019air hors du temps, \u00e0 deux pas du boulevard Oscar Leroux.<\/p>\n<p><img loading=\"lazy\" decoding=\"async\" class=\"alignnone size-medium wp-image-24532\" src=\"https:\/\/www.europesays.com\/fr\/wp-content\/uploads\/2025\/08\/IMG_1073-1000x750.jpeg\" alt=\"\" width=\"600\" height=\"450\" data-wp-pid=\"24532\"  \/><\/p>\n<p style=\"text-align: justify;\"><b>Rue de Toulouse, l\u2019interdiction la plus chic de Rennes<\/b>. En levant les yeux au 5 rue de Toulouse, on aper\u00e7oit une restriction inscrite dans le bois\u00a0: \u00ab\u2009Interdit aux chevaux\u2009\u00bb. \u00ab\u2009C\u2019est d\u2019un autre temps, celui o\u00f9 les rues de Rennes r\u00e9sonnaient du pas des sabots et du bruit des autos\u2009\u00bb, confie un vieux Rennais. Ce vestige pittoresque rappelle que la rue, baptis\u00e9e en l\u2019honneur du fils de Louis\u00a0XIV, fut autrefois la rue des Halles. C\u2019est aujourd\u2019hui un clin d\u2019\u0153il fig\u00e9 au pass\u00e9, \u00e0 mi-chemin entre l\u2019anecdote et le patrimoine.<\/p>\n<p><img loading=\"lazy\" decoding=\"async\" class=\"alignnone size-medium wp-image-25976\" src=\"https:\/\/www.europesays.com\/fr\/wp-content\/uploads\/2025\/08\/DSC_0072-1000x667.jpg\" alt=\"\" width=\"600\" height=\"400\" data-wp-pid=\"25976\"  \/><\/p>\n<p style=\"text-align: justify;\"><b>Le mur de Teenage Kicks\u00a0: le street art en direct<\/b>. Le long des voies ferr\u00e9es, boulevard du Colombier, un mur respire au rythme du street art. Le collectif Teenage Kicks invite r\u00e9guli\u00e8rement des graffeurs fran\u00e7ais et internationaux \u00e0 repeindre ce mur en direct, devant le public.\u2009\u00bbOn dessine en musique, sous la pluie ou le soleil. C\u2019est \u00e9ph\u00e9m\u00e8re et vivant\u2009\u00bb, notent les organisateurs de cet \u00e9v\u00e8nement. Personnages fantasques, lettrines color\u00e9es, masques de protection\u2026 Une performance artistique \u00e0 ciel ouvert, o\u00f9 la ville devient toile.<\/p>\n<p style=\"text-align: justify;\">Texte inspir\u00e9 de \u00ab\u2009111\u00a0lieux \u00e0 ne pas manquer \u00e0 Rennes\u2009\u00bb, par JC Collet<\/p>\n","protected":false},"excerpt":{"rendered":"Rennes regorge de recoins m\u00e9connus, de monuments oubli\u00e9s et de tr\u00e9sors cach\u00e9s. De la Courrouze au centre-ville, en&hellip;\n","protected":false},"author":2,"featured_media":306281,"comment_status":"","ping_status":"","sticky":false,"template":"","format":"standard","meta":{"footnotes":""},"categories":[2821],"tags":[1111,11,829,1777,674,1011,27,12,584,25],"class_list":{"0":"post-306280","1":"post","2":"type-post","3":"status-publish","4":"format-standard","5":"has-post-thumbnail","7":"category-rennes","8":"tag-actu","9":"tag-actualites","10":"tag-bretagne","11":"tag-eu","12":"tag-europe","13":"tag-fr","14":"tag-france","15":"tag-news","16":"tag-rennes","17":"tag-republique-francaise"},"share_on_mastodon":{"url":"https:\/\/pubeurope.com\/@fr\/114996126356112565","error":""},"_links":{"self":[{"href":"https:\/\/www.europesays.com\/fr\/wp-json\/wp\/v2\/posts\/306280","targetHints":{"allow":["GET"]}}],"collection":[{"href":"https:\/\/www.europesays.com\/fr\/wp-json\/wp\/v2\/posts"}],"about":[{"href":"https:\/\/www.europesays.com\/fr\/wp-json\/wp\/v2\/types\/post"}],"author":[{"embeddable":true,"href":"https:\/\/www.europesays.com\/fr\/wp-json\/wp\/v2\/users\/2"}],"replies":[{"embeddable":true,"href":"https:\/\/www.europesays.com\/fr\/wp-json\/wp\/v2\/comments?post=306280"}],"version-history":[{"count":0,"href":"https:\/\/www.europesays.com\/fr\/wp-json\/wp\/v2\/posts\/306280\/revisions"}],"wp:featuredmedia":[{"embeddable":true,"href":"https:\/\/www.europesays.com\/fr\/wp-json\/wp\/v2\/media\/306281"}],"wp:attachment":[{"href":"https:\/\/www.europesays.com\/fr\/wp-json\/wp\/v2\/media?parent=306280"}],"wp:term":[{"taxonomy":"category","embeddable":true,"href":"https:\/\/www.europesays.com\/fr\/wp-json\/wp\/v2\/categories?post=306280"},{"taxonomy":"post_tag","embeddable":true,"href":"https:\/\/www.europesays.com\/fr\/wp-json\/wp\/v2\/tags?post=306280"}],"curies":[{"name":"wp","href":"https:\/\/api.w.org\/{rel}","templated":true}]}}