{"id":306300,"date":"2025-08-09T01:18:10","date_gmt":"2025-08-09T01:18:10","guid":{"rendered":"https:\/\/www.europesays.com\/fr\/306300\/"},"modified":"2025-08-09T01:18:10","modified_gmt":"2025-08-09T01:18:10","slug":"un-homme-essuie-un-coup-de-feu-apres-avoir-refuse-de-payer-une-prostituee","status":"publish","type":"post","link":"https:\/\/www.europesays.com\/fr\/306300\/","title":{"rendered":"un homme essuie un coup de feu apr\u00e8s avoir refus\u00e9 de payer une prostitu\u00e9e"},"content":{"rendered":"<p class=\"rev-margin-0 rev-text-xs-normal\">Une enqu\u00eate a \u00e9t\u00e9 ouverte \u00e0 la suite des menaces et du coup de feu tir\u00e9 sur la porte du trentenaire.<\/p>\n<p class=\"rev-margin-0 rev-text-xs-bold\">\/ Photo d&rsquo;illustration &#8211; SPEICH Frederic<\/p>\n<p>Il avait sollicit\u00e9 les services d&rsquo;une \u00ab\u00a0escort\u00a0\u00bb pour passer du bon temps \u00e0 son domicile, ce jeudi 7 ao\u00fbt 2025, dans le 1er arrondissement de <a href=\"https:\/\/www.laprovence.com\/bouches-du-rhone\/marseille-13055\" target=\"_blank\" rel=\"noopener\">Marseille<\/a>. Mais \u00e0 l&rsquo;heure de r\u00e9gler l&rsquo;addition, les probl\u00e8mes ont commenc\u00e9. Un homme de 36 ans a finalement vu sa porte d&rsquo;entr\u00e9e travers\u00e9e par <strong>un tir d&rsquo;arme \u00e0 feu<\/strong> dans la soir\u00e9e au terme de plusieurs heures de menaces et de tensions.<\/p>\n<p>Tout a commenc\u00e9 dans l&rsquo;apr\u00e8s-midi, lorsque, au terme de la prestation effectu\u00e9e au domicile du trentenaire, la prostitu\u00e9e a exig\u00e9 <strong>une somme de 4 000\u20ac<\/strong>. Face \u00e0 ce tarif surprenant, le client a refus\u00e9 de payer la jeune femme, qui a alors r\u00e9clam\u00e9 la montre de prix qu&rsquo;il portait au poignet. Ce que l&rsquo;homme a \u00e9galement refus\u00e9, parvenant \u00e0 se d\u00e9faire de sa cr\u00e9anci\u00e8re. C&rsquo;est alors que son t\u00e9l\u00e9phone portable s&rsquo;est mis \u00e0 sonner. \u00c0 l&rsquo;autre bout du fil, un homme peu affable r\u00e9clamait \u00e0 son tour le paiement des 4000\u20ac.\u00a0<\/p>\n<p>La balle traverse la porte et se loge dans un mur de l&rsquo;appartement<\/p>\n<p>Durant pr\u00e8s de deux heures, le client a ainsi re\u00e7u appels et menaces, jusqu&rsquo;\u00e0 ce que, vers 19h, une d\u00e9tonation retentisse dans les parties communes de l&rsquo;immeuble.\u00a0 Un coup de feu venait d&rsquo;\u00eatre tir\u00e9 devant la porte de son appartement. La balle a travers\u00e9 la paroi pour venir se loger dans le mur qui se trouvait en face.<\/p>\n<p>Apr\u00e8s quelques dizaines de minutes de r\u00e9flexion m\u00eal\u00e9es d&#8217;embarras, le trentenaire s&rsquo;est d\u00e9cid\u00e9 \u00e0 pr\u00e9venir les services de police. Une enqu\u00eate a \u00e9t\u00e9 ouverte et des constatations effectu\u00e9es afin de remonter la trace de cette op\u00e9ration d&rsquo;intimidation sur fond de tentative d&rsquo;extorsion qui aurait pu virer au meurtre.<\/p>\n<p>Si le tir n&rsquo;a, cette fois, pas fait de bless\u00e9, dans la 7 au 8 juillet, une femme de 46 ans a \u00e9t\u00e9 mortellement touch\u00e9e par un tir similaire, \u00e0 travers sa porte d&rsquo;entr\u00e9e, dans un immeuble du 5e arrondissement de <a href=\"https:\/\/www.laprovence.com\/bouches-du-rhone\/marseille-13055\" target=\"_blank\" rel=\"noopener\">Marseille<\/a>. La victime avait entendu du bruit au milieu de la nuit et venait de s&rsquo;approcher du judas lorsqu&rsquo;un unique coup de feu l&rsquo;a touch\u00e9e en plein thorax. Parfaitement inconnue des services de police, elle pourrait avoir \u00e9t\u00e9 victime d&rsquo;une \u00ab\u00a0erreur de porte\u00a0\u00bb, lors d&rsquo;une exp\u00e9dition punitive.\u00a0<\/p>\n","protected":false},"excerpt":{"rendered":"Une enqu\u00eate a \u00e9t\u00e9 ouverte \u00e0 la suite des menaces et du coup de feu tir\u00e9 sur la&hellip;\n","protected":false},"author":2,"featured_media":306301,"comment_status":"","ping_status":"","sticky":false,"template":"","format":"standard","meta":{"footnotes":""},"categories":[2814],"tags":[17,1111,11,150,6661,3952,44691,1777,674,274,1312,1011,27,4933,884,12,882,25],"class_list":{"0":"post-306300","1":"post","2":"type-post","3":"status-publish","4":"format-standard","5":"has-post-thumbnail","7":"category-marseille","8":"tag-17","9":"tag-actu","10":"tag-actualites","11":"tag-apres","12":"tag-avoir","13":"tag-coup","14":"tag-essuie","15":"tag-eu","16":"tag-europe","17":"tag-faits-divers-justice","18":"tag-feu","19":"tag-fr","20":"tag-france","21":"tag-homme","22":"tag-marseille","23":"tag-news","24":"tag-provence-alpes-cote-dazur","25":"tag-republique-francaise"},"share_on_mastodon":{"url":"https:\/\/pubeurope.com\/@fr\/114996176736254440","error":""},"_links":{"self":[{"href":"https:\/\/www.europesays.com\/fr\/wp-json\/wp\/v2\/posts\/306300","targetHints":{"allow":["GET"]}}],"collection":[{"href":"https:\/\/www.europesays.com\/fr\/wp-json\/wp\/v2\/posts"}],"about":[{"href":"https:\/\/www.europesays.com\/fr\/wp-json\/wp\/v2\/types\/post"}],"author":[{"embeddable":true,"href":"https:\/\/www.europesays.com\/fr\/wp-json\/wp\/v2\/users\/2"}],"replies":[{"embeddable":true,"href":"https:\/\/www.europesays.com\/fr\/wp-json\/wp\/v2\/comments?post=306300"}],"version-history":[{"count":0,"href":"https:\/\/www.europesays.com\/fr\/wp-json\/wp\/v2\/posts\/306300\/revisions"}],"wp:featuredmedia":[{"embeddable":true,"href":"https:\/\/www.europesays.com\/fr\/wp-json\/wp\/v2\/media\/306301"}],"wp:attachment":[{"href":"https:\/\/www.europesays.com\/fr\/wp-json\/wp\/v2\/media?parent=306300"}],"wp:term":[{"taxonomy":"category","embeddable":true,"href":"https:\/\/www.europesays.com\/fr\/wp-json\/wp\/v2\/categories?post=306300"},{"taxonomy":"post_tag","embeddable":true,"href":"https:\/\/www.europesays.com\/fr\/wp-json\/wp\/v2\/tags?post=306300"}],"curies":[{"name":"wp","href":"https:\/\/api.w.org\/{rel}","templated":true}]}}