{"id":306310,"date":"2025-08-09T01:25:23","date_gmt":"2025-08-09T01:25:23","guid":{"rendered":"https:\/\/www.europesays.com\/fr\/306310\/"},"modified":"2025-08-09T01:25:23","modified_gmt":"2025-08-09T01:25:23","slug":"pourquoi-la-mosaique-de-georges-brassens-a-t-elle-ete-effacee-du-metro-2","status":"publish","type":"post","link":"https:\/\/www.europesays.com\/fr\/306310\/","title":{"rendered":"Pourquoi la mosa\u00efque de Georges Brassens a-t-elle \u00e9t\u00e9 effac\u00e9e du m\u00e9tro\u00a0?"},"content":{"rendered":"<p>La mosa\u00efque repr\u00e9sentant Georges Brassens et les lilas, ornant autrefois la station Porte-des-Lilas sur la ligne 11 du <a href=\"https:\/\/www.20minutes.fr\/dossier\/metro\" class=\"color-ultramarine c-link\" target=\"_blank\" rel=\"noopener\">m\u00e9tro<\/a>, \u00e0 la fronti\u00e8re de Paris et des Lilas (<a href=\"https:\/\/www.20minutes.fr\/societe\/seine-saint-denis\/\" class=\"color-ultramarine c-link\" target=\"_blank\" rel=\"noopener\">Seine-Saint-Denis<\/a>), a \u00e9t\u00e9 d\u00e9truite lors de travaux d\u2019\u00e9tanch\u00e9it\u00e9 r\u00e9alis\u00e9s autour du 26\u00a0juillet, rapporte Le Parisien.<\/p>\n<p>Cette \u0153uvre, cr\u00e9\u00e9e \u00e0 la fin des ann\u00e9es\u00a01980 par l\u2019artiste Michel L\u2019Huillier en hommage \u00e0 la chanson \u00ab\u00a0Les Lilas\u00a0\u00bb de Brassens, a disparu malgr\u00e9 la mobilisation des associations de sauvegarde du patrimoine. Une p\u00e9tition, lanc\u00e9e il y a un an, avait recueilli pr\u00e8s de 10.000 signatures pour demander \u00e0 la RATP de pr\u00e9server ces fresques. Depuis La R\u00e9union, o\u00f9 il r\u00e9side, Michel L\u2019Huillier se dit boulevers\u00e9\u00a0: \u00ab\u00a0Ils ont profit\u00e9 des <a href=\"https:\/\/www.20minutes.fr\/vacances\/\" class=\"color-ultramarine c-link\" target=\"_blank\" rel=\"noopener\">vacances <\/a>pour tout casser.\u00a0\u00bb<\/p>\n<p>Etat d\u00e9grad\u00e9 de la station<\/p>\n<p>Sylvain Oerlemans, pr\u00e9sident de l\u2019association Racines du 93, d\u00e9nonce un \u00ab\u00a0scandale\u00a0\u00bb et regrette que la RATP ait ignor\u00e9 leurs propositions. Le collectif avait sugg\u00e9r\u00e9 de d\u00e9poser, nettoyer, restaurer et reposer les mosa\u00efques, soit au m\u00eame endroit, soit sur l\u2019autre quai, mais n\u2019a re\u00e7u aucune r\u00e9ponse. La RATP justifie la destruction par l\u2019\u00e9tat d\u00e9grad\u00e9 de la station, o\u00f9 les infiltrations d\u2019eau compromettaient le confort et la s\u00e9curit\u00e9 des voyageurs.<\/p>\n<\/p>\n<p>Des expertises ont conclu que la conservation des fresques \u00e9tait impossible sans nuire \u00e0 la p\u00e9rennit\u00e9 des ouvrages. D\u00e9poser les mosa\u00efques aurait n\u00e9cessit\u00e9 de les d\u00e9couper, les alt\u00e9rant irr\u00e9m\u00e9diablement. Pour pr\u00e9server la m\u00e9moire de Brassens, la <a href=\"https:\/\/www.20minutes.fr\/dossier\/ratp\" class=\"color-ultramarine c-link\" target=\"_blank\" rel=\"noopener\">RATP<\/a> a propos\u00e9 \u00e0 Michel L\u2019Huillier de cr\u00e9er une nouvelle \u0153uvre en hommage au chanteur et \u00e0 une artiste f\u00e9minine, dans un emplacement prot\u00e9g\u00e9 des infiltrations. L\u2019<a href=\"https:\/\/www.20minutes.fr\/dossier\/artiste\" class=\"color-ultramarine c-link\" target=\"_blank\" rel=\"noopener\">artiste<\/a> \u00e9voque de \u00ab\u00a0nouvelles n\u00e9gociations\u00a0\u00bb sans d\u00e9voiler sa d\u00e9cision.<\/p>\n","protected":false},"excerpt":{"rendered":"La mosa\u00efque repr\u00e9sentant Georges Brassens et les lilas, ornant autrefois la station Porte-des-Lilas sur la ligne 11 du&hellip;\n","protected":false},"author":2,"featured_media":306311,"comment_status":"","ping_status":"","sticky":false,"template":"","format":"standard","meta":{"footnotes":""},"categories":[1888],"tags":[1111,1928,11,1927,2593,1777,674,1011,27,662,4047,12,1926,626,1925,625,25,1945],"class_list":{"0":"post-306310","1":"post","2":"type-post","3":"status-publish","4":"format-standard","5":"has-post-thumbnail","7":"category-paris","8":"tag-actu","9":"tag-actu-paris","10":"tag-actualites","11":"tag-actualites-paris","12":"tag-artiste","13":"tag-eu","14":"tag-europe","15":"tag-fr","16":"tag-france","17":"tag-ile-de-france","18":"tag-metro","19":"tag-news","20":"tag-news-paris","21":"tag-paris","22":"tag-paris-news","23":"tag-ratp","24":"tag-republique-francaise","25":"tag-seine-saint-denis"},"share_on_mastodon":{"url":"https:\/\/pubeurope.com\/@fr\/114996204214136498","error":""},"_links":{"self":[{"href":"https:\/\/www.europesays.com\/fr\/wp-json\/wp\/v2\/posts\/306310","targetHints":{"allow":["GET"]}}],"collection":[{"href":"https:\/\/www.europesays.com\/fr\/wp-json\/wp\/v2\/posts"}],"about":[{"href":"https:\/\/www.europesays.com\/fr\/wp-json\/wp\/v2\/types\/post"}],"author":[{"embeddable":true,"href":"https:\/\/www.europesays.com\/fr\/wp-json\/wp\/v2\/users\/2"}],"replies":[{"embeddable":true,"href":"https:\/\/www.europesays.com\/fr\/wp-json\/wp\/v2\/comments?post=306310"}],"version-history":[{"count":0,"href":"https:\/\/www.europesays.com\/fr\/wp-json\/wp\/v2\/posts\/306310\/revisions"}],"wp:featuredmedia":[{"embeddable":true,"href":"https:\/\/www.europesays.com\/fr\/wp-json\/wp\/v2\/media\/306311"}],"wp:attachment":[{"href":"https:\/\/www.europesays.com\/fr\/wp-json\/wp\/v2\/media?parent=306310"}],"wp:term":[{"taxonomy":"category","embeddable":true,"href":"https:\/\/www.europesays.com\/fr\/wp-json\/wp\/v2\/categories?post=306310"},{"taxonomy":"post_tag","embeddable":true,"href":"https:\/\/www.europesays.com\/fr\/wp-json\/wp\/v2\/tags?post=306310"}],"curies":[{"name":"wp","href":"https:\/\/api.w.org\/{rel}","templated":true}]}}