{"id":306314,"date":"2025-08-09T01:27:35","date_gmt":"2025-08-09T01:27:35","guid":{"rendered":"https:\/\/www.europesays.com\/fr\/306314\/"},"modified":"2025-08-09T01:27:35","modified_gmt":"2025-08-09T01:27:35","slug":"un-narcotrafiquant-banni-de-quartiers-du-xve-arrondissement-une-premiere","status":"publish","type":"post","link":"https:\/\/www.europesays.com\/fr\/306314\/","title":{"rendered":"un narcotrafiquant banni de quartiers du XVe arrondissement, une premi\u00e8re"},"content":{"rendered":"<p>Condamn\u00e9 pour trafic de drogue, un jeune homme de 20 ans fait l\u2019objet d\u2019une interdiction de para\u00eetre dans cinq quartiers de la capitale. Une mesure permise par la loi narcotrafic, promulgu\u00e9e le 13 juin dernier.<\/p>\n<p class=\"fig-paragraph\">Une avanc\u00e9e significative dans le cadre de la\u00a0<a href=\"http:\/\/www.lefigaro.fr\/actualite-france\/dossier\/narcotrafic-l-ampleur-du-phenomene-en-france\" target=\"_blank\" data-fig-type=\"Topic\" rel=\"noopener\" data-gtm-custom-categorie=\"navigation\" data-gtm-custom-action=\"crossclick\" data-gtm-custom-label=\"Contextuel\" data-gtm-event=\"customEventSPE\" data-fig-domain=\"LEFIGARO\">lutte contre le trafic de drogue<\/a>. Pour la premi\u00e8re fois dans Paris, un homme d\u00e9favorablement connu des services de police et condamn\u00e9 pour trafic de stup\u00e9fiants fait l\u2019objet d\u2019une\u00a0<a href=\"http:\/\/www.lefigaro.fr\/politique\/narcotrafics-bruno-retailleau-veut-nettoyer-les-points-de-deal-en-y-mettant-une-interdiction-de-paraitre-20250724\" target=\"_blank\" data-fig-type=\"Article\" rel=\"noopener\" data-gtm-custom-categorie=\"navigation\" data-gtm-custom-action=\"crossclick\" data-gtm-custom-label=\"Contextuel\" data-gtm-event=\"customEventSPE\" data-fig-domain=\"LEFIGARO\">interdiction de para\u00eetre<\/a>\u00a0dans cinq quartiers du XVe arrondissement de la capitale, ont confirm\u00e9 ce jeudi une source proche de l\u2019enqu\u00eate et le parquet de Paris au Figaro.<\/p>\n<p class=\"fig-paragraph\">Cette mesure avait \u00e9t\u00e9 salu\u00e9e ce lundi 4 ao\u00fbt sur X par le maire du XVe arrondissement, Philippe Goujon, qui a confirm\u00e9 ce mercredi au Figaro sa volont\u00e9 de voir d\u2019autres mesures similaires \u00eatre prononc\u00e9es, lui qui fait de la lutte contre le narcotrafic un sujet \u00abprioritaire\u00bb.<\/p>\n<p>                                    <a class=\"fig-a11y-skip a11y-hidden\" href=\"#fig-a11y-skip-main-inarticle\"><br \/>\n        Passer la publicit\u00e9<br \/>\n    <\/a><\/p>\n<p class=\"fig-paragraph\">Vot\u00e9e le 29 avril dernier et promulgu\u00e9e le 13 juin, la\u00a0<a href=\"http:\/\/www.lefigaro.fr\/actualite-france\/loi-narcotrafic-le-conseil-constitutionnel-valide-le-regime-carceral-d-isolement-mais-censure-quelques-articles-20250612\" target=\"_blank\" data-fig-type=\"NewsFlash\" rel=\"noopener\" data-gtm-custom-categorie=\"navigation\" data-gtm-custom-action=\"crossclick\" data-gtm-custom-label=\"Contextuel\" data-gtm-event=\"customEventSPE\" data-fig-domain=\"LEFIGARO\">loi visant \u00e0 sortir la France du pi\u00e8ge du narcotrafic<\/a>\u00a0offre aux enqu\u00eateurs de nouvelles m\u00e9thodes d\u2019investigations et aussi des mesures administratives dissuasives. Elle permet ainsi \u00e0 la pr\u00e9fecture de police, sur demande d\u2019un commissariat de police, \u00abde prendre un arr\u00eat\u00e9 d\u2019interdiction de para\u00eetre contre des personnes condamn\u00e9es ou suspectes\u00bb explique Philippe Goujon.<\/p>\n<p>Une enqu\u00eate de plusieurs mois<\/p>\n<p class=\"fig-paragraph\">Le XVe arrondissement de la capitale est un lieu tr\u00e8s pris\u00e9 par les dealers. En l\u2019occurrence, ce jeune narcotrafiquant, \u00e2g\u00e9 de 20 ans, \u00e9tait \u00e0 la t\u00eate, avec deux ou trois autres personnes, d\u2019un r\u00e9seau effectif dans le sud-ouest de Paris et les banlieues proches, comme\u00a0<a href=\"http:\/\/www.lefigaro.fr\/faits-divers\/issy-les-moulineaux-un-homme-retranche-dans-son-restaurant-retient-des-employes-en-otages-20241116\" target=\"_blank\" data-fig-type=\"NewsFlash\" rel=\"noopener\" data-gtm-custom-categorie=\"navigation\" data-gtm-custom-action=\"crossclick\" data-gtm-custom-label=\"Contextuel\" data-gtm-event=\"customEventSPE\" data-fig-domain=\"LEFIGARO\">Issy-les-Moulineaux<\/a>\u00a0ou encore Vanves (Hauts-de-Seine), d\u2019apr\u00e8s\u00a0<a href=\"https:\/\/www.leparisien.fr\/paris-75\/paris-un-dealer-banni-de-cinq-quartiers-du-xve-une-premiere-permise-par-la-nouvelle-loi-narcotrafic-05-08-2025-GVBFROVWS5HK5ME62RQO2E7P54.php\" target=\"_blank\" rel=\"sponsored noopener\" data-gtm-custom-categorie=\"navigation\" data-gtm-custom-action=\"crossclick\" data-gtm-custom-label=\"Contextuel\" data-gtm-event=\"customEventSPE\">Le Parisien<\/a> .<\/p>\n<p class=\"fig-paragraph\">Le groupe r\u00e9alisait un trafic important qui g\u00e9n\u00e9rait chaque jour pr\u00e8s de 1000 euros. Il se situait dans des quartiers populaires, o\u00f9 l\u2019on trouve notamment un grand nombre de logements sociaux, et qui constituent un \u00absecteur sensible\u00bb. Ce r\u00e9seau s\u2019\u00e9tendait sur plusieurs points de deals, \u00abpas forc\u00e9ment tr\u00e8s grands\u00bb d\u2019apr\u00e8s l\u2019\u00e9lu.<\/p>\n<p class=\"fig-paragraph\">L\u2019enqu\u00eate a \u00e9t\u00e9 men\u00e9e par le groupe de surveillance des quartiers (QSG) du XVe arrondissement, dont les membres \u00e9taient en filature. Ces mesures de surveillance ont dur\u00e9 plusieurs mois et ont permis aux forces de l\u2019ordre d\u2019accumuler de nombreuses preuves du trafic. C\u2019est ainsi que le r\u00e9seau a pu \u00eatre d\u00e9mantel\u00e9, avec notamment l\u2019arrestation et \u00abla condamnation des trois chefs de file\u00bb de la bande, confirme d\u2019ailleurs Philippe Goujon.<\/p>\n<p>Une mesure in\u00e9dite et dissuasive<\/p>\n<p class=\"fig-paragraph\">Avant son interdiction de para\u00eetre, l\u2019individu a \u00e9t\u00e9 condamn\u00e9 par le tribunal de Paris \u00e0 une peine de 12 mois d\u2019emprisonnement avec sursis pour trafic de stup\u00e9fiants. Alors qu\u2019il vivait dans un logement social, \u00abil en a \u00e9t\u00e9 expuls\u00e9, sans \u00eatre relog\u00e9\u00bb, avant m\u00eame la promulgation de la loi de 2025, qui facilite ces expulsions, alors qu\u2019elles constituent g\u00e9n\u00e9ralement \u00abun difficile parcours judiciaire\u00bb.<\/p>\n<p>                                    <a class=\"fig-a11y-skip a11y-hidden\" href=\"#fig-a11y-skip-main-inarticle_mtf\"><br \/>\n        Passer la publicit\u00e9<br \/>\n    <\/a><\/p>\n<p class=\"fig-paragraph\">Prise pour une dur\u00e9e d\u2019un mois, renouvelable, la mesure d\u2019interdiction de para\u00eetre vise \u00e0 limiter les risques de r\u00e9it\u00e9ration d\u2019infractions ou de troubles \u00e0 l\u2019ordre public, explique le parquet de Paris. Le non-respect de cette d\u00e9cision \u00abpeut entra\u00eener des peines d\u2019emprisonnement et\/ou des amendes\u00bb, indique la m\u00eame source. Le maire du XVe arrondissement affirme que des \u00abpatrouilles r\u00e9guli\u00e8res\u00bb des services de police ont lieu dans ce \u00absecteur sensible\u00bb, permettant ainsi d\u2019assurer l\u2019effectivit\u00e9 de la mesure.<strong>\u00a0<\/strong><\/p>\n<p class=\"fig-paragraph\">Philippe Goujon \u00abse f\u00e9licite\u00bb que le XVe arrondissement soit le premier \u00e0 \u00eatre prot\u00e9g\u00e9 par une telle mesure, et il \u00abpromet\u00bb que d\u2019autres d\u00e9cisions de la sorte suivront. Selon lui, des mesures d\u2019interdiction de para\u00eetre et d\u2019expulsion de logement semblent \u00abindispensables\u00bb pour lutter contre le narcotrafic. Elles permettent en outre de mieux prot\u00e9ger les riverains, et notamment les mineurs, qui peuvent ainsi retrouver un peu de calme et de s\u00e9r\u00e9nit\u00e9. Ce qui constitue \u00e9galement une priorit\u00e9 pour la mairie de cet arrondissement.<\/p>\n","protected":false},"excerpt":{"rendered":"Condamn\u00e9 pour trafic de drogue, un jeune homme de 20 ans fait l\u2019objet d\u2019une interdiction de para\u00eetre dans&hellip;\n","protected":false},"author":2,"featured_media":306315,"comment_status":"","ping_status":"","sticky":false,"template":"","format":"standard","meta":{"footnotes":""},"categories":[1888],"tags":[11,1777,674,1011,27,303,8721,12,626,25],"class_list":{"0":"post-306314","1":"post","2":"type-post","3":"status-publish","4":"format-standard","5":"has-post-thumbnail","7":"category-paris","8":"tag-actualites","9":"tag-eu","10":"tag-europe","11":"tag-fr","12":"tag-france","13":"tag-justice","14":"tag-narcotrafic","15":"tag-news","16":"tag-paris","17":"tag-republique-francaise"},"share_on_mastodon":{"url":"https:\/\/pubeurope.com\/@fr\/114996212114843742","error":""},"_links":{"self":[{"href":"https:\/\/www.europesays.com\/fr\/wp-json\/wp\/v2\/posts\/306314","targetHints":{"allow":["GET"]}}],"collection":[{"href":"https:\/\/www.europesays.com\/fr\/wp-json\/wp\/v2\/posts"}],"about":[{"href":"https:\/\/www.europesays.com\/fr\/wp-json\/wp\/v2\/types\/post"}],"author":[{"embeddable":true,"href":"https:\/\/www.europesays.com\/fr\/wp-json\/wp\/v2\/users\/2"}],"replies":[{"embeddable":true,"href":"https:\/\/www.europesays.com\/fr\/wp-json\/wp\/v2\/comments?post=306314"}],"version-history":[{"count":0,"href":"https:\/\/www.europesays.com\/fr\/wp-json\/wp\/v2\/posts\/306314\/revisions"}],"wp:featuredmedia":[{"embeddable":true,"href":"https:\/\/www.europesays.com\/fr\/wp-json\/wp\/v2\/media\/306315"}],"wp:attachment":[{"href":"https:\/\/www.europesays.com\/fr\/wp-json\/wp\/v2\/media?parent=306314"}],"wp:term":[{"taxonomy":"category","embeddable":true,"href":"https:\/\/www.europesays.com\/fr\/wp-json\/wp\/v2\/categories?post=306314"},{"taxonomy":"post_tag","embeddable":true,"href":"https:\/\/www.europesays.com\/fr\/wp-json\/wp\/v2\/tags?post=306314"}],"curies":[{"name":"wp","href":"https:\/\/api.w.org\/{rel}","templated":true}]}}