{"id":306316,"date":"2025-08-09T01:28:21","date_gmt":"2025-08-09T01:28:21","guid":{"rendered":"https:\/\/www.europesays.com\/fr\/306316\/"},"modified":"2025-08-09T01:28:21","modified_gmt":"2025-08-09T01:28:21","slug":"la-direction-generale-du-renseignement-ukrainien-a-attaque-une-brigade-de-missiles-antiaeriens-russe","status":"publish","type":"post","link":"https:\/\/www.europesays.com\/fr\/306316\/","title":{"rendered":"La Direction g\u00e9n\u00e9rale du renseignement\u00a0ukrainien a attaqu\u00e9 une brigade de missiles antia\u00e9riens russe"},"content":{"rendered":"<p>Le matin du 8 ao\u00fbt, dans le village d&rsquo;Afipsky, dans le territoire de Krasnodar (F\u00e9d\u00e9ration de Russie), une unit\u00e9 militaire de la 90e brigade de missiles antia\u00e9riens de la d\u00e9fense a\u00e9rienne russe a \u00e9t\u00e9 attaqu\u00e9e suite \u00e0 une op\u00e9ration men\u00e9e par le GUR\u00a0(la Direction g\u00e9n\u00e9rale du renseignement)\u00a0du minist\u00e8re ukrainien de la D\u00e9fense.<\/p>\n<p>Une source bien inform\u00e9e du renseignement militaire a inform\u00e9 Ukrinform de cette attaque.<\/p>\n<p>\u00ab\u00a0Deux explosions ont \u00e9t\u00e9 entendues pr\u00e8s du poste de contr\u00f4le de l&rsquo;unit\u00e9 militaire, tuant au moins 12 militaires russes, blessant des dizaines d&rsquo;occupants et d\u00e9truisant du mat\u00e9riel\u00a0\u00bb, a indiqu\u00e9 la source.<\/p>\n<p>Le GUR a inform\u00e9 que les m\u00e9dias locaux et les r\u00e9seaux sociaux avaient imm\u00e9diatement signal\u00e9 deux explosions dans le village d&rsquo;Afipske et que les services sp\u00e9ciaux locaux avaient bloqu\u00e9 la zone et lanc\u00e9 une op\u00e9ration antiterroriste.<\/p>\n<p><img loading=\"lazy\" decoding=\"async\" alt=\"\" height=\"809\" src=\"https:\/\/www.europesays.com\/fr\/wp-content\/uploads\/2025\/08\/1754661111-808.jpg\" title=\"\" width=\"800\"\/><\/p>\n<p>Selon la source, une concentration d&rsquo;ambulances et de v\u00e9hicules des services d&rsquo;urgence et sp\u00e9ciaux \u00e9tait pr\u00e9sente sur les lieux.<\/p>\n<p>Selon les services de renseignement, afin de dissimuler le sabotage sur le territoire de l&rsquo;unit\u00e9 militaire, des informations ont circul\u00e9 dans l&rsquo;espace m\u00e9diatique russe selon lesquelles l&rsquo;explosion serait due \u00e0 un d\u00e9faut de fonctionnement des bouteilles de gaz du v\u00e9hicule.<\/p>\n<p>\u00ab Le FSB tente parall\u00e8lement de supprimer toute mention de cet \u00e9v\u00e9nement dans les m\u00e9dias et sur les r\u00e9seaux sociaux \u00bb, a indiqu\u00e9 la source.<\/p>\n<p><img loading=\"lazy\" decoding=\"async\" alt=\"\" height=\"367\" src=\"https:\/\/www.europesays.com\/fr\/wp-content\/uploads\/2025\/08\/1754661126-825.jpg\" title=\"\" width=\"800\"\/><\/p>\n<p>On a pr\u00e9cis\u00e9 que la 90e brigade antia\u00e9rienne, qui a \u00e9t\u00e9 attaqu\u00e9e dans le cadre d&rsquo;une op\u00e9ration sp\u00e9ciale, participe \u00e0 l&rsquo;agression arm\u00e9e de la F\u00e9d\u00e9ration de Russie contre l&rsquo;Ukraine dans les r\u00e9gions de Kherson et de Zaporijjia.<\/p>\n<p><img loading=\"lazy\" decoding=\"async\" alt=\"\" height=\"883\" src=\"https:\/\/www.europesays.com\/fr\/wp-content\/uploads\/2025\/08\/1754661073-403.jpg\" title=\"\" width=\"800\"\/><\/p>\n<p>Pour rappel, les drones du GUR ont frapp\u00e9 la station radar russe Yenisey, la plus pr\u00e9cieuse en Crim\u00e9e.<\/p>\n","protected":false},"excerpt":{"rendered":"Le matin du 8 ao\u00fbt, dans le village d&rsquo;Afipsky, dans le territoire de Krasnodar (F\u00e9d\u00e9ration de Russie), une&hellip;\n","protected":false},"author":2,"featured_media":306317,"comment_status":"","ping_status":"","sticky":false,"template":"","format":"standard","meta":{"footnotes":""},"categories":[1591],"tags":[11,1887,12,1885,1886,132],"class_list":{"0":"post-306316","1":"post","2":"type-post","3":"status-publish","4":"format-standard","5":"has-post-thumbnail","7":"category-russie","8":"tag-actualites","9":"tag-federation-de-russie","10":"tag-news","11":"tag-russia","12":"tag-russian-federation","13":"tag-russie"},"share_on_mastodon":{"url":"https:\/\/pubeurope.com\/@fr\/114996216553927789","error":""},"_links":{"self":[{"href":"https:\/\/www.europesays.com\/fr\/wp-json\/wp\/v2\/posts\/306316","targetHints":{"allow":["GET"]}}],"collection":[{"href":"https:\/\/www.europesays.com\/fr\/wp-json\/wp\/v2\/posts"}],"about":[{"href":"https:\/\/www.europesays.com\/fr\/wp-json\/wp\/v2\/types\/post"}],"author":[{"embeddable":true,"href":"https:\/\/www.europesays.com\/fr\/wp-json\/wp\/v2\/users\/2"}],"replies":[{"embeddable":true,"href":"https:\/\/www.europesays.com\/fr\/wp-json\/wp\/v2\/comments?post=306316"}],"version-history":[{"count":0,"href":"https:\/\/www.europesays.com\/fr\/wp-json\/wp\/v2\/posts\/306316\/revisions"}],"wp:featuredmedia":[{"embeddable":true,"href":"https:\/\/www.europesays.com\/fr\/wp-json\/wp\/v2\/media\/306317"}],"wp:attachment":[{"href":"https:\/\/www.europesays.com\/fr\/wp-json\/wp\/v2\/media?parent=306316"}],"wp:term":[{"taxonomy":"category","embeddable":true,"href":"https:\/\/www.europesays.com\/fr\/wp-json\/wp\/v2\/categories?post=306316"},{"taxonomy":"post_tag","embeddable":true,"href":"https:\/\/www.europesays.com\/fr\/wp-json\/wp\/v2\/tags?post=306316"}],"curies":[{"name":"wp","href":"https:\/\/api.w.org\/{rel}","templated":true}]}}