{"id":306318,"date":"2025-08-09T01:29:11","date_gmt":"2025-08-09T01:29:11","guid":{"rendered":"https:\/\/www.europesays.com\/fr\/306318\/"},"modified":"2025-08-09T01:29:11","modified_gmt":"2025-08-09T01:29:11","slug":"trump-annonce-que-sa-rencontre-avec-poutine-se-fera-le-15-aout-en-alaska","status":"publish","type":"post","link":"https:\/\/www.europesays.com\/fr\/306318\/","title":{"rendered":"Trump annonce que sa rencontre avec Poutine se fera le 15 ao\u00fbt en Alaska"},"content":{"rendered":"<p><strong>SOMMET &#8211; Le ma\u00eetre du Kremlin va donc se rendre sur le sol des Etats-Unis pour une rencontre qualifi\u00e9e de \u00ab\u00a0tr\u00e8s attendue\u00a0\u00bb par Donald Trump<\/strong><\/p>\n<p><a href=\"https:\/\/www.20minutes.fr\/monde\/vladimir_poutine\/?at_medium=RSS%20feed&amp;at_campaign=ynews&amp;utm_source=yahoo&amp;utm_medium=rss&amp;utm_campaign=news_feed&amp;utm_content=in_article_link\" rel=\"nofollow noopener\" target=\"_blank\" data-ylk=\"slk:Vladimir Poutine;elm:context_link;itc:0;sec:content-canvas\" class=\"link \">Vladimir Poutine<\/a> va se rendre aux Etats-Unis. <a href=\"https:\/\/www.20minutes.fr\/dossier\/donald_trump?at_medium=RSS%20feed&amp;at_campaign=ynews&amp;utm_source=yahoo&amp;utm_medium=rss&amp;utm_campaign=news_feed&amp;utm_content=in_article_link\" rel=\"nofollow noopener\" target=\"_blank\" data-ylk=\"slk:Donald Trump;elm:context_link;itc:0;sec:content-canvas\" class=\"link \">Donald Trump<\/a> vient en effet de lever le voile sur le lieu et la date de sa rencontre avec le pr\u00e9sident de la <a href=\"https:\/\/www.20minutes.fr\/monde\/russie\/?at_medium=RSS%20feed&amp;at_campaign=ynews&amp;utm_source=yahoo&amp;utm_medium=rss&amp;utm_campaign=news_feed&amp;utm_content=in_article_link\" rel=\"nofollow noopener\" target=\"_blank\" data-ylk=\"slk:Russie;elm:context_link;itc:0;sec:content-canvas\" class=\"link \">Russie<\/a>.<\/p>\n<p>Le locataire de la Maison-Blanche a annonc\u00e9 vendredi sur son r\u00e9seau Truth Social que sa \u00ab\u00a0rencontre tr\u00e8s attendue\u00a0\u00bb avec son homologue russe aurait lieu le 15\u00a0ao\u00fbt dans l\u2019Etat am\u00e9ricain de l\u2019Alaska.<\/p>\n<p>Le pr\u00e9sident am\u00e9ricain, qui a promis \u00e0 maintes reprises de mettre fin \u00e0 la <a href=\"https:\/\/www.20minutes.fr\/monde\/ukraine\/?at_medium=RSS%20feed&amp;at_campaign=ynews&amp;utm_source=yahoo&amp;utm_medium=rss&amp;utm_campaign=news_feed&amp;utm_content=in_article_link\" rel=\"nofollow noopener\" target=\"_blank\" data-ylk=\"slk:guerre en Ukraine;elm:context_link;itc:0;sec:content-canvas\" class=\"link \">guerre en Ukraine<\/a>, a plusieurs fois parl\u00e9 au t\u00e9l\u00e9phone avec le ma\u00eetre du Kremlin ces derniers mois, mais ne l\u2019a pas revu en personne depuis son retour \u00e0 la Maison-Blanche.<\/p>\n<p>PUBLICIT\u00c9<\/p>\n<p><strong>Plus d\u2019informations \u00e0 venir sur 20 Minutes\u2026\/\u2026<\/strong><\/p>\n<p><a href=\"https:\/\/www.20minutes.fr\/monde\/ukraine\/4167303-20250809-guerre-ukraine-trump-annonce-rencontre-poutine-fera-15-aout-alaska?at_medium=RSS%20feed&amp;at_campaign=ynews&amp;utm_source=yahoo&amp;utm_medium=rss&amp;utm_campaign=news_feed&amp;utm_content=read_more_link&quot;\" rel=\"nofollow noopener\" target=\"_blank\" data-ylk=\"slk:Lire la suite sur 20minutes;elm:context_link;itc:0;sec:content-canvas\" class=\"link \">Lire la suite sur 20minutes<\/a><\/p>\n<p>\u00c0 lire aussi :<br \/><a href=\"https:\/\/www.20minutes.fr\/monde\/ukraine\/4167277-20250808-guerre-ukraine-chine-inde-nouveaux-commentateurs-tensions-rapprochements-etats-unis-russie?at_medium=RSS%20feed&amp;at_campaign=ynews&amp;utm_source=yahoo&amp;utm_medium=rss&amp;utm_campaign=news_feed&amp;utm_content=related_content_link\" rel=\"nofollow noopener\" target=\"_blank\" data-ylk=\"slk:Guerre en Ukraine\u00a0: La Chine et l\u2019Inde nouveaux commentateurs des tensions et rapprochements Etats-Unis-Russie;elm:context_link;itc:0;sec:content-canvas\" class=\"link \">Guerre en Ukraine\u00a0: La Chine et l\u2019Inde nouveaux commentateurs des tensions et rapprochements Etats-Unis-Russie<\/a><br \/><a href=\"https:\/\/www.20minutes.fr\/monde\/etats-unis\/4166950-20250806-etats-unis-pourquoi-trump-decide-ajouter-droits-douane-supplementaires-25-inde?at_medium=RSS%20feed&amp;at_campaign=ynews&amp;utm_source=yahoo&amp;utm_medium=rss&amp;utm_campaign=news_feed&amp;utm_content=related_content_link\" rel=\"nofollow noopener\" target=\"_blank\" data-ylk=\"slk:Etats-Unis\u00a0: Pourquoi Trump a d\u00e9cid\u00e9 d\u2019ajouter des droits de douane suppl\u00e9mentaires de 25\u00a0% \u00e0 l\u2019Inde;elm:context_link;itc:0;sec:content-canvas\" class=\"link \">Etats-Unis\u00a0: Pourquoi Trump a d\u00e9cid\u00e9 d\u2019ajouter des droits de douane suppl\u00e9mentaires de 25\u00a0% \u00e0 l\u2019Inde<\/a><\/p>\n","protected":false},"excerpt":{"rendered":"SOMMET &#8211; Le ma\u00eetre du Kremlin va donc se rendre sur le sol des Etats-Unis pour une rencontre&hellip;\n","protected":false},"author":2,"featured_media":306319,"comment_status":"","ping_status":"","sticky":false,"template":"","format":"standard","meta":{"footnotes":""},"categories":[1590],"tags":[11,75,73,1777,674,78,12,7274,220,44693],"class_list":{"0":"post-306318","1":"post","2":"type-post","3":"status-publish","4":"format-standard","5":"has-post-thumbnail","7":"category-ukraine","8":"tag-actualites","9":"tag-donald-trump","10":"tag-etats-unis","11":"tag-eu","12":"tag-europe","13":"tag-maison-blanche","14":"tag-news","15":"tag-president-americain","16":"tag-ukraine","17":"tag-une-rencontre"},"share_on_mastodon":{"url":"https:\/\/pubeurope.com\/@fr\/114996220263124472","error":""},"_links":{"self":[{"href":"https:\/\/www.europesays.com\/fr\/wp-json\/wp\/v2\/posts\/306318","targetHints":{"allow":["GET"]}}],"collection":[{"href":"https:\/\/www.europesays.com\/fr\/wp-json\/wp\/v2\/posts"}],"about":[{"href":"https:\/\/www.europesays.com\/fr\/wp-json\/wp\/v2\/types\/post"}],"author":[{"embeddable":true,"href":"https:\/\/www.europesays.com\/fr\/wp-json\/wp\/v2\/users\/2"}],"replies":[{"embeddable":true,"href":"https:\/\/www.europesays.com\/fr\/wp-json\/wp\/v2\/comments?post=306318"}],"version-history":[{"count":0,"href":"https:\/\/www.europesays.com\/fr\/wp-json\/wp\/v2\/posts\/306318\/revisions"}],"wp:featuredmedia":[{"embeddable":true,"href":"https:\/\/www.europesays.com\/fr\/wp-json\/wp\/v2\/media\/306319"}],"wp:attachment":[{"href":"https:\/\/www.europesays.com\/fr\/wp-json\/wp\/v2\/media?parent=306318"}],"wp:term":[{"taxonomy":"category","embeddable":true,"href":"https:\/\/www.europesays.com\/fr\/wp-json\/wp\/v2\/categories?post=306318"},{"taxonomy":"post_tag","embeddable":true,"href":"https:\/\/www.europesays.com\/fr\/wp-json\/wp\/v2\/tags?post=306318"}],"curies":[{"name":"wp","href":"https:\/\/api.w.org\/{rel}","templated":true}]}}