{"id":306320,"date":"2025-08-09T01:30:16","date_gmt":"2025-08-09T01:30:16","guid":{"rendered":"https:\/\/www.europesays.com\/fr\/306320\/"},"modified":"2025-08-09T01:30:16","modified_gmt":"2025-08-09T01:30:16","slug":"trump-reclame-1-milliard-de-dollars-a-luniversite-de-californie-pour-des-manifestations-propalestiniennes","status":"publish","type":"post","link":"https:\/\/www.europesays.com\/fr\/306320\/","title":{"rendered":"Trump r\u00e9clame 1\u00a0milliard de dollars \u00e0 l\u2019Universit\u00e9 de Californie pour des manifestations propalestiniennes"},"content":{"rendered":"<p>L\u2019<a href=\"https:\/\/www.20minutes.fr\/dossier\/universite\" target=\"_blank\" class=\"color-ultramarine c-link\" rel=\"noopener\">universit\u00e9<\/a> publique de <a href=\"https:\/\/www.20minutes.fr\/dossier\/californie\" target=\"_blank\" class=\"color-ultramarine c-link\" rel=\"noopener\">Californie<\/a> (UC) a annonc\u00e9 vendredi que le gouvernement am\u00e9ricain lui r\u00e9clamait une amende monstre d\u2019un milliard de dollars pour les manifestations propalestiniennes de\u00a02024, nouvelle offensive de l\u2019administration de <a href=\"https:\/\/www.20minutes.fr\/dossier\/donald_trump\" target=\"_blank\" class=\"color-ultramarine c-link\" rel=\"noopener\">Donald Trump<\/a> contre l\u2019enseignement sup\u00e9rieur.<\/p>\n<p>Le montant repr\u00e9sente cinq fois ce que l\u2019universit\u00e9 priv\u00e9e new-yorkaise <a href=\"https:\/\/www.20minutes.fr\/monde\/etats-unis\/4164873-20250722-etats-unis-universite-columbia-sanctionne-80-etudiants-propalestiniens-apres-occupation-bibliotheque\" target=\"_blank\" class=\"color-ultramarine c-link\" rel=\"noopener\">Columbia<\/a> a consenti \u00e0 payer fin juillet, plus de 200\u00a0millions de dollars, pour r\u00e9gler un diff\u00e9rend sur des accusations d\u2019<a href=\"https:\/\/www.20minutes.fr\/dossier\/antisemitisme\" target=\"_blank\" class=\"color-ultramarine c-link\" rel=\"noopener\">antis\u00e9mitisme<\/a> qui aurait prolif\u00e9r\u00e9 sur son campus lors du mouvement du printemps\u00a02024 contre la guerre men\u00e9e par <a href=\"https:\/\/www.20minutes.fr\/monde\/israel\/\" target=\"_blank\" class=\"color-ultramarine c-link\" rel=\"noopener\">Isra\u00ebl<\/a> dans la bande de <a href=\"https:\/\/www.20minutes.fr\/monde\/gaza\/\" target=\"_blank\" class=\"color-ultramarine c-link\" rel=\"noopener\">Gaza<\/a>.<\/p>\n<p>\u00ab\u00a0Un mal immense \u00e0 nos \u00e9tudiants\u00a0\u00bb<\/p>\n<p>\u00ab\u00a0En tant qu\u2019universit\u00e9 publique, nous sommes d\u00e9pendants des ressources du contribuable et un paiement de cette ampleur d\u00e9truirait compl\u00e8tement le meilleur syst\u00e8me universitaire public du pays et ferait un mal immense \u00e0 nos \u00e9tudiants et \u00e0 tous les Californiens\u00a0\u00bb, a d\u00e9clar\u00e9 \u00e0 la presse James Milliken, le pr\u00e9sident de l\u2019universit\u00e9 de Californie.<\/p>\n<\/p>\n<p>D\u2019apr\u00e8s ce responsable qui chapeaute dix campus, dont le plus important \u00e0 Los Angeles (UCLA), si\u00e8ge des manifestations de l\u2019an dernier et dans le collimateur de l\u2019administration Trump, l\u2019universit\u00e9 a re\u00e7u vendredi la demande du gouvernement f\u00e9d\u00e9ral. James Milliken a invoqu\u00e9 le \u00ab\u00a0travail crucial que r\u00e9alisent UCLA et le r\u00e9seau UC en mati\u00e8re de recherches technologique et m\u00e9dicale, afin de sauver des vies, faire cro\u00eetre l\u2019\u00e9conomie am\u00e9ricaine et pr\u00e9server la s\u00e9curit\u00e9 nationale\u00a0\u00bb.<\/p>\n<p>170\u00a0millions de dollars \u00e0 verser aux \u00e9tudiants juifs<\/p>\n<p>D\u2019apr\u00e8s des m\u00e9dias en Californie, le gouvernement Trump exigerait \u00e9galement que l\u2019universit\u00e9 verse 172\u00a0millions de dollars \u00e0 ses \u00e9tudiants <a href=\"https:\/\/www.20minutes.fr\/dossier\/juif\" target=\"_blank\" class=\"color-ultramarine c-link\" rel=\"noopener\">juifs<\/a> qui se seraient sentis discrimin\u00e9s et intimid\u00e9s lors du mouvement des campus il y a 15 mois. Le r\u00e9seau UC, situ\u00e9 dans l\u2019Etat le plus peupl\u00e9 et le plus riche du pays, est consid\u00e9r\u00e9 comme le meilleur syst\u00e8me d\u2019enseignement sup\u00e9rieur public des <a href=\"https:\/\/www.20minutes.fr\/monde\/etats-unis\/\" target=\"_blank\" class=\"color-ultramarine c-link\" rel=\"noopener\">Etats-Unis<\/a>, o\u00f9 les prestigieuses universit\u00e9s priv\u00e9es pratiquent des frais prohibitifs.<\/p>\n<p><a href=\"https:\/\/www.20minutes.fr\/monde\/etats-unis\/\" target=\"_blank\" class=\"c-link c-btn c-btn--primary\" rel=\"noopener\">Notre dossier sur les Etats-Unis<\/a><\/p>\n<p>Parmi les autres universit\u00e9s vis\u00e9es par l\u2019administration Trump, Columbia a scell\u00e9 fin juillet un accord financier \u00e0 221\u00a0millions de dollars avec le gouvernement. La semaine derni\u00e8re, le New York Times rapportait aussi qu\u2019un accord \u00e0 500\u00a0millions de dollars serait en pr\u00e9paration entre l\u2019administration Trump et l\u2019universit\u00e9 de Harvard.<\/p>\n","protected":false},"excerpt":{"rendered":"L\u2019universit\u00e9 publique de Californie (UC) a annonc\u00e9 vendredi que le gouvernement am\u00e9ricain lui r\u00e9clamait une amende monstre d\u2019un&hellip;\n","protected":false},"author":2,"featured_media":306321,"comment_status":"","ping_status":"","sticky":false,"template":"","format":"standard","meta":{"footnotes":""},"categories":[1589],"tags":[47,11,7087,2139,75,4854,73,1866,665,666,664,6116,1272,74,415,12,1864,1865,5768,1863,308],"class_list":{"0":"post-306320","1":"post","2":"type-post","3":"status-publish","4":"format-standard","5":"has-post-thumbnail","7":"category-etats-unis","8":"tag-actualite","9":"tag-actualites","10":"tag-amende","11":"tag-californie","12":"tag-donald-trump","13":"tag-enseignement-superieur","14":"tag-etats-unis","15":"tag-etats-unis-damerique","16":"tag-gaza","17":"tag-harvard","18":"tag-israel","19":"tag-los-angeles","20":"tag-manifestations","21":"tag-monde","22":"tag-new-york","23":"tag-news","24":"tag-united-states","25":"tag-united-states-of-america","26":"tag-universite","27":"tag-us","28":"tag-usa"},"share_on_mastodon":{"url":"https:\/\/pubeurope.com\/@fr\/114996223879379211","error":""},"_links":{"self":[{"href":"https:\/\/www.europesays.com\/fr\/wp-json\/wp\/v2\/posts\/306320","targetHints":{"allow":["GET"]}}],"collection":[{"href":"https:\/\/www.europesays.com\/fr\/wp-json\/wp\/v2\/posts"}],"about":[{"href":"https:\/\/www.europesays.com\/fr\/wp-json\/wp\/v2\/types\/post"}],"author":[{"embeddable":true,"href":"https:\/\/www.europesays.com\/fr\/wp-json\/wp\/v2\/users\/2"}],"replies":[{"embeddable":true,"href":"https:\/\/www.europesays.com\/fr\/wp-json\/wp\/v2\/comments?post=306320"}],"version-history":[{"count":0,"href":"https:\/\/www.europesays.com\/fr\/wp-json\/wp\/v2\/posts\/306320\/revisions"}],"wp:featuredmedia":[{"embeddable":true,"href":"https:\/\/www.europesays.com\/fr\/wp-json\/wp\/v2\/media\/306321"}],"wp:attachment":[{"href":"https:\/\/www.europesays.com\/fr\/wp-json\/wp\/v2\/media?parent=306320"}],"wp:term":[{"taxonomy":"category","embeddable":true,"href":"https:\/\/www.europesays.com\/fr\/wp-json\/wp\/v2\/categories?post=306320"},{"taxonomy":"post_tag","embeddable":true,"href":"https:\/\/www.europesays.com\/fr\/wp-json\/wp\/v2\/tags?post=306320"}],"curies":[{"name":"wp","href":"https:\/\/api.w.org\/{rel}","templated":true}]}}