{"id":306323,"date":"2025-08-09T01:32:21","date_gmt":"2025-08-09T01:32:21","guid":{"rendered":"https:\/\/www.europesays.com\/fr\/306323\/"},"modified":"2025-08-09T01:32:21","modified_gmt":"2025-08-09T01:32:21","slug":"zelensky-sonde-leurope-apres-les-echanges-entre-la-russie-et-les-usa-07-08-2025-a-1535","status":"publish","type":"post","link":"https:\/\/www.europesays.com\/fr\/306323\/","title":{"rendered":"Zelensky sonde l&rsquo;Europe apr\u00e8s les \u00e9changes entre la Russie et les USA &#8211; 07\/08\/2025 \u00e0 15:35"},"content":{"rendered":"<p>\n (Actualis\u00e9 avec entretiens avec Macron et Von der Leyen)\n<\/p>\n<p>\n Volodimir Zelensky s&rsquo;est<br \/>\nentretenu jeudi avec plusieurs dirigeants europ\u00e9ens, au<br \/>\nlendemain de la rencontre \u00e0 Moscou entre Vladimir Poutine et<br \/>\nl&rsquo;\u00e9missaire am\u00e9ricain Steve Witkoff.\n<\/p>\n<p>\n Le pr\u00e9sident ukrainien s&rsquo;est entretenu avec son homologue<br \/>\nfran\u00e7ais, Emmanuel Macron, le chancelier allemand Friedrich Merz<br \/>\net la pr\u00e9sidente de la Commission europ\u00e9enne Ursula von der<br \/>\nLeyen, des discussions destin\u00e9es \u00e0 \u00ab\u00a0r\u00e9aliser de r\u00e9els progr\u00e8s<br \/>\nsur la voie de la paix et garantir l&rsquo;ind\u00e9pendance de l&rsquo;Ukraine<br \/>\nen toutes circonstances\u00a0\u00bb, a affirm\u00e9 le dirigeant ukrainien.\n<\/p>\n<p>\n Ces discussions interviennent alors que le Kremlin a fait<br \/>\nsavoir ce jeudi qu&rsquo;un accord avait \u00e9t\u00e9 trouv\u00e9 pour une rencontre<br \/>\nla semaine prochaine entre le pr\u00e9sident am\u00e9ricain Donald Trump<br \/>\net son homologue russe Vladimir Poutine.\n<\/p>\n<p>\n Donald Trump a adress\u00e9 \u00e0 la Russie un ultimatum qui expire<br \/>\nce vendredi pour mettre fin \u00e0 sa guerre contre l&rsquo;Ukraine,<br \/>\nmena\u00e7ant Moscou de nouvelles sanctions et d&rsquo;imposer des droits<br \/>\nde douane de 100% aux pays qui ach\u00e8tent son p\u00e9trole.\n<\/p>\n<p>\n A l&rsquo;issue de son entretien t\u00e9l\u00e9phonique avec Emmanuel<br \/>\nMacron, Volodimir Zelensky a indiqu\u00e9 avoir discut\u00e9 avec le<br \/>\npr\u00e9sident fran\u00e7ais de l&rsquo;entretien qu&rsquo;il a eu mardi avec Donald<br \/>\nTrump.\n<\/p>\n<p>\n \u00ab\u00a0Nous coordonnons nos positions et nous sommes \u00e9galement<br \/>\nconvaincus de la n\u00e9cessit\u00e9 d&rsquo;une vision europ\u00e9enne commune sur<br \/>\nles questions de s\u00e9curit\u00e9 cl\u00e9s pour l&rsquo;Europe\u00a0\u00bb, a affirm\u00e9<br \/>\nVolodimir Zelensky sur X.\n<\/p>\n<p>\n La pr\u00e9sidente de la Commission europ\u00e9enne Ursula von der<br \/>\nLeyen a indiqu\u00e9 pour sa part avoir discut\u00e9 avec Volodimir<br \/>\nZelensky \u00ab\u00a0des d\u00e9veloppements des derniers jours\u00a0\u00bb dans le conflit<br \/>\nen Ukraine qui dure depuis f\u00e9vrier 2022.\n<\/p>\n<p>\n \u00ab\u00a0Nous avons discut\u00e9 des prochaines \u00e9tapes vers un accord de<br \/>\npaix n\u00e9goci\u00e9, de l&rsquo;adh\u00e9sion future de l&rsquo;Ukraine \u00e0 l&rsquo;Union<br \/>\neurop\u00e9enne et de sa reconstruction\u00a0\u00bb, a-t-elle ajout\u00e9 sur X.\n<\/p>\n<p>\n Plus t\u00f4t dans la journ\u00e9e, Volodimir Zelensky s&rsquo;est entretenu<br \/>\navec le chancelier allemand Friedrich Merz, qui lui a r\u00e9affirm\u00e9<br \/>\nson soutien.\n<\/p>\n<p>\n \u00ab\u00a0Les deux parties sont convenues de maintenir un contact<br \/>\n\u00e9troit entre les partenaires europ\u00e9ens et les Etats-Unis\u00a0\u00bb, a<br \/>\nd\u00e9clar\u00e9 un porte-parole de la chancellerie allemande dans un<br \/>\ncommuniqu\u00e9.\n<\/p>\n<p>\n Apr\u00e8s son appel avec le dirigeant allemand, Volodimir<br \/>\nZelensky a pour sa part d\u00e9clar\u00e9 que l&rsquo;Europe devait participer<br \/>\nau processus de pays entre la Russie et l&rsquo;Ukraine.\n<\/p>\n<p>\n \u00ab\u00a0L&rsquo;Ukraine n&rsquo;a pas peur des r\u00e9unions et esp\u00e8re la m\u00eame<br \/>\nattitude courageuse de la part de la Russie\u00a0\u00bb, a d\u00e9clar\u00e9 le<br \/>\npr\u00e9sident ukrainien.\n<\/p>\n<p>\n (R\u00e9dig\u00e9 par Anastasiia Malenko; version fran\u00e7aise Zhifan Liu et<br \/>\nBlandine H\u00e9nault, \u00e9dit\u00e9 par Kate Entringer)<\/p>\n","protected":false},"excerpt":{"rendered":"(Actualis\u00e9 avec entretiens avec Macron et Von der Leyen) Volodimir Zelensky s&rsquo;est entretenu jeudi avec plusieurs dirigeants europ\u00e9ens,&hellip;\n","protected":false},"author":2,"featured_media":2486,"comment_status":"","ping_status":"","sticky":false,"template":"","format":"standard","meta":{"footnotes":""},"categories":[1587],"tags":[400,11,672,398,408,1804,405,1805,1803,1777,674,1801,403,402,399,404,12,1802,401,406,407],"class_list":{"0":"post-306323","1":"post","2":"type-post","3":"status-publish","4":"format-standard","5":"has-post-thumbnail","7":"category-allemagne","8":"tag-action-cac-40","9":"tag-actualites","10":"tag-allemagne","11":"tag-bourse-de-paris","12":"tag-boursorama","13":"tag-bundesrepublik-deutschland","14":"tag-cotations","15":"tag-de","16":"tag-deutschland","17":"tag-eu","18":"tag-europe","19":"tag-germany","20":"tag-indices-devises","21":"tag-investir","22":"tag-investissement","23":"tag-marche-boursier","24":"tag-news","25":"tag-republique-federale-dallemagne","26":"tag-sicav","27":"tag-trackers","28":"tag-warrants"},"share_on_mastodon":{"url":"https:\/\/pubeurope.com\/@fr\/114996231699602242","error":""},"_links":{"self":[{"href":"https:\/\/www.europesays.com\/fr\/wp-json\/wp\/v2\/posts\/306323","targetHints":{"allow":["GET"]}}],"collection":[{"href":"https:\/\/www.europesays.com\/fr\/wp-json\/wp\/v2\/posts"}],"about":[{"href":"https:\/\/www.europesays.com\/fr\/wp-json\/wp\/v2\/types\/post"}],"author":[{"embeddable":true,"href":"https:\/\/www.europesays.com\/fr\/wp-json\/wp\/v2\/users\/2"}],"replies":[{"embeddable":true,"href":"https:\/\/www.europesays.com\/fr\/wp-json\/wp\/v2\/comments?post=306323"}],"version-history":[{"count":0,"href":"https:\/\/www.europesays.com\/fr\/wp-json\/wp\/v2\/posts\/306323\/revisions"}],"wp:featuredmedia":[{"embeddable":true,"href":"https:\/\/www.europesays.com\/fr\/wp-json\/wp\/v2\/media\/2486"}],"wp:attachment":[{"href":"https:\/\/www.europesays.com\/fr\/wp-json\/wp\/v2\/media?parent=306323"}],"wp:term":[{"taxonomy":"category","embeddable":true,"href":"https:\/\/www.europesays.com\/fr\/wp-json\/wp\/v2\/categories?post=306323"},{"taxonomy":"post_tag","embeddable":true,"href":"https:\/\/www.europesays.com\/fr\/wp-json\/wp\/v2\/tags?post=306323"}],"curies":[{"name":"wp","href":"https:\/\/api.w.org\/{rel}","templated":true}]}}