{"id":306326,"date":"2025-08-09T01:37:27","date_gmt":"2025-08-09T01:37:27","guid":{"rendered":"https:\/\/www.europesays.com\/fr\/306326\/"},"modified":"2025-08-09T01:37:27","modified_gmt":"2025-08-09T01:37:27","slug":"le-centrisme-propos-centristes-union-europeenne-condamnation-des-actes-et-des-projets-israeliens-a-gaza-condamnation-du-traitement-des-otages-par-le-hamas-condamnation-des-crimes-russes","status":"publish","type":"post","link":"https:\/\/www.europesays.com\/fr\/306326\/","title":{"rendered":"Le Centrisme: Propos centristes. Union europ\u00e9enne \u2013 Condamnation des actes et des projets isra\u00e9liens \u00e0 Gaza; condamnation du traitement des otages par le Hamas \/ Condamnation des crimes russes en Ukraine \/ Italie: l\u2019inaction de Meloni continue \/ Allemagne: n\u00e9cessit\u00e9 d\u2019une r\u00e9forme des retraites \/ Portugal: crise d\u00e9mographique\u2026"},"content":{"rendered":"<p><a href=\"https:\/\/blogger.googleusercontent.com\/img\/b\/R29vZ2xl\/AVvXsEgW7g80H-5RA7tfcG9f-6YV-ZpLYWjiF5XBhFAhmeBmwRXHXv-CKlEgr2QE84fxfrBX1QWzLbg81T99NpcTsGZJbR_WBgRPaH3vIzmMa7ITo-foZlfqUY_lSKVcveoTQCKqnoF9P_rM0Gkl6a4uadmGpyLft7eEDcfYN0vfMD6E7aWyPANZn4BQQg\/s244\/propos%20centristes%20union%20europ%C3%A9enne%203.JPG\" imageanchor=\"1\" style=\"clear: left; float: left; margin-bottom: 1em; margin-right: 1em;\" rel=\"nofollow noopener\" target=\"_blank\"><img loading=\"lazy\" decoding=\"async\" border=\"0\" data-original-height=\"206\" data-original-width=\"244\" height=\"206\" src=\"https:\/\/www.europesays.com\/fr\/wp-content\/uploads\/2025\/08\/propos centristes union europ\u00e9enne 3.JPG\" width=\"244\"\/><\/a><\/p>\n<p class=\"MsoNormal\" style=\"text-align: justify;\"><b>V<\/b>oici une s\u00e9lection, ce 8 ao\u00fbt 2025, des derniers propos<br \/>\ntenus par des centristes dans les m\u00e9dias ou sur les r\u00e9seaux sociaux dans<br \/>\nl\u2019Union europ\u00e9enne.<\/p>\n<p class=\"MsoNormal\" style=\"text-align: justify;\"><b style=\"font-family: arial;\">\u25ba Institutions europ\u00e9ennes<br \/>\u25cf Commission europ\u00e9enne (commissaires centristes)<br \/><\/b>[Nota: les propos tenus par les commissaires europ\u00e9ens fran\u00e7ais sont \u00e0 lire<br \/>\ndans Propos centristes France] \u00a0<br \/>\n<b style=\"font-family: arial;\">Kaja Kallas (vice-pr\u00e9sidente, haute<br \/>\nrepr\u00e9sentante pour les affaires \u00e9trang\u00e8res et la politique de s\u00e9curit\u00e9)<br \/><\/b>&gt; [Crise de Gaza] Les images des otages isra\u00e9liens sont \u00e9pouvantables et<br \/>\nexposent la barbarie du Hamas. Tous les otages doivent \u00eatre lib\u00e9r\u00e9s<br \/>\nimm\u00e9diatement et sans condition. <br \/>Hamas doit d\u00e9sarmer et mettre fin \u00e0 son r\u00e8gne \u00e0 Gaza. <br \/>En m\u00eame temps, il faut permettre \u00e0 l\u2019aide humanitaire \u00e0 grande \u00e9chelle<br \/>\nd\u2019atteindre ceux qui sont dans le besoin.<\/p>\n<p class=\"MsoNormal\" style=\"text-align: justify;\">&gt; [Agression de Poutine contre l\u2019Ukraine] Les frappes<br \/>\nrusses sur les villes ukrainiennes sont d\u00e9prav\u00e9es, destin\u00e9es \u00e0 tuer des civils.<br \/>Les drapeaux sont en berne pour pleurer les victimes.<br \/>Plus d\u2019armes pour l\u2019Ukraine et des sanctions plus s\u00e9v\u00e8res contre la Russie sont<br \/>\nle moyen le plus rapide de mettre fin \u00e0 la guerre.<\/p>\n<p class=\"MsoNormal\" style=\"text-align: justify;\">Obtenir rapidement plus de d\u00e9fenses a\u00e9riennes pour l\u2019Ukraine<br \/>\nest notre priorit\u00e9.<\/p>\n<p class=\"MsoNormal\" style=\"text-align: justify;\">&gt; [Agression de Poutine contre l\u2019Ukraine] La Russie veut<br \/>\nd\u00e9truire l\u2019Ukraine. Ce faisant, il brise \u00e9galement la promesse qu\u2019il a faite il<br \/>\ny a 50 ans aujourd\u2019hui dans l\u2019Acte final d\u2019Helsinki.<br \/>Respect de la souverainet\u00e9, de l\u2019int\u00e9grit\u00e9 territoriale et du droit de chaque<br \/>\npays \u00e0 choisir ses alliances.<br \/>Nous ne laisserons pas la Russie d\u00e9chirer ces principes.<\/p>\n<p class=\"MsoNormal\" style=\"text-align: justify;\">&gt; La d\u00e9marche de l\u2019Ukraine visant \u00e0 restaurer les<br \/>\npouvoirs des organismes de lutte contre la corruption d\u00e9montre sa d\u00e9termination<br \/>\n\u00e0 reprendre rapidement le cap lorsque les valeurs d\u00e9mocratiques europ\u00e9ennes<br \/>\nsont en jeu.<br \/>L\u2019\u00c9tat de droit et la lutte contre la corruption sont cruciaux pour tout pays<br \/>\naspirant \u00e0 rejoindre l\u2019UE.<\/p>\n<p class=\"MsoNormal\" style=\"text-align: justify;\">\u00a0<\/p>\n<p class=\"MsoNormal\" style=\"text-align: justify;\"><b style=\"font-family: arial;\">Michael McGrath<br \/>\n(commissaire \u00e0 la d\u00e9mocratie, \u00e0 la justice et \u00e0 l\u2019\u00e9tat de droit)<br \/><\/b>&gt; L&rsquo;Etat de droit de l&rsquo;UE n&rsquo;est<br \/>\npas n\u00e9gociable.<\/p>\n<p class=\"MsoNormal\" style=\"text-align: justify;\">\u00a0<\/p>\n<p class=\"MsoNormal\" style=\"text-align: justify;\"><b style=\"font-family: arial;\">Hadja Lahbib<br \/>\n(commissaire \u00e0 l\u2019\u00e9galit\u00e9 et \u00e0 la gestion des crises)<br \/><\/b>&gt; [Crise de Gaza] Nous restons<br \/>\nd\u00e9termin\u00e9s \u00e0 fournir une aide vitale \u00e0 Gaza. Hier, un pont a\u00e9rien humanitaire<br \/>\nde l\u2019UE transportant 80 tonnes d\u2019articles m\u00e9dicaux a atterri \u00e0 Tel Aviv. Avec<br \/>\nl\u2019OMS, nous sommes d\u00e9termin\u00e9s \u00e0 apporter une aide urgente aux personnes dans le<br \/>\nbesoin et appelons \u00e0 un acc\u00e8s sans entrave pour les atteindre.<br \/>&gt; Un rapport d\u00e9chirant vient d\u2019\u00eatre publi\u00e9 sur la violence sexuelle et<br \/>\nsexiste r\u00e9pandue et d\u00e9lib\u00e9r\u00e9e dans le nord de l\u2019\u00c9thiopie, pendant et apr\u00e8s le<br \/>\nconflit du Nord 2020-2022. Il y a un besoin urgent de justice, de<br \/>\nresponsabilit\u00e9 et de soins pour les survivants.<br \/>La militarisation des corps des femmes et des hommes dans les conflits est un<br \/>\nusage brutal du pouvoir qui doit \u00eatre condamn\u00e9 sans \u00e9quivoque et arr\u00eat\u00e9.<br \/>Tous les civils doivent \u00eatre prot\u00e9g\u00e9s pendant les conflits, comme le prescrit<br \/>\nle droit international humanitaire.<br \/>&gt; Un an sans aide. Les communaut\u00e9s assi\u00e9g\u00e9es \u00e0 El Fasher au Soudan font face<br \/>\n\u00e0 la famine. Cela doit cesser. Bloquer l\u2019aide humanitaire est une violation<br \/>\nflagrante du droit international humanitaire, comme cela a \u00e9t\u00e9 r\u00e9p\u00e9t\u00e9 \u00e0 de<br \/>\nnombreuses reprises. L\u2019UE se joint \u00e0 l\u2019appel du chef des secours de l\u2019ONU pour<br \/>\nune pause humanitaire. Les civils et les travailleurs humanitaires ont besoin<br \/>\nd\u2019un passage s\u00fbr maintenant.<br \/>&gt; [Crise de Gaza] L\u2019ampleur de la souffrance humaine \u00e0 Gaza est<br \/>\nbouleversante. Je demande la lib\u00e9ration imm\u00e9diate de tous les otages isra\u00e9liens<br \/>\npar le Hamas et le Jihad islamique. J\u2019appelle Isra\u00ebl \u00e0 mettre fin \u00e0 sa famine \u00e0<br \/>\nGaza et \u00e0 permettre une livraison efficace de l\u2019aide humanitaire \u00e0 grande<br \/>\n\u00e9chelle. L\u2019humanit\u00e9 doit pr\u00e9valoir.<br \/>&gt; Aujourd\u2019hui, nous comm\u00e9morons les 500.000 Roms tu\u00e9s pendant l\u2019Holocauste.<br \/>\nNous honorons la m\u00e9moire des victimes et restons unis dans notre d\u00e9termination<br \/>\n\u00e0 d\u00e9fendre la dignit\u00e9 humaine, \u00e0 c\u00e9l\u00e9brer la diversit\u00e9 et \u00e0 faire en sorte que<br \/>\nla haine n\u2019ait pas sa place dans nos soci\u00e9t\u00e9s.<\/p>\n<p class=\"MsoNormal\" style=\"text-align: justify;\">&gt; [Crise de Gaza]<br \/>\nL\u2019UE est le principal partenaire \u00e9conomique d\u2019Isra\u00ebl et le plus grand donateur<br \/>\nhumanitaire. Nous avons une responsabilit\u00e9 \u2014 et je r\u00e9it\u00e8re ma volont\u00e9 d\u2019aller \u00e0<br \/>\nGaza d\u00e8s que possible pour voir la r\u00e9alit\u00e9 sur le terrain, aux c\u00f4t\u00e9s de nos<br \/>\npartenaires humanitaires.<br \/>J\u2019ai \u00e9t\u00e9 inform\u00e9 par Maciej Popowski [directeur g\u00e9n\u00e9ral, Protection civile et<br \/>\nop\u00e9rations d\u2019aide humanitaire de l\u2019UE] apr\u00e8s son retour d\u2019Isra\u00ebl. Il s\u2019est vu<br \/>\nrefuser l\u2019acc\u00e8s \u00e0 Gaza \u2014 et nous le regrettons profond\u00e9ment. Il a tenu des<br \/>\ndiscussions cl\u00e9s avec des responsables d\u2019Isra\u00ebl et avec des partenaires<br \/>\nhumanitaires travaillant \u00e0 Gaza et en Cisjordanie.<br \/>Notre bureau ECHO surveille la situation. Nous sommes pr\u00eats \u00e0 d\u00e9ployer des<br \/>\nmissions de surveillance de l\u2019UE \u00e0 tout moment. Les structures existent. La<br \/>\nvolont\u00e9 est l\u00e0. Ce dont nous avons besoin, c\u2019est d\u2019un acc\u00e8s.<br \/>Il y a eu quelques progr\u00e8s. Mais soyons honn\u00eates\u00a0: c\u2019est toujours une<br \/>\ngoutte dans l\u2019oc\u00e9an.<br \/>Sans acc\u00e8s, nous ne pouvons pas \u00e9valuer correctement les besoins ou fournir de<br \/>\nl\u2019aide\u00a0:<br \/>&#8211; Des gens meurent.<br \/>&#8211; Les enfants meurent de faim.<br \/>&#8211; Chaque minute co\u00fbte des vies.<br \/>Le moment d\u2019agir est maintenant.<br \/>Donnez-nous l\u2019acc\u00e8s.<\/p>\n<p class=\"MsoNormal\" style=\"text-align: justify;\">\u00a0<\/p>\n<p class=\"MsoNormal\" style=\"text-align: justify;\"><b>Marta Kos (commissaire \u00e0 l&rsquo;\u00e9largissement)<\/b><br \/>&gt; [Bosnie-Herz\u00e9govine\u00a0: d\u00e9claration sur la condamnation p\u00e9nale en appel<br \/>\ndu pr\u00e9sident de la Republika Srpska, Milorad Dodik] Je prends note de l\u2019arr\u00eat<br \/>\nrendu aujourd\u2019hui confirmant la condamnation du pr\u00e9sident Milorad Dodik. Le<br \/>\nverdict est juridiquement contraignant. Les autorit\u00e9s de Banja Luka devraient<br \/>\nprendre les mesures n\u00e9cessaires pour le mettre en \u0153uvre sans d\u00e9lai.<\/p>\n<p class=\"MsoNormal\" style=\"text-align: justify;\">&gt; Je me r\u00e9jouis<br \/>\nde la nomination du nouveau chef du Bureau ukrainien de s\u00e9curit\u00e9 \u00e9conomique,<br \/>\nune r\u00e9forme cruciale fortement encourag\u00e9e par l\u2019UE.\u00a0 L\u2019UE soutient cette \u00e9tape vers des<br \/>\ninstitutions plus fortes et le chemin de l\u2019Ukraine vers l\u2019adh\u00e9sion. Les progr\u00e8s<br \/>\ndoivent se poursuivre<\/p>\n<p class=\"MsoNormal\" style=\"text-align: justify;\">\u00a0<\/p>\n<p class=\"MsoNormal\" style=\"text-align: justify;\"><b style=\"font-family: arial;\">\u25cf Parlement europ\u00e9en<\/b><br \/><b style=\"mso-bidi-font-weight: normal;\">\u2666 Renew Europe (groupe centriste<br \/>\net lib\u00e9ral au Parlement europ\u00e9en)\u00a0<br \/><\/b>[Nota: les propos tenus par les d\u00e9put\u00e9s europ\u00e9ens fran\u00e7ais sont \u00e0 lire dans<br \/>\nPropos centristes France] \u00a0<br \/>\n<b style=\"font-family: arial;\">Dan Barna (vice-pr\u00e9sident)<br \/><\/b>&gt; Ce 7\u00a0ao\u00fbt est le 17e anniversaire de l\u2019invasion de la G\u00e9orgie par<br \/>\nla Russie. Ne laissez pas la d\u00e9sinformation gagner. L\u2019invasion a commenc\u00e9 le<br \/>\n7\u00a0ao\u00fbt, pas le 8\u00a0ao\u00fbt comme le pr\u00e9tendent les voix pro-Kremlin.<br \/>Le silence du monde en 2008 a conduit \u00e0 2014 et 2022 en Ukraine. Votre voix<br \/>\ncompte aujourd\u2019hui.<\/p>\n<p class=\"MsoNormal\" style=\"text-align: justify;\">\u00a0<\/p>\n<p class=\"MsoNormal\" style=\"text-align: justify;\"><b>Petras Austrevicius (d\u00e9put\u00e9)<br \/><\/b>&gt; La journaliste g\u00e9orgienne Mzia Amaglobeli a \u00e9t\u00e9 condamn\u00e9e \u00e0 deux ans<br \/>\nde prison pour avoir pr\u00e9tendument agress\u00e9 un policier. Ceux qui sont<br \/>\nresponsables du changement politique de la G\u00e9orgie &#8211; non d\u00e9mocratique, pas<br \/>\neurop\u00e9en, r\u00e9pressif contre la soci\u00e9t\u00e9 civile doivent en subir les cons\u00e9quences.<br \/>\nLe temps pour les d\u00e9clarations est termin\u00e9.<\/p>\n<p class=\"MsoNormal\" style=\"text-align: justify;\">&gt; [Agression de l\u2019Ukraine par Poutine et aide de l\u2019Inde \u00e0<br \/>\nla Russie] Au cours des derni\u00e8res ann\u00e9es, l\u2019Inde reste un partenaire stable de<br \/>\nla Russie. L\u2019Inde importe environ 30 \u00e0 40\u00a0% du p\u00e9trole russe, reste un<br \/>\ngrand march\u00e9 pour les produits de d\u00e9fense russes contribuant largement aux<br \/>\nrecettes budg\u00e9taires de la Russie. Les tarifs impos\u00e9s par les \u00c9tats-Unis \u00e0<br \/>\nl\u2019Inde ont une v\u00e9ritable raison.<\/p>\n<p class=\"MsoNormal\" style=\"text-align: justify;\">&gt; L\u2019\u00e9glise orthodoxe russe sert loyalement l\u2019\u00c9tat et<br \/>\naccomplit des choses magiques, \u00e9galant d\u00e9sormais Poutine et Loukachenko en<br \/>\nhauteur. La v\u00e9rit\u00e9 est entre des mains fortes !<\/p>\n<p class=\"MsoNormal\" style=\"text-align: justify;\">&gt; Le Parlement ukrainien a r\u00e9tabli l\u2019ind\u00e9pendance des<br \/>\nagences de lutte contre la corruption par 331 voix &#8211; NABU et SAPO. Bon travail<br \/>\n! Correction de la d\u00e9cision pr\u00e9c\u00e9dente ciment\u00e9e par le cours d\u2019int\u00e9gration du<br \/>\npays \u00e0 l\u2019euro et la volont\u00e9 des gens ! SlavaUkraini !<\/p>\n<p class=\"MsoNormal\" style=\"text-align: justify;\">\u00a0<\/p>\n<p class=\"MsoNormal\" style=\"text-align: justify;\"><b>Karin Karlsbro (d\u00e9put\u00e9e)<br \/><\/b>&gt; [Sanctions contre la Russie] L\u2019UE doit mettre un terme imm\u00e9diat aux<br \/>\ntouristes russes dans l\u2019UE. Aucun Russe ne devrait pouvoir prendre le soleil<br \/>\nsur la riviera ou faire de la randonn\u00e9e dans les montagnes su\u00e9doises avant que<br \/>\nl\u2019Ukraine ne gagne la guerre. J&rsquo;ai soulev\u00e9 la question aujourd\u2019hui directement<br \/>\naupr\u00e8s du commissaire europ\u00e9en responsable, Magnus Brunner.<br \/>L\u2019ensemble de l\u2019Europe doit suivre la m\u00eame ligne que, entre autres. L\u2019Estonie<br \/>\nqui a compl\u00e8tement arr\u00eat\u00e9 le visa touristique pour les Russes. Si l\u2019Europe veut<br \/>\nr\u00e9ussir \u00e0 emp\u00eacher les touristes russes de venir en Europe, une solution<br \/>\neurop\u00e9enne est n\u00e9cessaire. <br \/>Les int\u00e9r\u00eats \u00e0 court terme de certains \u00c9tats membres souhaitant servir les<br \/>\ntouristes russes ne doivent pas primer sur les int\u00e9r\u00eats s\u00e9curitaires de l\u2019UE.<\/p>\n<p class=\"MsoNormal\" style=\"text-align: justify;\">\u00a0<\/p>\n<p class=\"MsoNormal\" style=\"text-align: justify;\"><b>Michal Kobosko (d\u00e9put\u00e9)<br \/><\/b>&gt; Avec Sophie Wilmes, ancienne premi\u00e8re ministre de Belgique, j\u2019ai<br \/>\nenvoy\u00e9 une enqu\u00eate \u00e0 la Commission europ\u00e9enne sur l\u2019\u00e9tat de droit et le r\u00f4le<br \/>\ndes gouvernements locaux. <br \/>1 Comment les autorit\u00e9s locales et r\u00e9gionales sont-elles actuellement associ\u00e9es<br \/>\n\u00e0 la pr\u00e9paration du rapport annuel sur l\u2019\u00e9tat de droit, et la Commission<br \/>\nvoit-elle une occasion d\u2019accro\u00eetre leur participation aux \u00e9ditions futures?<br \/>2 Comment la Commission engage-t-elle actuellement un dialogue avec les<br \/>\nautorit\u00e9s locales et r\u00e9gionales sur l\u2019\u00e9tat de droit et soutient-elle l\u2019id\u00e9e<br \/>\nd\u2019\u00e9tablir des dialogues locaux d\u00e9di\u00e9s \u00e0 l\u2019\u00e9tat de droit?\u00a0\u00bb<br \/>Qu\u2019est-ce qui m\u2019a pouss\u00e9 \u00e0 formuler une telle requ\u00eate ?<br \/>Au cours d\u2019une r\u00e9union avec le maire de Budapest lors de la session pl\u00e9ni\u00e8re de<br \/>\njuillet, le repr\u00e9sentant du gouvernement local a soulign\u00e9 que les autorit\u00e9s<br \/>\nlocales et r\u00e9gionales jouent un r\u00f4le cl\u00e9 dans le respect de l\u2019\u00e9tat de droit et<br \/>\nla protection des valeurs fondamentales de l\u2019UE, en particulier par leur<br \/>\nresponsabilit\u00e9 dans la fourniture de services publics et leurs relations<br \/>\n\u00e9troites avec les citoyens. Cependant, dans certains \u00c9tats membres, la Hongrie<br \/>\npeut servir d\u2019exemple, les collectivit\u00e9s locales et r\u00e9gionales sont confront\u00e9es<br \/>\n\u00e0 des contraintes institutionnelles et budg\u00e9taires pour des raisons politiques,<br \/>\nce qui peut compromettre leur capacit\u00e9 \u00e0 agir efficacement. <br \/>Nous avons \u00e9galement v\u00e9cu cela pendant le gouvernement PiS en Pologne. Il est<br \/>\nn\u00e9cessaire de souligner clairement et fermement &#8211; sans gouvernements locaux<br \/>\nforts, il n\u2019y aura pas de Pologne forte. Sans r\u00e9gions fortes, il n\u2019y aura pas<br \/>\nd\u2019UE forte.<\/p>\n<p class=\"MsoNormal\" style=\"text-align: justify;\">\u00a0<\/p>\n<p class=\"MsoNormal\" style=\"text-align: justify;\"><b style=\"font-family: arial;\">\u25ba Pays membres de<br \/>\nl\u2019Union europ\u00e9enne<br \/>\u25cf Allemagne\u00a0<br \/>\u2666 FDP\u00a0<br \/>Christian D\u00fcrr (pr\u00e9sident)<br \/><\/b>&gt; [Crise de Gaza] Friedrich Merz commet une grave erreur\u00a0:<br \/>\nles plans de Netanyahou pour s\u2019emparer de la ville de Gaza vont beaucoup trop<br \/>\nloin. Mais le gouvernement f\u00e9d\u00e9ral r\u00e9agit, l\u2019arr\u00eat des livraisons d\u2019armes est<br \/>\nune erreur, le chancelier suit le SPD &#8211; et les calculs du Hamas prennent de<br \/>\nl\u2019ampleur.<\/p>\n<p class=\"MsoNormal\" style=\"text-align: justify;\">&gt; Trump est \u00e0 juste titre controvers\u00e9, mais il a raison &#8211;<br \/>\net est donc bien en avance sur la coalition rouge et noir. Parce que 401(k) est<br \/>\nun mod\u00e8le de retraite \u00e0 succ\u00e8s, il serait n\u00e9gligent de continuer \u00e0 refuser<br \/>\ntoute forme de capitalisation des retraites.<\/p>\n<p class=\"MsoNormal\" style=\"text-align: justify;\">&gt; Ce d\u00e9bat est un vote de d\u00e9fiance contre le paquet<br \/>\npension de la coalition noir-rouge. La majorit\u00e9 du pays ne se sent pas bien<br \/>\nprot\u00e9g\u00e9e par le vieillissement ; les gens veulent des r\u00e9formes fondamentales,<br \/>\nc\u2019est vrai ! Le travail \u00e0 la pi\u00e8ce ne nous fera pas avancer.<\/p>\n<p class=\"MsoNormal\" style=\"text-align: justify;\">&gt;A l&rsquo;attention de Die Linke [extr\u00eame-gauche]: Non<br \/>\nseulement la cr\u00e9ation, mais aussi le soutien d\u2019organisations terroristes est<br \/>\npunissable en Allemagne.<\/p>\n<p class=\"MsoNormal\" style=\"text-align: justify;\">&gt; La coalition noir-rouge adopte un paquet de retraite<br \/>\nsans financement solide, ce qui est mauvais &#8211; pour les jeunes comme pour les<br \/>\npersonnes \u00e2g\u00e9es. Nous avons besoin de r\u00e9formes, car notre syst\u00e8me de retraite<br \/>\nest une bombe \u00e0 retardement.<\/p>\n<p class=\"MsoNormal\" style=\"text-align: justify;\">&gt; Si le FDP d\u00e9fend une opinion sur les genres diff\u00e9rente<br \/>\nde celle des partis de gauche, il est exclu du CSD \u00e0 Br\u00eame. Lorsque le FDP<br \/>\naffiche un drapeau arc-en-ciel, les droitiers prennent une bouff\u00e9e d\u2019air ; pour<br \/>\ncertains, la tol\u00e9rance ne s\u2019applique apparemment qu\u2019\u00e0 leur propre opinion !<\/p>\n<p class=\"MsoNormal\" style=\"text-align: justify;\">\u00a0<\/p>\n<p class=\"MsoNormal\" style=\"text-align: justify;\"><b style=\"font-family: arial;\">\u25cf Belgique\u00a0<br \/>\u2666 Gouvernement<br \/>Maxime Pr\u00e9vot (vice-premier ministre et ministre des Affaires \u00e9trang\u00e8res, des Affaires<br \/>\neurop\u00e9ennes et de la Coop\u00e9ration au d\u00e9veloppement de la Belgique)\u00a0<br \/><\/b>&gt; [Crise de Gaza] Suite \u00e0 la confirmation officielle par le Gouvernement<br \/>\nisra\u00e9lien de sa volont\u00e9 d\u2019encercler puis d\u2019occuper la ville de Gaza et de<br \/>\nprendre le contr\u00f4le militaire de toute la bande de Gaza, j\u2019ai d\u00e9cid\u00e9 de faire<br \/>\nconvoquer l\u2019Ambassadrice d\u2019Isra\u00ebl. L\u2019objectif est clairement de t\u00e9moigner de<br \/>\nnotre totale d\u00e9sapprobation quant \u00e0 cette d\u00e9cision, mais \u00e9galement quant \u00e0 la<br \/>\npoursuite de la colonisation notamment la reprise du projet E1 \u00e0 l\u2019Est de<br \/>\nJ\u00e9rusalem, et la volont\u00e9 d\u2019annexion de la Cisjordanie r\u00e9cemment promue par la<br \/>\nKnesset. Autant d\u2019actes cumul\u00e9s susceptibles de potentiellement rayer la<br \/>\nPalestine de la carte, qui sont inadmissibles et contraires au droit<br \/>\ninternational, aux r\u00e9solutions des Nations-Unies et aux d\u00e9cisions de la Cour<br \/>\ninternationale de justice. C\u2019est aussi un risque majeur pour les otages<br \/>\nisra\u00e9liens encore d\u00e9tenus. Il s\u2019agira de plaider vigoureusement pour une marche<br \/>\narri\u00e8re de ces vell\u00e9it\u00e9s qui seraient de nature \u00e0 compromettre d\u00e9finitivement<br \/>\ntoute perspective de cessez-le-feu et de solution pacifique et durable \u00e0 deux<br \/>\n\u00c9tats pour lesquelles la Belgique insiste depuis des mois, sans omettre le<br \/>\nlibre-acc\u00e8s terrestre total pour l\u2019aide humanitaire. S\u2019il est l\u00e9gitime de<br \/>\nvouloir an\u00e9antir le groupe terroriste du Hamas, cela ne saurait se faire au<br \/>\ntravers d\u2019op\u00e9rations disproportionn\u00e9es qui allongeront encore plus la d\u00e9j\u00e0 tr\u00e8s<br \/>\net trop longue liste de victimes civiles palestiniennes.<\/p>\n<p class=\"MsoNormal\" style=\"text-align: justify;\">&gt; [Crise de Gaza] Sur ma proposition, la Belgique d\u00e9cide<br \/>\naujourd\u2019hui qu\u2019elle apportera son soutien \u00e0 la proposition de la Commission<br \/>\neurop\u00e9enne de suspension partielle de la participation d\u2019Isra\u00ebl au programme<br \/>\nHorizon Europe. Si la pr\u00e9sidence danoise parvient \u00e0 rassembler une majorit\u00e9<br \/>\nqualifi\u00e9e pour cette mesure, il s\u2019agirait enfin de la premi\u00e8re sanction<br \/>\neurop\u00e9enne concr\u00e8te visant le gouvernement isra\u00e9lien et ses int\u00e9r\u00eats<br \/>\n\u00e9conomiques. Nous continuons de demander \u00e0 la Commission de soumettre<br \/>\nrapidement d\u2019autres propositions concr\u00e8tes de mesures concernant l\u2019accord<br \/>\nd\u2019association, d\u2019autant que les engagements initialement formul\u00e9s pour<br \/>\nfavoriser l\u2019acheminement de l\u2019aide humanitaire ne semblent pas respect\u00e9s. Nous<br \/>\ndevons agir pour qu\u2019un acc\u00e8s total et sans entrave soit donn\u00e9 pour l\u2019aide<br \/>\nhumanitaire \u00e0 Gaza. Nos largages a\u00e9riens ne sont qu\u2019un palliatif. Et le sort<br \/>\ndes otages isra\u00e9liens est aussi tr\u00e8s pr\u00e9occupant ; nous r\u00e9it\u00e9rons notre appel \u00e0<br \/>\nleur lib\u00e9ration inconditionnelle.<\/p>\n<p class=\"MsoNormal\" style=\"text-align: justify;\">&gt; [Crise de Gaza] Les images diffus\u00e9es par le Hamas<br \/>\nmontrant des otages isra\u00e9liens \u00e9maci\u00e9s sont elles aussi choquantes et<br \/>\ninacceptables. Il ne peut y avoir d\u2019indignation \u00e0 g\u00e9om\u00e9trie variable lorsqu\u2019il<br \/>\ns\u2019agit d\u2019innocents pris dans l\u2019engrenage d\u2019une guerre \u00e0 laquelle il faut mettre<br \/>\nfin sans d\u00e9lai. Nous exigeons \u00e0 nouveau du Hamas qu\u2019il lib\u00e8re imm\u00e9diatement et<br \/>\nsans condition les otages d\u00e9tenus depuis octobre 2023. Nous appelons une<br \/>\nnouvelle fois \u00e0 ce que soient adopt\u00e9es des sanctions additionnelles au niveau<br \/>\neurop\u00e9en \u00e0 l\u2019encontre des colons violents, de leaders politiques et militaires<br \/>\ndes deux camps et donc aussi de leaders islamistes du Hamas, qui doit rendre<br \/>\nles armes. Le futur de la Palestine ne saurait se conjuguer avec le Hamas. De<br \/>\nm\u00eame que le futur d\u2019Isra\u00ebl ne saurait passer par une annexion de la<br \/>\nCisjordanie. Nous insistons sur l\u2019urgence d\u2019une aide humanitaire sans entrave \u00e0<br \/>\nGaza.<\/p>\n<p class=\"MsoNormal\" style=\"text-align: justify;\">&gt; La d\u00e9cision de l\u2019Ukraine de r\u00e9tablir l\u2019ind\u00e9pendance de<br \/>\nses organismes anti-corruption est un signal fort de son engagement envers les<br \/>\nvaleurs d\u00e9mocratiques. La lutte contre la corruption et le renforcement de<br \/>\nl\u2019\u00c9tat de droit sont non seulement essentiels pour l\u2019adh\u00e9sion \u00e0 l\u2019Union<br \/>\neurop\u00e9enne \u2014 mais ils r\u00e9pondent aussi aux attentes l\u00e9gitimes des citoyens. L\u2019UE<br \/>\ncontinuera de soutenir l\u2019Ukraine sur cette voie.<\/p>\n<p class=\"MsoNormal\" style=\"text-align: justify;\">\u00a0<\/p>\n<p class=\"MsoNormal\" style=\"text-align: justify;\"><b style=\"font-family: arial;\">\u2666 Les Engag\u00e9s\u00a0<br \/><\/b>&gt; [Crise de Gaza] Pour notre Mouvement, l\u2019inaction face aux souffrances<br \/>\ninflig\u00e9es \u00e0 Gaza n\u2019est plus une erreur de jugement, c\u2019est une faute morale. Un<br \/>\naveu d\u2019inhumanit\u00e9.<br \/>Dire qu\u2019on veut la paix ne suffit pas. Il faut oser poser des actes concrets :<br \/>\nsuspendre l\u2019accord d\u2019association avec Isra\u00ebl, adopter des sanctions claires,<br \/>\ninterdire l\u2019importation des produits issus des colonies, travailler au<br \/>\nd\u00e9mant\u00e8lement du Hamas et \u00e0 la lib\u00e9ration des otages. Ces mesures sont<br \/>\nd\u00e9fendues depuis de nombreuses semaines par le ministre des Affaires \u00e9trang\u00e8res<br \/>\nMaxime Pr\u00e9vot et Yvan Verougstraete, Pr\u00e9sident des Engag\u00e9s. \u2060<\/p>\n<p class=\"MsoNormal\" style=\"text-align: justify;\">\u00ab\u00a0Le moyen le plus rapide pour que la Belgique prenne<br \/>\nune position forte est de convaincre le gouvernement. C\u2019est pour cela que nous<br \/>\ny consacrons toute notre \u00e9nergie plut\u00f4t que d\u2019imaginer ce que nous ferons si<br \/>\nnous ne r\u00e9ussissons pas. Faire tomber le gouvernement n\u2019aidera en effet<br \/>\npersonne et ne facilitera en rien une issue plus volontariste\u00bb, souligne par<br \/>\nailleurs Yvan Verougstraete.<br \/>D\u00e9pensons notre \u00e9nergie collective \u00e0 construire ensemble plut\u00f4t qu\u2019\u00e0 diluer nos<br \/>\nefforts en visant ceux qui se battent pour le m\u00eame objectif.<br \/>Nous mettons aujourd\u2019hui tout notre engagement et notre d\u00e9termination pour que<br \/>\nla Belgique prenne une position rapide et claire. Anticiper l\u2019\u00e9chec ne nous<br \/>\nsemble pas productif. Nous partons de l\u2019a priori que nous y arriverons.<\/p>\n<p class=\"MsoNormal\" style=\"text-align: justify;\">&gt; Alors que des<br \/>\nmilliers d\u2019entreprises belges paient leurs imp\u00f4ts l\u00e0 o\u00f9 elles g\u00e9n\u00e8rent<br \/>\nr\u00e9ellement leur activit\u00e9, certaines multinationales comme Meta continuent de<br \/>\nprofiter de r\u00e9gimes fiscaux plus favorables en toute opacit\u00e9\u00a0\u00bb souligne<br \/>\nnotre pr\u00e9sident et eurod\u00e9put\u00e9 Yvan Verougstraete.<br \/>Selon plusieurs sources, la majorit\u00e9 des revenus belges de Meta<br \/>\ntransiterait par l\u2019Irlande, o\u00f9 le groupe b\u00e9n\u00e9ficie d\u2019un r\u00e9gime fiscal<br \/>\navantageux. Dans le m\u00eame temps, les charges d\u2019exploitation, salaires,<br \/>\ninvestissements, services, restent enregistr\u00e9es en Belgique, cr\u00e9ant un<br \/>\nd\u00e9s\u00e9quilibre comptable artificiel. Ce type de montage, bien qu\u2019en apparence<br \/>\nl\u00e9gal, interroge sur le plan de la justice fiscale et prive la Belgique, comme<br \/>\nd\u2019autres \u00c9tats membres, de ressources pr\u00e9cieuses pour financer ses services publics.<br \/>Les Engag\u00e9s ont interpell\u00e9 officiellement la Commission europ\u00e9enne pour<br \/>\nlui demander :<br \/>&#8211; Si elle est inform\u00e9e de ces pratiques de transfert de revenus ;<br \/>&#8211; Si elle compte \u00e9valuer leur conformit\u00e9 avec le droit fiscal europ\u00e9en<br \/>\net les principes de concurrence loyale ;<br \/>&#8211; Et si elle entend renforcer les r\u00e8gles pour garantir que les g\u00e9ants du<br \/>\nnum\u00e9rique paient l\u2019imp\u00f4t l\u00e0 o\u00f9 la valeur est effectivement cr\u00e9\u00e9e.<br \/>\u00ab\u00a0Le probl\u00e8me ne se limite pas au transfert du chiffre d\u2019affaires<br \/>\nvers des paradis fiscaux. Il concerne aussi l\u2019utilisation des prix de transfert<br \/>\npour maximiser artificiellement les co\u00fbts dans les pays \u00e0 forte imposition et<br \/>\nmaximiser les b\u00e9n\u00e9fices l\u00e0 o\u00f9 l\u2019imp\u00f4t est quasi nul. Il est temps d\u2019agir. Ces<br \/>\npratiques sapent la justice fiscale, d\u00e9favorisent les PME locales et alimentent<br \/>\nla d\u00e9fiance citoyenne. L\u2019Union ne peut plus tol\u00e9rer une telle distorsion dans<br \/>\nson propre march\u00e9.\u00bb<\/p>\n<p class=\"MsoNormal\" style=\"text-align: justify;\">\u00a0<\/p>\n<p class=\"MsoNormal\" style=\"text-align: justify;\"><b>Yvan Verougstraete (pr\u00e9sident, d\u00e9put\u00e9 europ\u00e9en)<br \/><\/b>&gt; G\u00e9opolitique de l\u2019intelligence artificielle : l\u2019heure de v\u00e9rit\u00e9 pour<br \/>\nl\u2019Europe<br \/>Le pr\u00e9sident am\u00e9ricain Donald Trump a pr\u00e9sent\u00e9 ce 23 juillet son tr\u00e8s attendu \u00ab<br \/>\nPlan d\u2019action pour l\u2019IA \u00bb. Derri\u00e8re les annonces techniques, simplification des<br \/>\nproc\u00e9dures de construction de data centers, soutien \u00e0 l\u2019exportation de la pile<br \/>\ntechnologique am\u00e9ricaine, et exigences de \u00ab neutralit\u00e9 politique \u00bb des mod\u00e8les,<br \/>\nse dessine une strat\u00e9gie de puissance claire : faire des \u00c9tats-Unis le centre<br \/>\nde gravit\u00e9 mondial de l\u2019intelligence artificielle, au d\u00e9triment notamment de la<br \/>\nChine, et dans une moindre mesure de l\u2019Europe.<br \/>L\u2019un des aspects les plus marquants de ce plan est son ambition assum\u00e9e de<br \/>\nreconqu\u00eate technologique. Apr\u00e8s des ann\u00e9es de restrictions sur l\u2019exportation<br \/>\ndes puces avanc\u00e9es destin\u00e9es \u00e0 freiner la mont\u00e9e en puissance de P\u00e9kin,<br \/>\nWashington change de posture : il ne s\u2019agit plus de contenir, mais de dominer.<br \/>\nPour cela, Trump veut imposer la technologie am\u00e9ricaine comme standard mondial,<br \/>\ndu mod\u00e8le d\u2019IA au semi-conducteur, en passant par les outils de conception. Une<br \/>\nvision mercantile et strat\u00e9gique, assum\u00e9e comme telle par des figures comme<br \/>\nJensen Huang, Nvidia, ou David Sacks, le nouvel id\u00e9ologue technologique de<br \/>\nl\u2019administration.<br \/>En miroir, ce plan porte une offensive id\u00e9ologique forte : \u00ab d\u00e9politiser \u00bb les<br \/>\nmod\u00e8les d\u2019IA. Entendez : les aligner sur les normes culturelles conservatrices<br \/>\nde la nouvelle majorit\u00e9 am\u00e9ricaine. Derri\u00e8re la promesse de neutralit\u00e9, c\u2019est<br \/>\nen r\u00e9alit\u00e9 une entreprise de normalisation qui vise \u00e0 d\u00e9l\u00e9gitimer les approches<br \/>\njug\u00e9es \u00ab woke \u00bb, souvent associ\u00e9es \u00e0 une sensibilit\u00e9 sociale, inclusive ou<br \/>\n\u00e9cologiste, c\u2019est-\u00e0-dire, pour beaucoup d\u2019Europ\u00e9ens, le simple respect des<br \/>\ndroits fondamentaux.<br \/>Ce glissement n\u2019est pas anodin. Car il pose une question frontale \u00e0 l\u2019Union<br \/>\neurop\u00e9enne : quelle boussole voulons-nous suivre dans l\u2019\u00e8re de l\u2019intelligence<br \/>\nartificielle ? Celle d\u2019un march\u00e9 d\u00e9r\u00e9gul\u00e9, g\u00e9opolitiquement instrumental, o\u00f9 la<br \/>\nlibert\u00e9 d\u2019expression devient pr\u00e9texte \u00e0 la d\u00e9sinformation et \u00e0 l\u2019effacement des<br \/>\nminorit\u00e9s ? Ou celle d\u2019un mod\u00e8le \u00e9thique, transparent, centr\u00e9 sur les droits et<br \/>\nsur l\u2019int\u00e9r\u00eat g\u00e9n\u00e9ral?<br \/>Dans ce contexte, face \u00e0 cette offensive am\u00e9ricaine, l\u2019Europe doit sortir de sa<br \/>\nposture d\u00e9fensive et assumer un cap clair. La question n\u2019est pas de choisir<br \/>\nentre r\u00e9guler ou d\u00e9velopper de nouvelles capacit\u00e9s, il s\u2019agit de d\u00e9fendre nos<br \/>\nstandards europ\u00e9ens, de garantir la p\u00e9rennit\u00e9 de nos r\u00e9gulations, et de<br \/>\npr\u00e9server notre ind\u00e9pendance en b\u00e2tissant les infrastructures qui la rendent<br \/>\npossible. Ce n\u2019est qu\u2019\u00e0 ce prix que nous pourrons prot\u00e9ger notre mod\u00e8le et nos<br \/>\nvaleurs.<br \/>Voici les fondements d\u2019une strat\u00e9gie alternative, \u00e0 la fois progressiste,<br \/>\nefficace et souveraine :<br \/>1) Faire de l\u2019\u00e9thique une force de comp\u00e9titivit\u00e9<br \/>L\u2019IA europ\u00e9enne ne doit pas renoncer \u00e0 ses principes, mais les transformer en<br \/>\natout. Transparence, responsabilit\u00e9 algorithmique, lutte contre les biais et la<br \/>\nd\u00e9sinformation, autant d\u2019exigences qui peuvent devenir des labels de qualit\u00e9,<br \/>\nrecherch\u00e9s par les entreprises et les citoyens dans un monde satur\u00e9 d\u2019outils<br \/>\nopaques.<br \/>2) Investir massivement dans l\u2019infrastructure<br \/>L\u2019Union doit se doter de sa propre capacit\u00e9 d\u2019h\u00e9bergement et de calcul, \u00e0<br \/>\ntravers un plan industriel europ\u00e9en pour les data centers verts, les<br \/>\nsemi-conducteurs et l\u2019open source. L\u2019enjeu : garantir notre autonomie<br \/>\ntechnologique, tout en r\u00e9pondant aux d\u00e9fis \u00e9nerg\u00e9tiques et climatiques.<br \/>3) Stimuler l\u2019innovation ouverte<br \/>Plut\u00f4t que d\u2019imiter le mod\u00e8le de la Silicon Valley, l\u2019UE peut miser sur des<br \/>\nconsortiums publics, priv\u00e9s, ouverts, soutenant l\u2019exp\u00e9rimentation locale, dans<br \/>\nles h\u00f4pitaux, les universit\u00e9s, les services publics, et les mod\u00e8les de<br \/>\ngouvernance participatifs. L\u2019open source y joue un r\u00f4le central pour mutualiser<br \/>\nles savoirs et \u00e9chapper \u00e0 la captation priv\u00e9e des communs num\u00e9riques.<br \/>4) Prot\u00e9ger notre r\u00e9gulation contre les pressions extraterritoriales<br \/>L\u2019AI Act, le DSA et le DMA doivent rester des piliers non n\u00e9gociables de notre<br \/>\nmod\u00e8le. Face aux critiques am\u00e9ricaines qui d\u00e9noncent une pr\u00e9tendue censure ou<br \/>\nune entrave \u00e0 la libert\u00e9 d\u2019entreprendre, l\u2019Europe doit rappeler que la<br \/>\nsouverainet\u00e9 num\u00e9rique passe aussi par la capacit\u00e9 \u00e0 faire respecter nos lois<br \/>\nsur notre territoire, y compris aux g\u00e9ants \u00e9trangers.<br \/>5) Cr\u00e9er une diplomatie europ\u00e9enne de l\u2019IA<br \/>Dans un monde o\u00f9 les normes technologiques deviennent des outils d\u2019influence,<br \/>\nl\u2019UE doit d\u00e9fendre activement son approche sur la sc\u00e8ne internationale. Cela<br \/>\npasse par des partenariats avec l\u2019Afrique, l\u2019Am\u00e9rique latine et l\u2019Asie du<br \/>\nSud-Est pour co-construire une IA adapt\u00e9e aux besoins des soci\u00e9t\u00e9s civiles, et<br \/>\nnon aux logiques de surveillance ou de profit.<br \/>Conclusion<br \/>Le plan Trump marque une nouvelle \u00e9tape dans la militarisation g\u00e9opolitique de<br \/>\nl\u2019intelligence artificielle. Face \u00e0 cela, l\u2019Europe ne peut se contenter d\u2019\u00eatre<br \/>\nun r\u00e9gulateur \u00e0 la tra\u00eene ou un terrain d\u2019affrontement entre puissances<br \/>\n\u00e9trang\u00e8res. Elle peut, et doit selon moi, devenir une puissance d\u2019\u00e9quilibre,<br \/>\ncapable d\u2019innover, de prot\u00e9ger, et d\u2019inspirer. Mais cela suppose une chose :<br \/>\nd\u00e9fendre nos r\u00e8gles et nos valeurs ne suffit pas, il faut aussi les rendre<br \/>\npossibles. Et cela implique de d\u00e9velopper les capacit\u00e9s industrielles et<br \/>\ntechnologiques n\u00e9cessaires \u00e0 notre ind\u00e9pendance. La r\u00e9gulation seule ne prot\u00e8ge<br \/>\nrien si elle n\u2019est pas adoss\u00e9e \u00e0 la puissance.<\/p>\n<p class=\"MsoNormal\" style=\"text-align: justify;\">&gt; Trait\u00e9 plastique : l\u2019heure de v\u00e9rit\u00e9<br \/>Huit mois apr\u00e8s l\u2019\u00e9chec de Busan, les n\u00e9gociations sur un trait\u00e9 mondial contre<br \/>\nla pollution plastique reprennent. Pour Les Engag\u00e9s, ce moment ne peut se<br \/>\nsolder ni par l\u2019inaction, ni par des demi-mesures : la plan\u00e8te n\u2019a plus le<br \/>\ntemps d\u2019attendre.<br \/>Nous ne pouvons plus tol\u00e9rer que des int\u00e9r\u00eats \u00e0 court terme continuent de<br \/>\nbloquer des d\u00e9cisions vitales pour l\u2019avenir de notre plan\u00e8te. Ce trait\u00e9 est une<br \/>\nn\u00e9cessit\u00e9. Un imp\u00e9ratif. Une urgence.<br \/>Car pendant que certains tergiversent, la pollution plastique ravage les<br \/>\noc\u00e9ans, empoisonne nos corps, d\u00e9vaste les \u00e9cosyst\u00e8mes et \u00e9touffe les pays les<br \/>\nplus vuln\u00e9rables.<br \/>De Nairobi \u00e0 Nice, des coalitions de pays engag\u00e9s ont trac\u00e9 une voie claire :<br \/>\nil faut r\u00e9duire la production, interdire les plastiques les plus dangereux,<br \/>\nresponsabiliser les producteurs et instaurer un m\u00e9canisme financier ambitieux.<br \/>\nCe cap doit \u00eatre tenu \u00e0 Gen\u00e8ve.<br \/>Face aux blocages orchestr\u00e9s par les pays producteurs de p\u00e9trole et aux<br \/>\nambigu\u00eft\u00e9s de certains grands acteurs, nous appelons l\u2019Union europ\u00e9enne \u00e0 tenir<br \/>\nune position ferme, claire et ambitieuse. Elle ne doit pas se contenter de<br \/>\ndiscours\u00a0; elle doit peser de tout son poids diplomatique pour faire<br \/>\naboutir un trait\u00e9 robuste, universel et contraignant.<br \/>Le plastique ne conna\u00eet pas de fronti\u00e8re. Ce trait\u00e9 doit \u00eatre global,<br \/>\nambitieux, contraignant. \u00a0Les pays les plus vuln\u00e9rables paient le prix<br \/>\nfort de notre inertie. Ce trait\u00e9 est aussi une question de justice mondiale.<br \/>\nGen\u00e8ve ne doit pas devenir un sommet de plus sur la liste des occasions<br \/>\nmanqu\u00e9es.<br \/>La l\u00e2chet\u00e9 politique n\u2019est pas une option. Ce trait\u00e9, c\u2019est un mur entre nous<br \/>\net la catastrophe \u00e9cologique. S\u2019il c\u00e8de sous la pression des lobbys, alors<br \/>\nc\u2019est nous tous qui en paierons le prix.\u00a0Nous devons choisir entre un<br \/>\navenir sous plastique ou un futur vivable. Le compromis ne peut plus \u00eatre un<br \/>\npr\u00e9texte au recul.<\/p>\n<p class=\"MsoNormal\" style=\"text-align: justify;\">&gt; [Crise de Gaza] Oui \u00e0 une force internationale<br \/>\nd\u2019interposition! Les images des otages isra\u00e9liens sont \u00e9pouvantables et<br \/>\nr\u00e9v\u00e8lent une cruaut\u00e9 abjecte et m\u00eame l&rsquo;inhumanit\u00e9 du Hamas. Tous les otages<br \/>\ndoivent \u00eatre lib\u00e9r\u00e9s imm\u00e9diatement et sans condition! Le Hamas doit \u00eatre<br \/>\ncombattu avec force; il doit d\u00e9poser les armes. Dans le m\u00eame temps, une aide<br \/>\nhumanitaire d\u2019envergure doit pouvoir parvenir \u00e0 ceux qui en ont besoin, c\u2019est<br \/>\nprimordial! Gaza La paix dans la r\u00e9gion, pour les peuples isra\u00e9lien et<br \/>\npalestinien, ne pourra se construire que sur base d\u2019un respect mutuel des<br \/>\nparties, en mettant fin \u00e0 l\u2019escalade de l\u2019horreur. Je suis d\u2019ailleurs en faveur<br \/>\nd\u2019une force internationale d\u2019interposition d\u00e8s la reconnaissance de l\u2019\u00e9tat de Palestine!<\/p>\n<p class=\"MsoNormal\" style=\"text-align: justify;\">&gt; Il est temps d\u2019avoir une ligne claire. La Belgique ne<br \/>\npeut pas rester spectatrice \u00e0 Gaza. Nous appelons une fois encore \u00e0 un accord<br \/>\nde gouvernement qui reconnaisse l\u2019\u00c9tat de Palestine, d\u00e9fende le droit<br \/>\ninternational, et cesse toute complaisance envers les crimes de guerre.<\/p>\n<p class=\"MsoNormal\" style=\"text-align: justify;\">\u00a0<\/p>\n<p class=\"MsoNormal\" style=\"text-align: justify;\"><b style=\"font-family: arial;\">\u2666 D\u00e9FI\u00a0<br \/>Sophie Rohonyi (pr\u00e9sidente)<br \/><\/b>&gt; Nouvelle \u00e9tude d\u00e9montrant que le meilleur outil pour retrouver un<br \/>\nemploi n\u2019est pas le b\u00e2ton, mais la formation! D\u00e9Fiplaide depuis trop longtemps<br \/>\npour une obligation de formation pour les chercheurs d\u2019emploi de longue dur\u00e9e,<br \/>\nsurtt apr\u00e8s 50 ans.<\/p>\n<p class=\"MsoNormal\" style=\"text-align: justify;\">&gt; 41 fusillades \u00e0 Bxl depuis janvier. Solidaire avec les<br \/>\nhabitants qui vivent avec cette peur permanente d\u2019\u00eatre fauch\u00e9s par une belle<br \/>\nperdue et qui attendent autre chose que des coups de com\u2019. Seules une Justice<br \/>\net une police refinanc\u00e9es mettront fin \u00e0 cette spirale infernale.<\/p>\n<p class=\"MsoNormal\" style=\"text-align: justify;\">&gt; Priver les femmes en Afrique de contraception [d\u00e9cision<br \/>\nde Trump], c\u2019est menacer leur sant\u00e9 voire leur vie, en les exposant \u00e0<br \/>\ngrossesses non d\u00e9sir\u00e9es, des avortements clandestins et des d\u00e9c\u00e8s maternels.<br \/>\nMonsieur Emmanuel Macron, vous avez le pouvoir d\u2019agir! (\u2026)<br \/>Les f\u00e9ministes et d\u00e9mocrates vous regardent. Nous vous demandons d\u2019intervenir<br \/>\npour suspendre la destruction pr\u00e9vue de ces contraceptifs sur le sol fran\u00e7ais<br \/>\net faciliter leur r\u00e9affectation humanitaire vers les organisations qui en ont<br \/>\nbesoin. Il y a urgence!<\/p>\n<p class=\"MsoNormal\" style=\"text-align: justify;\">&gt; Depuis quand l\u2019alcool permet d\u2019exon\u00e9rer une faute? A<br \/>\nfortiori lorsque l\u2019on est cens\u00e9 montrer l\u2019exemple et que l\u2019on travaille pour<br \/>\ndes Ministres? Rien n&rsquo;excuse le comportement d&rsquo;une personne qui pour<br \/>\n\u00ab\u00a0rigoler\u00a0\u00bb s&rsquo;affuble de symboles nazis.<\/p>\n<p class=\"MsoNormal\" style=\"text-align: justify;\">&gt; Suppression des conseils de police, sous-financement de<br \/>\nla police locale, \u00ab\u00a0au moins un poste de police\u00a0\u00bb par commune,<br \/>\n\u00ab\u00a0assistants virtuels\u00a0\u00bb \u00e0 la place des r\u00e9els\u2026 Le gouvernement sacrifie<br \/>\nla police de proximit\u00e9 pour satisfaire les lubies nationalistes. Irresponsable!<\/p>\n<p class=\"MsoNormal\" style=\"text-align: justify;\">\u00a0<\/p>\n<p class=\"MsoNormal\" style=\"text-align: justify;\"><b style=\"font-family: arial;\">\u25cf Espagne\u00a0<br \/>\u2666 Ciudadanos\u00a0<br \/><\/b>&gt; Ciudadanos fait appel de la jonction des actions civiles dans<br \/>\nl&rsquo;affaire Koldo<br \/>Le parti lib\u00e9ral estime que la d\u00e9cision de la Cour supr\u00eame viole le droit \u00e0 une<br \/>\nprotection juridictionnelle effective et limite sa capacit\u00e9 \u00e0 exercer une<br \/>\naccusation autonome et ind\u00e9pendante.<br \/>Ciudadanos a d\u00e9pos\u00e9 un recours contre la d\u00e9cision judiciaire de la Cour supr\u00eame<br \/>\nqui accorde la jonction des actions publiques dans l&rsquo;affaire dite Koldo,<br \/>\nestimant que cette d\u00e9cision viole le droit fondamental \u00e0 une protection<br \/>\njuridictionnelle effective, inscrit \u00e0 l&rsquo;article 24 de la Constitution<br \/>\nespagnole.<br \/>Selon le parti, cette unification \u2014 qui attribue la direction juridique de<br \/>\ntoutes les accusations populaires \u00e0 la premi\u00e8re partie qui s&rsquo;est constitu\u00e9e<br \/>\npartie civile dans l&rsquo;affaire \u2014 \u00ab emp\u00eache Ciudadanos d&rsquo;exercer pleinement sa<br \/>\nfonction d&rsquo;accusation populaire, limitant sa capacit\u00e9 \u00e0 proposer des preuves, \u00e0<br \/>\npr\u00e9senter des arguments ou \u00e0 intervenir dans les interrogatoires \u00bb. Une<br \/>\nsituation qui, selon les termes de ses repr\u00e9sentants l\u00e9gaux, \u00ab provoque une<br \/>\nind\u00e9fensabilit\u00e9 mat\u00e9rielle \u00e9vidente \u00bb.<br \/>Citoyens rappelle que le droit \u00e0 une protection juridictionnelle effective ne<br \/>\npeut \u00eatre subordonn\u00e9 \u00ab aux d\u00e9cisions d&rsquo;une autre partie \u00e0 la proc\u00e9dure, en<br \/>\nparticulier lorsqu&rsquo;elle repr\u00e9sente des int\u00e9r\u00eats diff\u00e9rents et poursuit ses<br \/>\npropres strat\u00e9gies proc\u00e9durales \u00bb. Comme l&rsquo;indique le recours : \u00ab Si cette<br \/>\npartie proposait des mesures qu&rsquo;elle jugeait pertinentes et que l&rsquo;avocat commis<br \/>\nd&rsquo;office ne les consid\u00e9rait pas comme telles, cela nous emp\u00eacherait d&rsquo;exercer<br \/>\npleinement nos droits proc\u00e9duraux \u00bb.<br \/>En outre, le parti avertit que cette d\u00e9cision \u00ab peut g\u00e9n\u00e9rer un conflit<br \/>\nd&rsquo;int\u00e9r\u00eats \u00bb, en imposant une direction commune entre des partis politiques aux<br \/>\nidentit\u00e9s id\u00e9ologiques clairement diff\u00e9renci\u00e9es. \u00ab On ne peut pas imposer une<br \/>\nunification qui emp\u00eache chaque accusation d&rsquo;exercer sa fonction de mani\u00e8re<br \/>\nautonome, en particulier dans une affaire qui affecte pleinement la cr\u00e9dibilit\u00e9<br \/>\ndes institutions et dans laquelle des fonctionnaires et des structures du<br \/>\npouvoir sont impliqu\u00e9s \u00bb.<br \/>Ciudadanos d\u00e9fend l&rsquo;id\u00e9e que la figure de l&rsquo;accusation populaire rev\u00eat une<br \/>\nimportance capitale \u00ab \u00e0 un moment particuli\u00e8rement grave pour l&rsquo;\u00c9tat de droit,<br \/>\navec un procureur g\u00e9n\u00e9ral poursuivi en justice et s&rsquo;accrochant \u00e0 son poste tout<br \/>\nen conservant la direction du minist\u00e8re public \u00bb.<br \/>Bien que la r\u00e9glementation autorise la fusion des accusations populaires,<br \/>\nCiudadanos insiste sur le fait qu&rsquo;il doit s&rsquo;agir d&rsquo;une mesure \u00ab tout \u00e0 fait<br \/>\nexceptionnelle et d&rsquo;application restrictive, car sinon, un outil indispensable<br \/>\nde contr\u00f4le et de surveillance citoyenne serait vid\u00e9 de son contenu \u00bb.<br \/>\u00ab Le fait que les diff\u00e9rentes accusations puissent co\u00efncider sur certains<br \/>\nobjectifs n&rsquo;implique pas qu&rsquo;elles partagent les m\u00eames int\u00e9r\u00eats, strat\u00e9gies ou<br \/>\napproches juridiques. On ne peut pas supprimer cette pluralit\u00e9 sous une m\u00eame<br \/>\ndirection impos\u00e9e, sans mettre en p\u00e9ril le principe d&rsquo;\u00e9galit\u00e9 des armes et<br \/>\nl&rsquo;acc\u00e8s r\u00e9el \u00e0 la justice \u00bb, conclut le document.<\/p>\n<p class=\"MsoNormal\" style=\"text-align: justify;\">\u00a0<\/p>\n<p class=\"MsoNormal\" style=\"text-align: justify;\"><b>Carlos P\u00e9rez-Nievas (secr\u00e9taire g\u00e9n\u00e9ral)\u00a0<br \/><\/b>&gt; Nous n&rsquo;avons jamais d\u00e9tourn\u00e9 le regard. Et nous n&rsquo;allons pas le faire<br \/>\nmaintenant non plus.<br \/>Pour l&rsquo;int\u00e9grit\u00e9 de la fonction publique.<br \/>Pour l&rsquo;\u00e9galit\u00e9 devant la loi. <br \/>Pour la d\u00e9mocratie.<\/p>\n<p class=\"MsoNormal\" style=\"text-align: justify;\">\u00a0<\/p>\n<p class=\"MsoNormal\" style=\"text-align: justify;\"><b style=\"font-family: arial;\">\u25cf Italie\u00a0<br \/>\u2666 Azione\u00a0<br \/>Carlo Calenda (secr\u00e9taire g\u00e9n\u00e9ral)\u00a0<br \/><\/b>&gt; Le probl\u00e8me du gouvernement Meloni n\u2019est pas le conflit avec la<br \/>\nmagistrature &#8211; une constante des trente derni\u00e8res ann\u00e9es- ni le pont &#8211; m\u00eame une<br \/>\nconstante des trente derni\u00e8res ann\u00e9es &#8211; mais l\u2019immobilisme absolu, total et<br \/>\ncomplet. Sur l\u2019\u00e9nergie, l\u2019\u00e9cole, l\u2019universit\u00e9, la politique industrielle, la<br \/>\ns\u00e9curit\u00e9, etc., rien ne se passe tout simplement. En simplifiant le danger<br \/>\nn\u2019est pas Mussolini mais Urso.<\/p>\n<p class=\"MsoNormal\" style=\"text-align: justify;\">&gt; [Guerre commerciale de Trump] Je comprends que les<br \/>\nmembres de la Ligue [extr\u00eame-droite] v\u00e9n\u00e8rent Trump comme les Thug la d\u00e9esse<br \/>\nKali, mais au s\u00e9nateur Romeo ce soir j\u2019ai pos\u00e9 une question simple\u00a0:<br \/>\ndevons-nous vraiment fermer nos usines en Italie et donner 600\u00a0milliards<br \/>\nd\u2019euros aux \u00c9tats-Unis? Car c\u2019est le sens de l\u2019accord sign\u00e9 par Ursula von der<br \/>\nLeyen avec la complicit\u00e9 du gouvernement dont ils font partie.<\/p>\n<p class=\"MsoNormal\" style=\"text-align: justify;\">&gt; [Guerre commerciale de Trump] Trump menace des droits<br \/>\nde douane \u00e0 35% si l\u2019Europe n\u2019investit pas &#8211; on ne comprend m\u00eame pas comment &#8211;<br \/>\n600\u00a0milliards aux USA. La seule solution pour l\u2019arr\u00eater est de r\u00e9pondre<br \/>\navec des droits et digital tax au moindre soup\u00e7on de modification de l\u2019accord<br \/>\nque nous avons sign\u00e9.<\/p>\n<p class=\"MsoNormal\" style=\"text-align: justify;\">&gt; [Crise de Gaza] Le Hamas est un groupe de terroristes<br \/>\net de pillards qu\u2019il faut d\u00e9manteler, mais Netanyahu et la droite isra\u00e9lienne<br \/>\nveulent Gaza et la Cisjordanie et sont pr\u00eats \u00e0 les obtenir \u00e0 tout prix.<br \/>\nL\u2019involution d\u2019Isra\u00ebl est inqui\u00e9tante et doit \u00eatre stopp\u00e9e. L\u2019UE et l\u2019Italie<br \/>\ndoivent agir avec des sanctions individuelles et la reconnaissance de l\u2019\u00c9tat de<br \/>\nPalestine.<\/p>\n<p class=\"MsoNormal\" style=\"text-align: justify;\">&gt; Les aides \u00e0 l\u2019Ukraine au niveau de l\u2019UE sont bloqu\u00e9es,<br \/>\nsur Isra\u00ebl nous sommes impatients, les droits am\u00e9ricains nous les avons aval\u00e9s<br \/>\nsans sourciller et en supprimant nos droits, des plans industriels pour<br \/>\ncombattre l\u2019effet du nouveau nationalisme \u00e9conomique ne se voient pas, Ils<br \/>\ncontinuent \u00e0 renforcer les objectifs environnementaux en sachant qu\u2019ils sont<br \/>\nimpossibles. Alors nous serons pulv\u00e9ris\u00e9s. Il faudrait une initiative conjointe<br \/>\ndes grands pays et une deuxi\u00e8me phase de la Commission pour identifier un<br \/>\nleadership capable de tenir t\u00eate aux \u00c9tats membres, \u00e0 Poutine et \u00e0 Trump.<\/p>\n<p class=\"MsoNormal\" style=\"text-align: justify;\">&gt; SNAM, Terna, Italgas, toutes les soci\u00e9t\u00e9s r\u00e9glement\u00e9es<br \/>\nont un b\u00e9n\u00e9fice de pr\u00e8s de 50%, le double par rapport aux autres soci\u00e9t\u00e9s du<br \/>\nsecteur europ\u00e9ennes, et sup\u00e9rieur \u00e0 beaucoup de Big Tech am\u00e9ricaines. Ce sont<br \/>\ndes rentes qui sont pr\u00e9lev\u00e9es sur les factures &#8211; au d\u00e9triment des consommateurs<br \/>\n&#8211; et qui n\u2019ont aucune raison d\u2019exister sur le march\u00e9. Nous interrogerons le<br \/>\nministre sur ce point. Entre soci\u00e9t\u00e9s hydro\u00e9lectriques, incitations aux<br \/>\nrenouvelables, structure de la bourse, rentes de position le march\u00e9 de l\u2019\u00e9lectricit\u00e9<br \/>\net du gaz est devenu le bengodi des sp\u00e9culateurs et soci\u00e9t\u00e9s publiques. Un<br \/>\nscandale qui doit cesser. Nous, nos propositions au gouvernement Giorgia Meloni,<br \/>\nnous les avons faites et partag\u00e9es, maintenant il faut faire un d\u00e9cret urgent.<\/p>\n<p class=\"MsoNormal\" style=\"text-align: justify;\">\u00a0<\/p>\n<p class=\"MsoNormal\" style=\"text-align: justify;\"><b style=\"font-family: arial;\">\u2666 Italia Viva\u00a0<br \/>Matteo Renzi (pr\u00e9sident)\u00a0<br \/><\/b>&gt; L\u2019entrepreneur qui met le plus d\u2019argent dans la paie doit \u00eatre<br \/>\nr\u00e9compens\u00e9, pas tax\u00e9. Sur l\u2019argent suppl\u00e9mentaire\u00a0: z\u00e9ro imp\u00f4t pour le<br \/>\ntravailleur, z\u00e9ro imp\u00f4t pour l\u2019employeur.<\/p>\n<p class=\"MsoNormal\" style=\"text-align: justify;\">&gt; Si Giorgia Meloni croit vraiment dans la s\u00e9paration des<br \/>\ncarri\u00e8res, elle devrait commencer \u00e0 s\u00e9parer les carri\u00e8res des politiciens de<br \/>\ncelles des magistrats. Sur l\u2019affaire Almasri, les trois magistrats Mantovano,<br \/>\nNordio et Giusy Bartolozzi entra\u00eenent le gouvernement dans un scandale sans<br \/>\npr\u00e9c\u00e9dent. Je ne m\u2019int\u00e9resse pas aux profils judiciaires qui concernent les<br \/>\ntribunaux\u00a0: il me suffit de constater que nous sommes gouvern\u00e9s par un<br \/>\ngroupe d\u2019amateurs au m\u00e9pris. Et comme on le voit dans le cas d\u2019Almasri, Giorgia<br \/>\nMeloni ne touche pas \u00e0 la balle\u00a0: elle fait la belle figurine, pr\u00e9pare les<br \/>\ntweets et les messages, est bien en photo. Ceux qui gouvernent ce pays sont des<br \/>\nmagistrats, des tuniques brunes, qui utilisent les services secrets et les<br \/>\ninstitutions comme milices priv\u00e9es.<\/p>\n<p class=\"MsoNormal\" style=\"text-align: justify;\">&gt; Affaire Almasri. On peut lire aujourd\u2019hui dans<br \/>\nplusieurs journaux une lettre du Palais Chigi selon laquelle la garantie<br \/>\nconstitutionnelle express\u00e9ment pr\u00e9vue pour le Pr\u00e9sident du Conseil et les<br \/>\nMinistres s\u2019\u00e9tendrait \u00e9galement \u00e0 un collaborateur (plus exactement une<br \/>\ncollaboratrice) du ministre de la Justice. La Loi Constitutionnelle 1\/89 est<br \/>\nlimpide et pour moi sacrosainte. Celui qui voudrait plier la norme pour sauver<br \/>\nune collaboratrice commettrait un acte contre la Constitution, contre les<br \/>\nInstitutions, contre la Justice. Sur ce point, on ne plaisante pas\u00a0: la<br \/>\ngarantie constitutionnelle vaut pour le Premier ministre et les ministres. Elle<br \/>\nne vaut pas pour les chefs de cabinet. Si quelqu\u2019un essayait de soutenir le<br \/>\ncontraire, une confrontation institutionnelle sans pr\u00e9c\u00e9dent s\u2019ouvrirait.<\/p>\n<p class=\"MsoNormal\" style=\"text-align: justify;\">&gt; [Guerre commerciale de Trump] Il n\u2019y a pas eu de<br \/>\nn\u00e9gociation avec Trump\u00a0: l\u2019Europe a baiss\u00e9 la t\u00eate et l\u2019Italie a toujours<br \/>\ndit oui. Parce que Meloni n\u2019est pas une patriote italienne.<\/p>\n<p class=\"MsoNormal\" style=\"text-align: justify;\">&gt; Giorgia Meloni a peur de perdre dans les Marches. Et<br \/>\ndonc aujourd\u2019hui elle en a combin\u00e9 une autre. Le 4\u00a0ao\u00fbt, \u00e0 un mois des<br \/>\n\u00e9lections, elle a d\u00e9cid\u00e9 que les Marches doivent \u00e9galement \u00eatre consid\u00e9r\u00e9es<br \/>\ncomme une zone \u00e9conomique sp\u00e9ciale. Une r\u00e8gle ad personam pour soutenir son<br \/>\nbien-aim\u00e9 pr\u00e9sident Acquaroli.<br \/>Si c\u2019\u00e9tait une bonne mesure, pourquoi ne l\u2019ont-ils pas fait plus t\u00f4t ? J\u2019ai<br \/>\ntort ou gouvernent-ils depuis trois ans ? Le faire \u00e0 40 jours des \u00e9lections,<br \/>\navec les pouvoirs du Gouvernement, c\u2019est intervenir en pleine campagne<br \/>\n\u00e9lectorale avec une ind\u00e9cente demoiselle \u00e0 leur candidat Pr\u00e9sident qui est en<br \/>\ndessous dans les sondages. Les institutions sont pli\u00e9es aux int\u00e9r\u00eats<br \/>\npartiels\u00a0: la R\u00e9publique des melons ressemble de plus en plus \u00e0 la<br \/>\nR\u00e9publique des bananes.<\/p>\n<p class=\"MsoNormal\" style=\"text-align: justify;\">&gt; Les Italiens qui quittent le pays doublent, les<br \/>\nnaissances diminuent. Un pays qui perd des jeunes n\u2019a pas d\u2019avenir.<\/p>\n<p class=\"MsoNormal\" style=\"text-align: justify;\">&gt; Le 2\u00a0ao\u00fbt\u00a01980, \u00e0 10h25, une bombe a explos\u00e9<br \/>\ndans la gare de Bologne\u00a0: 85 morts, plus de 200 bless\u00e9s par les mains<br \/>\nn\u00e9o-fascistes.\u00a0 Ne pas oublier est un<br \/>\ndevoir civique.<\/p>\n<p class=\"MsoNormal\" style=\"text-align: justify;\">&gt; Quelle \u00e9motion de voir \u00e0 nouveau se remplir Tor Vergata<br \/>\npour la Journ\u00e9e Mondiale de la Jeunesse du Jubil\u00e9. Il y a vingt-cinq ans, Agn\u00e8s<br \/>\net moi \u00e9tions l\u00e0 avec les enfants du groupe scout de Pontassieve \u00ab\u00a0chantant<br \/>\n\u00e0 une voix\u00a0\u00bb et accueillant Jean-Paul II, vieux, fatigu\u00e9, malade mais<br \/>\nextraordinaire point de r\u00e9f\u00e9rence pour beaucoup d\u2019entre nous. Et pendant cette<br \/>\nveill\u00e9e de vingt-cinq ans, en cette nuit sp\u00e9ciale, l\u2019enthousiasme du Pape<br \/>\npolonais d\u00e9bordait et se fondait avec celui des jeunes p\u00e8lerins du monde entier.<br \/>\nJe souhaite \u00e0 ceux qui sont aujourd\u2019hui \u00e0 Tor Vergata de vivre la m\u00eame<br \/>\nexp\u00e9rience fantastique que nous avons eu la chance de vivre alors. Aujourd\u2019hui,<br \/>\nc\u2019est \u00e0 un Am\u00e9ricain, fils de la spiritualit\u00e9 de S. Augustin, le Pape L\u00e9on XIV,<br \/>\nd\u2019embrasser ce peuple festif et plein de vie. Et rappeler aux jeunes arriv\u00e9s \u00e0<br \/>\nRome que oui, ils peuvent et doivent \u00eatre des artisans de paix, des sels de la<br \/>\nterre, des porteurs d\u2019esp\u00e9rance. Bonne JMJ. Et merci Rome !<\/p>\n<p class=\"MsoNormal\" style=\"text-align: justify;\">\u00a0<\/p>\n<p class=\"MsoNormal\" style=\"text-align: justify;\"><b style=\"font-family: arial;\">\u25cf Pays-Bas<br \/>\u2666 D66<br \/><\/b>&gt; Aux Pays-Bas, une femme est assassin\u00e9e tous les 8 jours parce<br \/>\nqu\u2019elle est une femme. Pourtant, le f\u00e9micide reste sous-expos\u00e9. D66 lutte pour<br \/>\nla reconnaissance, la sensibilisation et une meilleure protection des victimes.<\/p>\n<p class=\"MsoNormal\" style=\"text-align: justify;\">\u00a0<\/p>\n<p class=\"MsoNormal\" style=\"text-align: justify;\"><b>Jan Paternotte (d\u00e9put\u00e9)<br \/><\/b>&gt; Occuper tout Gaza et continuer la guerre (!) pour s\u2019\u00e9tendre.<br \/>Pour ceux qui ne l\u2019ont pas encore vu\u00a0: le gouvernement extr\u00eame Netanyahou<br \/>\nopte pour un g\u00e9nocide.<br \/>Nous sommes sur le point de devenir un spectateur de la famine et de<br \/>\nl\u2019expulsion de 2\u00a0millions de personnes. L\u2019Europe doit r\u00e9sister de tout son<br \/>\npoids.<\/p>\n<p class=\"MsoNormal\" style=\"text-align: justify;\">&gt; Gaza est d\u00e9lib\u00e9r\u00e9ment en train de mourir de faim.<br \/>\nMonsieur le ministre, faites quelque chose !<br \/>Sanctionner le gouvernement isra\u00e9lien.<br \/>Arr\u00eater tous les trafics avec des colonies ill\u00e9gales.<br \/>Demander la suspension du trait\u00e9 d\u2019association.<br \/>Imposer un embargo sur les armes.<br \/>Reconna\u00eetre l\u2019\u00c9tat palestinien.<\/p>\n<p class=\"MsoNormal\" style=\"text-align: justify;\">\u00a0<\/p>\n<p class=\"MsoNormal\" style=\"text-align: justify;\"><b style=\"font-family: arial;\">\u25cf Pologne<br \/>\u2666 Gouvernement<br \/>Paulina Hennig-Kloska (ministre du Climat et de l&rsquo;Environnement)<br \/><\/b>&gt; La grande modernisation thermique des \u00e9coles et jardins<br \/>\nd\u2019enfants polonais est en cours. Nous isolons les b\u00e2timents, rempla\u00e7ons les<br \/>\nsources de chaleur et installons des syst\u00e8mes photovolta\u00efques sur les toits. Le<br \/>\ntout avec de l\u2019argent du plan national de reconstruction.<\/p>\n<p class=\"MsoNormal\" style=\"text-align: justify;\">\u00a0<\/p>\n<p class=\"MsoNormal\" style=\"text-align: justify;\"><b>Marta Cienkowska (ministre de la Culture et du Patrimoine<br \/>\nnational)<br \/><\/b>&gt; Treblinka est le plus grand cimeti\u00e8re de citoyens polonais \u2013 victimes<br \/>\nde la Seconde Guerre mondiale.<br \/>Ce lieu raconte non seulement l\u2019ampleur inimaginable du crime, mais aussi le<br \/>\ncourage de ceux qui ont combattu pour la dignit\u00e9 et la libert\u00e9 au c\u0153ur de<br \/>\nl\u2019enfer. Des endroits comme ceux-ci sont des t\u00e9moins sp\u00e9ciaux de l\u2019histoire qui<br \/>\ndevraient r\u00e9sonner pour se souvenir de ces \u00e9v\u00e9nements et \u00eatre un avertissement.<br \/>\nLors du 82e anniversaire, j\u2019ai rendu hommage aux h\u00e9ro\u00efnes et h\u00e9ros de la<br \/>\nr\u00e9bellion dans le camp d\u2019extermination de Treblinka II.<br \/>La m\u00e9moire est notre devoir commun mais aussi une promesse \u00e0 ceux qui n\u2019ont pas<br \/>\nr\u00e9ussi \u00e0 survivre. C\u2019est l\u00e0 que le nouveau b\u00e2timent du mus\u00e9e Treblinka est en<br \/>\nconstruction, qui sera pr\u00eat \u00e0 la fin de cette ann\u00e9e. Des travaux sont \u00e9galement<br \/>\nen cours sur l\u2019exposition permanente, que nous souhaitons ouvrir dans 2 ans.<br \/>Plus de guerre.<\/p>\n<p class=\"MsoNormal\" style=\"text-align: justify;\">&gt; [C\u00e9l\u00e9brations \u00e0 l\u2019occasion du 81e anniversaire du<br \/>\nd\u00e9clenchement de l\u2019Insurrection de Varsovie] Nous nous souvenons et rendons<br \/>\nhommage aux h\u00e9ros de ces jours-l\u00e0. <br \/>Les femmes ont \u00e9galement particip\u00e9 \u00e0 l\u2019Insurrection. Il vaut toujours la peine<br \/>\nde r\u00e9p\u00e9ter cela \u2013 et de se souvenir de leurs histoires.<br \/>Le monument aux femmes de l\u2019insurrection de Varsovie de Monika Osiecka, d\u00e9voil\u00e9<br \/>\nen 2021, rend justice \u00e0 celles qui ont \u00e9t\u00e9 trop souvent laiss\u00e9es pour compte<br \/>\ndans les histoires sur l\u2019insurrection pendant des d\u00e9cennies. Pourtant, ce sont<br \/>\nles femmes \u2013 soldats, infirmi\u00e8res, agents de liaison, soignantes et Varsovie \u2013<br \/>\nfemmes qui portaient sur leurs \u00e9paules non seulement le fardeau des combats,<br \/>\nmais aussi celui de prendre soin de la vie d\u2019autrui.<\/p>\n<p class=\"MsoNormal\" style=\"text-align: justify;\">\u00a0<\/p>\n<p class=\"MsoNormal\" style=\"text-align: justify;\"><b style=\"font-family: arial;\">\u2666 Polska 2050<br \/><\/b>&gt; Voulons-nous des prix de<br \/>\nl\u2019\u00e9nergie plus bas ? Nous avons une loi qui rend cela possible. \u00c0 court<br \/>\nterme\u00a0: nous gelons les prix pour les m\u00e9nages. \u00c0 long terme\u00a0: nous<br \/>\nnous concentrons sur les \u00e9oliennes sur terre \u2013 plus d\u2019\u00e9nergie verte = moins de<br \/>\nfactures. Nous attendons la signature du pr\u00e9sident [extr\u00eame-droite]! (\u2026)<br \/>Monsieur le Pr\u00e9sident, nous comptons sur une signature. Ce sont des solutions<br \/>\nqui garantissent une \u00e9nergie moins ch\u00e8re pour les Polonais d\u2019aujourd\u2019hui et de<br \/>\ndemain.<\/p>\n<p class=\"MsoNormal\" style=\"text-align: justify;\">&gt; Nous cr\u00e9ons de<br \/>\nnouvelles for\u00eats sociales. \u00c0 partir de 2026, elles obtiendront une nouvelle<br \/>\nprotection juridique. Pour qu\u2019ils servent au mieux les gens, comme un lieu de<br \/>\nloisirs.<\/p>\n<p class=\"MsoNormal\" style=\"text-align: justify;\">&gt; Plus rapide, plus<br \/>\ncalme, plus confortable et plus \u00e9cologique. Les fonds europ\u00e9ens de la KPO<br \/>\nchangent le chemin de fer polonais. Il ne s\u2019agit pas seulement de moderniser<br \/>\nles voies et les gares. Ce sont des investissements dans le confort et la<br \/>\ns\u00e9curit\u00e9 des passagers.<\/p>\n<p class=\"MsoNormal\" style=\"text-align: justify;\">&gt; Le pr\u00e9sident Andrzej<br \/>\nDuda [droite radicale] a mis son veto au projet de loi introduisant le<br \/>\nProgramme de modernisation de la police, de la garde frontali\u00e8re, du service<br \/>\nd\u2019incendie de l\u2019\u00c9tat et du service p\u00e9nitentiaire. C\u2019est du sabotage. \u00c0 la fin<br \/>\nde son mandat, il a pris une d\u00e9cision qui nuit aux services publics. Honte !<\/p>\n<p class=\"MsoNormal\" style=\"text-align: justify;\">&gt; Nous \u00e9tions<br \/>\naujourd&rsquo;hui devant le palais du Premier ministre. L&rsquo;assistance personnelle<br \/>\nn&rsquo;est pas une faveur, c&rsquo;est un test d&rsquo;humanit\u00e9 que la Pologne doit enfin<br \/>\nr\u00e9ussir. Nous nous battrons pour que les engagements de la coalition soient<br \/>\nrespect\u00e9s !<\/p>\n<p class=\"MsoNormal\" style=\"text-align: justify;\">&gt; Il n\u2019y a pas<br \/>\nd\u2019\u00c9tat fort sans \u00e9galit\u00e9 devant la loi. L\u2019immunit\u00e9 ne peut \u00eatre un bouclier<br \/>\npour ceux qui ont abus\u00e9 du pouvoir.<\/p>\n<p class=\"MsoNormal\" style=\"text-align: justify;\">&gt; Bonne orientation<br \/>\nde la proposition du minist\u00e8re des Finances :<br \/>&#8211; Augmentation des investissements dans l&rsquo;\u00e9conomie polonaise. Gr\u00e2ce \u00e0 la<br \/>\ncr\u00e9ation de comptes d&rsquo;investissement personnels (OKI) exon\u00e9r\u00e9s d&rsquo;imp\u00f4t jusqu&rsquo;\u00e0<br \/>\n100 000 PLN.<br \/>&#8211; Emp\u00eacher le gaspillage d&rsquo;argent dans le b\u00e9ton. Confirmation qu&rsquo;il n&rsquo;y aura<br \/>\npas de REIT immobiliers. Notre position sur cette question a \u00e9t\u00e9 soutenue par<br \/>\nle minist\u00e8re des Finances<br \/>Au sein de la Coalition 15 X, nous cr\u00e9ons des conditions favorables \u00e0<br \/>\nl&rsquo;investissement dans l&rsquo;\u00e9conomie polonaise.<\/p>\n<p class=\"MsoNormal\" style=\"text-align: justify;\">\u00a0<\/p>\n<p class=\"MsoNormal\" style=\"text-align: justify;\"><b>Wioleta Tomczak (d\u00e9put\u00e9e)<br \/><\/b>&gt; Nous attendrons toujours l\u2019acc\u00e8s \u00e0 un psychologue pour les enfants \u00e0<br \/>\npartir de 13 ans sans la pr\u00e9sence d\u2019un parent\/tuteur. \u00c0 la fin de son mandat,<br \/>\nle pr\u00e9sident Duda [droite radicale] a renvoy\u00e9 l\u2019acte au Tribunal<br \/>\nconstitutionnel de mani\u00e8re pr\u00e9ventive. En r\u00e9sultera-t-il des trag\u00e9dies et<br \/>\ncombien ? J\u2019esp\u00e8re qu\u2019il n\u2019y en aura pas, mais je ne peux pas le garantir.<\/p>\n<p class=\"MsoNormal\" style=\"text-align: justify;\">\u00a0<\/p>\n<p class=\"MsoNormal\" style=\"text-align: justify;\"><b style=\"font-family: arial;\">\u25cf Portugal<\/b><br \/>\n<b style=\"font-family: arial;\">\u2666 Iniciativa liberal<br \/><\/b>&gt; Le Portugal traverse une crise d\u00e9mographique profonde. Dans un pays o\u00f9<br \/>\nde moins en moins de familles d\u00e9cident d&rsquo;avoir des enfants, on devrait<br \/>\ns&rsquo;attendre \u00e0 ce que l&rsquo;\u00c9tat promeuve des conditions de confiance, de souplesse<br \/>\net de respect pour ceux qui cherchent \u00e0 concilier travail et Malheureusement,<br \/>\nle gouvernement r\u00e9pond dans la direction oppos\u00e9e : limite les droits, augmente<br \/>\nla bureaucratie et rend la vie plus difficile pour ceux qui travaillent et<br \/>\nprennent soin de leur famille.<br \/>La famille est le fondement de la soci\u00e9t\u00e9, le gouvernement attaque la famille.<br \/>Propose de limiter le droit \u00e0 une exemption d&rsquo;allaitement maternel jusqu&rsquo;\u00e0<br \/>\nl&rsquo;\u00e2ge de 2 ans, n\u00e9cessitant des certificats m\u00e9dicaux d\u00e8s le premier jour et<br \/>\navec renouvellement de semestre. \u00c9liminez ce droit pour les m\u00e8res avec des<br \/>\ncontrats de moins de 4 heures par jour. Annulez les trois jours de deuil<br \/>\ngestationnel pay\u00e9s, renvoyant les parents pour des dettes impay\u00e9es. Et cela met<br \/>\nfin au droit automatique \u00e0 des horaires flexibles pour les familles avec<br \/>\nenfants de moins de 12 ans, sous r\u00e9serve de l&rsquo;autorisation de l&#8217;employeur.<br \/>En outre, le gouvernement continue de transf\u00e9rer aux entreprises le co\u00fbt de ces<br \/>\npolitiques publiques. La nativit\u00e9 devrait \u00eatre une priorit\u00e9 nationale. Mais<br \/>\nelle ne doit pas \u00eatre financ\u00e9e aux d\u00e9pens du secteur priv\u00e9. Les entreprises ont<br \/>\nbesoin de pr\u00e9visibilit\u00e9 et de stabilit\u00e9, pas de nouvelles obligations<br \/>\nunilat\u00e9rales. Avec la s\u00e9curit\u00e9 sociale, aux c\u00f4t\u00e9s des familles, l&rsquo;un des<br \/>\nmeilleurs b\u00e9n\u00e9ficiaires des politiques d&rsquo;incitation \u00e0 la naissance, il est<br \/>\nnaturel qu&rsquo;elle soit aussi votre principal bailleur de fonds.<br \/>Qui doit financer ces mesures ? La s\u00e9curit\u00e9 sociale pas les entreprises.<br \/>L&rsquo;Initiative lib\u00e9rale consid\u00e8re qu&rsquo;il est inacceptable que des lois soient<br \/>\nprises contre tout le monde ici sur la base du comportement de certains. En<br \/>\nl&rsquo;absence d&rsquo;une v\u00e9ritable r\u00e9forme du code du travail, le gouvernement pr\u00e9f\u00e8re<br \/>\nalimenter les man\u0153uvres de communication et frappe par la suite les plus<br \/>\nvuln\u00e9rables.<br \/>L&rsquo;Initiative lib\u00e9rale a une vision diff\u00e9rente et une voie alternative et a<br \/>\nintroduit plusieurs mesures de plaidoyer en faveur des familles, telles que le<br \/>\ncong\u00e9 parental prolong\u00e9 \u00e0 6 mois \u00e0 100 %, le contr\u00f4le de la garderie et la<br \/>\nlibert\u00e9 de choix pour toutes les femmes enceintes<\/p>\n<p class=\"MsoNormal\" style=\"text-align: justify;\">\u00a0<\/p>\n<p class=\"MsoNormal\" style=\"text-align: justify;\"><b style=\"font-family: arial;\">\u25cf Roumanie<br \/>\u2666 Gouvernement<br \/>Oana Toiu (ministre des Affaires \u00e9trang\u00e8res)<br \/><\/b>&gt; Premi\u00e8re visite bilat\u00e9rale<br \/>\nd&rsquo;un ministre roumain des affaires \u00e9trang\u00e8res \u00e0 Kiev depuis le d\u00e9but de<br \/>\nl&rsquo;invasion injustifi\u00e9e de la Russie en 2022. Ici pour envoyer un signal fort de<br \/>\nsolidarit\u00e9 avec l&rsquo;Ukraine. Nous ne restons pas indiff\u00e9rents \u00e0 la souffrance et<br \/>\n\u00e0 la barbarie &#8211; non seulement parce que c&rsquo;est juste, mais aussi parce qu&rsquo;il est<br \/>\ndans notre int\u00e9r\u00eat national d&rsquo;arr\u00eater l&rsquo;agression russe.<br \/>Dans ces jours, j&rsquo;aurai des discussions avec des hauts fonctionnaires<br \/>\nukrainiens sur tous les sujets d&rsquo;int\u00e9r\u00eat commun pour la Roumanie et l&rsquo;Ukraine,<br \/>\net \u00e0 la fin, je me rendrai \u00e0 Tchernauti, o\u00f9 je rencontrerai l&rsquo;importante<br \/>\ncommunaut\u00e9 des Roumains.<\/p>\n<p class=\"MsoNormal\" style=\"text-align: justify;\">Cependant, le<br \/>\nprogramme a commenc\u00e9 par une visite \u00e0 l&rsquo;h\u00f4pital pour enfants Okhmatdyt \u00e0 Kiev,<br \/>\nun an apr\u00e8s avoir \u00e9t\u00e9 d\u00e9lib\u00e9r\u00e9ment et brutalement bombard\u00e9 par les forces<br \/>\nrusses. C&rsquo;\u00e9tait un crime de guerre choquant qui nous a montr\u00e9 une fois de plus<br \/>\nle c\u00f4t\u00e9 barbare du r\u00e9gime du Kremlin.<br \/>En tant que m\u00e8re, je ne peux pas exprimer avec des mots les sentiments forts<br \/>\nque ces attaques m&rsquo;ont provoqu\u00e9s. Voir ces enfants innocents &#8211; certains d&rsquo;entre<br \/>\neux sous traitement pour des conditions graves &#8211; cibl\u00e9s par les bombes russes,<br \/>\nm&rsquo;a confirm\u00e9, une fois de plus, que le combat du peuple ukrainien est plus que<br \/>\njustifi\u00e9. Heureux de voir que l&rsquo;h\u00f4pital a \u00e9t\u00e9 reconstruit et continue de<br \/>\nfonctionner parce que ces enfants ont besoin de soins.<br \/>J&rsquo;ai \u00e9galement visit\u00e9 l&rsquo;\u00e9cole des super-h\u00e9ros, qui fonctionne au sein de<br \/>\nl&rsquo;Institut national du cancer. J&rsquo;ai \u00e9t\u00e9 profond\u00e9ment \u00e9mu par la d\u00e9termination<br \/>\nde ces enfants \u00e0 poursuivre leur \u00e9ducation tout en faisant face \u00e0 des<br \/>\ntraitements difficiles. La Fondation de la Premi\u00e8re Dame Olena Zelenska, avec<br \/>\nle soutien de partenaires internationaux, d\u00e9ploie des efforts avec grand c\u0153ur<br \/>\npour apporter un rayon de lumi\u00e8re dans la vie de ces enfants. J&rsquo;ai exprim\u00e9<br \/>\ntoute mon admiration pour ces \u00absuper-h\u00e9ros\u00bb qui nous apprennent \u00e0 ne jamais<br \/>\nabandonner.<br \/>Les visites d&rsquo;aujourd&rsquo;hui m&rsquo;ont montr\u00e9, une fois de plus, ce pour quoi les<br \/>\nUkrainiens se battent : prot\u00e9ger ces enfants vuln\u00e9rables, pour leur avenir,<br \/>\nmais aussi le n\u00f4tre. La Roumanie continuera \u00e0 soutenir l&rsquo;Ukraine, car leurs<br \/>\nvictoires sont aussi nos victoires.<\/p>\n<p class=\"MsoNormal\" style=\"text-align: justify;\">\u00a0<\/p>\n<p class=\"MsoNormal\" style=\"text-align: justify;\"><b style=\"font-family: arial;\">\u2666 USR<br \/><\/b>&gt; Les Roumains attendent des r\u00e9formes de la coalition, pas des<br \/>\nquerelles.<\/p>\n<p class=\"MsoNormal\" style=\"text-align: justify;\">&gt; Le ministre des Affaires \u00e9trang\u00e8res Oana T\u0326oiu a<br \/>\nrencontr\u00e9 aujourd&rsquo;hui \u00e0 Kiev le pr\u00e9sident de l&rsquo;Ukraine, Volodimir Zelenski, et<br \/>\nlui a envoy\u00e9 un nouveau message de soutien de la Roumanie.<br \/>L&rsquo;Ukraine se bat courageusement pour la s\u00e9curit\u00e9 et la libert\u00e9 de la Roumanie<br \/>\net de toute l&rsquo;Europe.<br \/>C&rsquo;est une guerre dont l&rsquo;Ukraine n&rsquo;a pas voulu, mais dans laquelle elle m\u00e8ne<br \/>\naujourd&rsquo;hui de mani\u00e8re d\u00e9cisive au nom des valeurs que la Roumanie croit &#8211;<br \/>\nlibert\u00e9, souverainet\u00e9 et ind\u00e9pendance. Tant que l&rsquo;Ukraine r\u00e9siste, notre<br \/>\ns\u00e9curit\u00e9 est mieux prot\u00e9g\u00e9e.<br \/>Ensemble, nous d\u00e9veloppons un partenariat strat\u00e9gique pour la paix et la<br \/>\nprosp\u00e9rit\u00e9.<br \/>Il est dans l&rsquo;int\u00e9r\u00eat direct de la Roumanie que cette paix soit une paix juste<br \/>\net durable qui assure l&rsquo;ind\u00e9pendance, l&rsquo;int\u00e9grit\u00e9 et le cours europ\u00e9en de<br \/>\nl&rsquo;Ukraine, ainsi que la stabilit\u00e9 et la s\u00e9curit\u00e9 de notre r\u00e9gion.<br \/>Nous avons discut\u00e9 avec le pr\u00e9sident Zelenski de la fa\u00e7on dont la Roumanie et<br \/>\nl&rsquo;Ukraine peuvent approfondir leur niveau de coop\u00e9ration au profit et \u00e0 la<br \/>\nprosp\u00e9rit\u00e9 des deux pays. La collaboration dans le domaine militaire et<br \/>\n\u00e9conomique est dans l&rsquo;int\u00e9r\u00eat de l&rsquo;industrie roumaine et des citoyens roumains.<br \/>Nous avons \u00e9galement parl\u00e9 de la voie europ\u00e9enne de l&rsquo;Ukraine et de la<br \/>\nR\u00e9publique de Moldavie et du fait que la Roumanie est un partenaire pour les<br \/>\ndeux pays, afin que nous soyons tous plus forts et plus prosp\u00e8res dans une<br \/>\nEurope unie.<\/p>\n<p class=\"MsoNormal\" style=\"text-align: justify;\">&gt; Le 28 septembre il y a des \u00e9lections en R\u00e9publique de<br \/>\nMoldavie. Et la Russie ne reste pas \u00e0 l&rsquo;\u00e9cart. \u00c0 travers un r\u00e9seau de<br \/>\npropagande complexe appel\u00e9 Matrioska, la Russie essaie activement de bloquer la<br \/>\ndiaspora, qui vote traditionnellement pro-europ\u00e9enne.<br \/>Comment fonctionne Matrioska ? Il cr\u00e9e des sites web qui ressemblent \u00e0 des<br \/>\njournaux europ\u00e9ens fiables et publie de fausses informations sur le<br \/>\ngouvernement pro-europ\u00e9en de la Moldavie et sur les institutions d\u00e9mocratiques<br \/>\ndu pays.<br \/>Et il ne s&rsquo;arr\u00eate pas l\u00e0. Les anciennes m\u00e9thodes \u2013 comme offrir de l&rsquo;argent en<br \/>\n\u00e9change de votes aux partis pro-russes \u2013 sont combin\u00e9es avec des techniques<br \/>\nmodernes : crypto-monnaies pour masquer la piste de l&rsquo;argent, influenceurs<br \/>\npay\u00e9s pour des campagnes de d\u00e9sinformation sur TikTok, fausses alertes \u00e0 la<br \/>\nbombe dans les bureaux de vote.<br \/>&#8211; Les messages de propagande du Kremlin ne sont pas nombreux, mais ils se<br \/>\nr\u00e9p\u00e8tent obsessionnellement. Vous connaissez probablement d\u00e9j\u00e0 ceci: l&rsquo;int\u00e9gration<br \/>\neurop\u00e9enne est pr\u00e9sent\u00e9e comme une forme de colonisation (\u00abLa Roumanie est<br \/>\ndevenue une colonie fran\u00e7aise\u00bb \u00e7a vous dit quelque chose?).<br \/>&#8211; La Moldavie sera oblig\u00e9e d&rsquo;entrer en guerre.<br \/>&#8211; Les Moldaves vont perdre leur identit\u00e9 nationale.<br \/>En Roumanie, les m\u00eames m\u00e9thodes et les m\u00eames messages sont utilis\u00e9s par les<br \/>\nr\u00e9seaux du parti extr\u00e9miste AUR.<br \/>La semaine derni\u00e8re, AUR a organis\u00e9 une conf\u00e9rence en R\u00e9publique de Moldavie \u00e0<br \/>\nlaquelle des personnalit\u00e9s toxiques et anti-europ\u00e9ennes infiltr\u00e9es dans les<br \/>\nr\u00e9seaux pro-Kremlin ont particip\u00e9.<br \/>Seul George Simion ne pouvait pas \u00eatre pr\u00e9sent. Il est interdit d&rsquo;entrer en<br \/>\nR\u00e9publique de Moldavie.<br \/>Mais il joue le jeu de la Russie ici, en Roumanie, \u00e0 travers des interviews sur<br \/>\ndes sites du r\u00e9seau de propagande AUR dans lesquels ils d\u00e9battent des m\u00eames<br \/>\nr\u00e9cits transmis depuis le Kremlin.<br \/>Le 28 septembre, la mobilisation de tous les Moldaves, y compris ceux qui<br \/>\nvivent en Roumanie, risque de faire pencher la balance. La Moldavie fait partie<br \/>\nde l&rsquo;Europe et elle ne peut y rester qu&rsquo;en votant.<\/p>\n<p class=\"MsoNormal\" style=\"text-align: justify;\">\u00a0<\/p>\n<p class=\"MsoNormal\" style=\"text-align: justify;\">\u00a0<\/p>\n<p><\/p>\n","protected":false},"excerpt":{"rendered":"Voici une s\u00e9lection, ce 8 ao\u00fbt 2025, des derniers propos tenus par des centristes dans les m\u00e9dias ou&hellip;\n","protected":false},"author":2,"featured_media":306327,"comment_status":"","ping_status":"","sticky":false,"template":"","format":"standard","meta":{"footnotes":""},"categories":[1586],"tags":[11,1777,674,1779,1011,27,12,25,1778,364],"class_list":{"0":"post-306326","1":"post","2":"type-post","3":"status-publish","4":"format-standard","5":"has-post-thumbnail","7":"category-europe","8":"tag-actualites","9":"tag-eu","10":"tag-europe","11":"tag-european-union","12":"tag-fr","13":"tag-france","14":"tag-news","15":"tag-republique-francaise","16":"tag-ue","17":"tag-union-europeenne"},"share_on_mastodon":{"url":"https:\/\/pubeurope.com\/@fr\/114996251487610788","error":""},"_links":{"self":[{"href":"https:\/\/www.europesays.com\/fr\/wp-json\/wp\/v2\/posts\/306326","targetHints":{"allow":["GET"]}}],"collection":[{"href":"https:\/\/www.europesays.com\/fr\/wp-json\/wp\/v2\/posts"}],"about":[{"href":"https:\/\/www.europesays.com\/fr\/wp-json\/wp\/v2\/types\/post"}],"author":[{"embeddable":true,"href":"https:\/\/www.europesays.com\/fr\/wp-json\/wp\/v2\/users\/2"}],"replies":[{"embeddable":true,"href":"https:\/\/www.europesays.com\/fr\/wp-json\/wp\/v2\/comments?post=306326"}],"version-history":[{"count":0,"href":"https:\/\/www.europesays.com\/fr\/wp-json\/wp\/v2\/posts\/306326\/revisions"}],"wp:featuredmedia":[{"embeddable":true,"href":"https:\/\/www.europesays.com\/fr\/wp-json\/wp\/v2\/media\/306327"}],"wp:attachment":[{"href":"https:\/\/www.europesays.com\/fr\/wp-json\/wp\/v2\/media?parent=306326"}],"wp:term":[{"taxonomy":"category","embeddable":true,"href":"https:\/\/www.europesays.com\/fr\/wp-json\/wp\/v2\/categories?post=306326"},{"taxonomy":"post_tag","embeddable":true,"href":"https:\/\/www.europesays.com\/fr\/wp-json\/wp\/v2\/tags?post=306326"}],"curies":[{"name":"wp","href":"https:\/\/api.w.org\/{rel}","templated":true}]}}