{"id":306333,"date":"2025-08-09T01:43:14","date_gmt":"2025-08-09T01:43:14","guid":{"rendered":"https:\/\/www.europesays.com\/fr\/306333\/"},"modified":"2025-08-09T01:43:14","modified_gmt":"2025-08-09T01:43:14","slug":"apres-son-dernier-match-avec-les-lions-kinghorn-revient-sur-son-annee-de-reve","status":"publish","type":"post","link":"https:\/\/www.europesays.com\/fr\/306333\/","title":{"rendered":"apr\u00e8s son dernier match avec les Lions, Kinghorn revient sur son ann\u00e9e de r\u00eave"},"content":{"rendered":"<p>Voil\u00e0 le dernier joueur du Stade Toulousain \u00e0 ne pas avoir encore profiter du soleil. Apr\u00e8s le marathon que repr\u00e9sente une saison de Top 14, Blair Kinghorn n\u2019avait pas \u00e9t\u00e9 au c\u0153ur des c\u00e9l\u00e9brations, comme il aime pourtant l\u2019\u00eatre, apr\u00e8s avoir remport\u00e9 le Bouclier de Brennus. Et pour cause, l\u2019Ecossais avait quitt\u00e9 ses partenaires quelques heures apr\u00e8s la finale pour s\u2019envoler vers l\u2019Australie et rejoindre les Lions Britanniques et Irlandais.<\/p>\n<p>Une ann\u00e9e riche en \u00e9motions pour Kinghorn<\/p>\n<p>S\u2019il s\u2019\u00e9tait bless\u00e9 en pr\u00e9paration, l\u2019arri\u00e8re a pu revenir pour disputer les deux derniers tests et r\u00e9alisait l\u2019un de ses r\u00eaves. D\u00e9sormais, Blair Kinghorn va profiter de vacances bien m\u00e9rit\u00e9es et devrait par cons\u00e9quent manquer les premi\u00e8res journ\u00e9es de Top 14. Sur son compte Instagram, l\u2019ancien d\u2019Edimbourg a publi\u00e9 des clich\u00e9s pour revenir sur sa superbe saison avec la l\u00e9gende\u00a0: \u00ab\u00a0le temps des vacances. Quelle ann\u00e9e\u00a0!\u00a0\u00bb.<\/p>\n<p>On peut ainsi voir l\u2019Ecossais au Stadium durant diff\u00e9rentes rencontres, en train de parapher un nouveau contrat aux c\u00f4t\u00e9s de Didier Lacroix, ou encore avec sa grand-m\u00e8re dans les installations du club. Il fait \u00e9galement la part belle \u00e0 ses aventures internationales avec les Lions. Particuli\u00e8rement appr\u00e9ci\u00e9 des supporters pour son caract\u00e8re enjou\u00e9, Blair Kinghorn s\u2019est rapidement fait adopter par le peuple toulousain avec son comp\u00e8re Jack Willis.<\/p>\n<blockquote class=\"instagram-media\" style=\"background: #FFF;border: 0;border-radius: 3px;margin: 1px;max-width: 540px;min-width: 326px;padding: 0;width: calc(100% - 2px)\" data-instgrm-captioned=\"\" data-instgrm-permalink=\"https:\/\/www.instagram.com\/p\/DM4Z3VmI0J1\/?utm_source=ig_embed&amp;utm_campaign=loading\" data-instgrm-version=\"14\"\/><p>Partagez cette info avec vos amis et vos proches en cliquant ici<br \/>Pour r\u00e9sumer<\/p>\n<p>Blair Kinghorn a publi\u00e9 plusieurs photos fortes pour illustrer sa superbe saison avec le Stade Toulousain et l\u2019Ecosse, conclue par une tourn\u00e9e avec les Lions Britanniques et Irlandais. L&rsquo;Ecossais va d\u00e9sormais \u00eatre en vacances.<\/p>\n<p> <img decoding=\"async\" width=\"76\" height=\"76\" loading=\"lazy\" src=\"https:\/\/www.europesays.com\/fr\/wp-content\/uploads\/2025\/04\/avatar-quinze.png\" alt=\"Arnaud D\u00e9chelotte\"\/><script async src=\"\/\/www.instagram.com\/embed.js\"><\/script><\/p>\n","protected":false},"excerpt":{"rendered":"Voil\u00e0 le dernier joueur du Stade Toulousain \u00e0 ne pas avoir encore profiter du soleil. Apr\u00e8s le marathon&hellip;\n","protected":false},"author":2,"featured_media":306334,"comment_status":"","ping_status":"","sticky":false,"template":"","format":"standard","meta":{"footnotes":""},"categories":[1416],"tags":[1011,27,479,1468,60],"class_list":{"0":"post-306333","1":"post","2":"type-post","3":"status-publish","4":"format-standard","5":"has-post-thumbnail","7":"category-rugby","8":"tag-fr","9":"tag-france","10":"tag-rugby","11":"tag-rugby-football","12":"tag-sports"},"share_on_mastodon":{"url":"https:\/\/pubeurope.com\/@fr\/114996275045966042","error":""},"_links":{"self":[{"href":"https:\/\/www.europesays.com\/fr\/wp-json\/wp\/v2\/posts\/306333","targetHints":{"allow":["GET"]}}],"collection":[{"href":"https:\/\/www.europesays.com\/fr\/wp-json\/wp\/v2\/posts"}],"about":[{"href":"https:\/\/www.europesays.com\/fr\/wp-json\/wp\/v2\/types\/post"}],"author":[{"embeddable":true,"href":"https:\/\/www.europesays.com\/fr\/wp-json\/wp\/v2\/users\/2"}],"replies":[{"embeddable":true,"href":"https:\/\/www.europesays.com\/fr\/wp-json\/wp\/v2\/comments?post=306333"}],"version-history":[{"count":0,"href":"https:\/\/www.europesays.com\/fr\/wp-json\/wp\/v2\/posts\/306333\/revisions"}],"wp:featuredmedia":[{"embeddable":true,"href":"https:\/\/www.europesays.com\/fr\/wp-json\/wp\/v2\/media\/306334"}],"wp:attachment":[{"href":"https:\/\/www.europesays.com\/fr\/wp-json\/wp\/v2\/media?parent=306333"}],"wp:term":[{"taxonomy":"category","embeddable":true,"href":"https:\/\/www.europesays.com\/fr\/wp-json\/wp\/v2\/categories?post=306333"},{"taxonomy":"post_tag","embeddable":true,"href":"https:\/\/www.europesays.com\/fr\/wp-json\/wp\/v2\/tags?post=306333"}],"curies":[{"name":"wp","href":"https:\/\/api.w.org\/{rel}","templated":true}]}}