{"id":306347,"date":"2025-08-09T01:52:16","date_gmt":"2025-08-09T01:52:16","guid":{"rendered":"https:\/\/www.europesays.com\/fr\/306347\/"},"modified":"2025-08-09T01:52:16","modified_gmt":"2025-08-09T01:52:16","slug":"un-premier-roman-pour-lenseignant-blaise-durivage","status":"publish","type":"post","link":"https:\/\/www.europesays.com\/fr\/306347\/","title":{"rendered":"Un premier roman pour l&rsquo;enseignant Blaise Durivage"},"content":{"rendered":"<p>Pis, un jour, il a fallu faire des lunchs, le tout premier roman du Johannais Blaise Durivage, enseignant au primaire, est en vente dans les librairies et en ligne depuis le mardi 5\u00a0ao\u00fbt. Pendant 240\u00a0pages, l\u2019auteur raconte avec humour des tranches de vie d\u2019une famille homoparentale inspir\u00e9e de la sienne.<\/p>\n<p>Blaise Durivage s\u2019exprime \u00e0 la premi\u00e8re personne du singulier pour illustrer la folle fin de semaine de P\u00e2ques qu\u2019il vit avec son conjoint Philippe et leurs fils Elliot et F\u00e9lix.<\/p>\n<p>Les r\u00e9unions de famille en ce temps de r\u00e9jouissance deviennent un pr\u00e9texte pour bien s\u2019immiscer dans la dynamique de ce clan qui, avec ses parents homosexuels et un fils autiste, peut para\u00eetre l\u00e9g\u00e8rement diff\u00e9rente, mais \u00e0 laquelle il est ais\u00e9 de s\u2019identifier.<\/p>\n<p>\u00ab Ce que j\u2019ai envie de montrer avec ce roman, c\u2019est que le quotidien de chaque famille se ressemble un peu \u00bb, observe Blaise Durivage quelques heures avant le lancement de son roman \u00e0 la cidrerie Denis Charbonneau \u00e0 Mont-Saint-Gr\u00e9goire le vendredi 1er\u00a0ao\u00fbt.<\/p>\n<p>Une nouvelle qui a tout chang\u00e9<\/p>\n<p>Blaise Durivage a toujours \u00e9t\u00e9 attir\u00e9 par l\u2019\u00e9criture. \u00ab J\u2019aime \u00e9crire des histoires tragi-comiques, car c\u2019est \u00e7a la vie. Je suis une personne dr\u00f4le \u00e0 la base, car je veux plaire et j\u2019aime que les gens autour de moi se sentent bien \u00bb, r\u00e9sume simplement celui qui, en 2023, a fait partie des vingt-quatre auteurs en lice pour le Prix de la nouvelle Radio-Canada.<\/p>\n<p>C\u2019est \u00e0 la suite de cette nomination que le chroniqueur et enseignant a eu l\u2019opportunit\u00e9 de r\u00e9aliser son r\u00eave d\u2019\u00e9crire un livre. \u00ab Une \u00e9ditrice du Groupe Librex a lu ma nouvelle et m\u2019a contact\u00e9 pour savoir si j\u2019\u00e9tais int\u00e9ress\u00e9 \u00e0 publier un roman. J\u2019\u00e9tais content et \u00e9tonn\u00e9, car j\u2019ai voulu \u00e7a toute ma vie, mais \u00e7a ne me semblait pas possible \u00bb, confesse-t-il.<\/p>\n<p>L\u2019\u00e9criture du roman a approximativement pris un an, \u00e0 coups de s\u00e9ance d\u2019\u00e9criture le soir apr\u00e8s le travail et pendant la pause estivale. Blaise Durivage avait plusieurs id\u00e9es en t\u00eate, mais c\u2019est v\u00e9ritablement lorsque son \u00e9ditrice lui a confirm\u00e9 que sa r\u00e9alit\u00e9 familiale regorgeait de potentiel qu\u2019il a r\u00e9alis\u00e9 qu\u2019il pouvait aborder ce sujet.<\/p>\n<p>\u00ab Je ne pensais tout simplement pas \u00e0 \u00e9crire sur \u00e7a avant qu\u2019on m\u2019en parle. J\u2019ai fait lire mon roman \u00e0 mon chum pendant le processus d\u2019\u00e9criture pour \u00eatre s\u00fbr qu\u2019il \u00e9tait d\u2019accord avec ce que j\u2019\u00e9crivais. J\u2019\u00e9cris assez rapidement. Les mots sortent facilement et fluidement \u00bb, remarque celui qui travaille d\u00e9j\u00e0 sur d\u2019autres projets d\u2019\u00e9criture.<\/p>\n<p>Un titre porteur<\/p>\n<p>Blaise Durivage admet qu\u2019il n\u2019a pas pens\u00e9 r\u00e9ellement \u00e0 un titre pendant qu\u2019il planchait sur son premier roman.<\/p>\n<p>\u00ab Je pensais \u00e0 des titres comme Quelque chose comme une vraie famille ou Une famille diff\u00e9rente, mais la maison d\u2019\u00e9dition trouvait que, sur le plan marketing, \u00e7a ne fonctionnait pas. Un soir, avant le d\u00e9but d\u2019une semaine d\u2019\u00e9cole, mon chum m\u2019a dit avec d\u00e9couragement qu\u2019il fallait encore faire des lunchs. J\u2019ai trouv\u00e9 que \u00e7a r\u00e9sumait bien notre vie. Maintenant, il ne faut pas juste penser \u00e0 nous, il faut faire des lunchs pour d\u2019autres \u00bb, conclut-il.<\/p>\n","protected":false},"excerpt":{"rendered":"Pis, un jour, il a fallu faire des lunchs, le tout premier roman du Johannais Blaise Durivage, enseignant&hellip;\n","protected":false},"author":2,"featured_media":306348,"comment_status":"","ping_status":"","sticky":false,"template":"","format":"standard","meta":{"footnotes":""},"categories":[1357],"tags":[1379,58,59,1011,27,1380],"class_list":{"0":"post-306347","1":"post","2":"type-post","3":"status-publish","4":"format-standard","5":"has-post-thumbnail","7":"category-livres","8":"tag-books","9":"tag-divertissement","10":"tag-entertainment","11":"tag-fr","12":"tag-france","13":"tag-livres"},"share_on_mastodon":{"url":"https:\/\/pubeurope.com\/@fr\/114996310469487656","error":""},"_links":{"self":[{"href":"https:\/\/www.europesays.com\/fr\/wp-json\/wp\/v2\/posts\/306347","targetHints":{"allow":["GET"]}}],"collection":[{"href":"https:\/\/www.europesays.com\/fr\/wp-json\/wp\/v2\/posts"}],"about":[{"href":"https:\/\/www.europesays.com\/fr\/wp-json\/wp\/v2\/types\/post"}],"author":[{"embeddable":true,"href":"https:\/\/www.europesays.com\/fr\/wp-json\/wp\/v2\/users\/2"}],"replies":[{"embeddable":true,"href":"https:\/\/www.europesays.com\/fr\/wp-json\/wp\/v2\/comments?post=306347"}],"version-history":[{"count":0,"href":"https:\/\/www.europesays.com\/fr\/wp-json\/wp\/v2\/posts\/306347\/revisions"}],"wp:featuredmedia":[{"embeddable":true,"href":"https:\/\/www.europesays.com\/fr\/wp-json\/wp\/v2\/media\/306348"}],"wp:attachment":[{"href":"https:\/\/www.europesays.com\/fr\/wp-json\/wp\/v2\/media?parent=306347"}],"wp:term":[{"taxonomy":"category","embeddable":true,"href":"https:\/\/www.europesays.com\/fr\/wp-json\/wp\/v2\/categories?post=306347"},{"taxonomy":"post_tag","embeddable":true,"href":"https:\/\/www.europesays.com\/fr\/wp-json\/wp\/v2\/tags?post=306347"}],"curies":[{"name":"wp","href":"https:\/\/api.w.org\/{rel}","templated":true}]}}