{"id":306349,"date":"2025-08-09T01:53:20","date_gmt":"2025-08-09T01:53:20","guid":{"rendered":"https:\/\/www.europesays.com\/fr\/306349\/"},"modified":"2025-08-09T01:53:20","modified_gmt":"2025-08-09T01:53:20","slug":"je-nai-jamais-doute-de-mes-sentiments","status":"publish","type":"post","link":"https:\/\/www.europesays.com\/fr\/306349\/","title":{"rendered":"Je n&rsquo;ai jamais dout\u00e9 de mes sentiments"},"content":{"rendered":"<p>Si vous avez regard\u00e9 <a href=\"https:\/\/www.programme-tv.net\/news\/tele-realite\/384975-secret-story-2025-combien-d-argent-ont-recolte-le-gagnant-ou-la-gagnante-et-les-finalistes\/\" data-api-deeplink=\"teleloisirs:\/\/news\/384975\" rel=\"nofollow noopener\" target=\"_blank\">Secret Story<\/a> cette saison, vous n&rsquo;avez pas pu passer \u00e0 c\u00f4t\u00e9 du ph\u00e9nom\u00e8ne \u00ab\u00a0Romayer\u00a0\u00bb, issus de la fusion des pr\u00e9noms de Romy et Mayer, deux candidats phares de cette saison 13. <b>Malgr\u00e9 leurs caract\u00e8res oppos\u00e9s, ils ont nou\u00e9 un lien tr\u00e8s fort<\/b>, et les t\u00e9l\u00e9spectateurs \u00e9taient nombreux \u00e0 se demander si l&rsquo;amiti\u00e9 ne s&rsquo;\u00e9tait pas mut\u00e9e en sentiments amoureux. Il y a quelques semaines, Mayer,<a href=\"https:\/\/www.programme-tv.net\/news\/tele-realite\/383814-mayer-secret-story-2025-diagnostique-hpi-comme-son-frere-jumeau-zach-ma-mere-nous-a-fait-passer-un-test-de-qi-a-11-ans\/\" data-api-deeplink=\"teleloisirs:\/\/news\/383814\" rel=\"nofollow noopener\" target=\"_blank\"> diagnostiqu\u00e9 HPI avec son fr\u00e8re lorsqu&rsquo;il avait 11 ans<\/a>, a d\u00e9cid\u00e9 de quitter l&rsquo;aventure, au grand dam de la gagnante qui en avait fait son pilier dans l&rsquo;aventure. \u00ab\u00a0Romayer a exist\u00e9 dans la maison, <b>cela existera aussi \u00e0 la sortie<\/b>. Apr\u00e8s, cela d\u00e9pend de ce qu\u2019on entend par Romayer, mais Romy est une femme extraordinaire, je l\u2019adore\u00a0\u00bb,<a href=\"https:\/\/www.programme-tv.net\/news\/tele-realite\/383836-mayer-secret-story-2025-revient-sur-sa-relation-avec-romy-les-autres-l-ont-un-peu-embrouillee\/\" data-api-deeplink=\"teleloisirs:\/\/news\/383836\" rel=\"nofollow noopener\" target=\"_blank\"> avait-il d\u00e9clar\u00e9 en interview \u00e0 T\u00e9l\u00e9-Loisirs<\/a> \u00e0 sa sortie. Au lendemain de <a href=\"https:\/\/www.programme-tv.net\/news\/tele-realite\/384866-romy-secret-story-2025-revient-sur-sa-victoire-gagner-avec-72-des-votes-c-est-spectaculaire\/\" data-api-deeplink=\"teleloisirs:\/\/news\/384866\" rel=\"nofollow noopener\" target=\"_blank\">sa large victoire dans la finale<\/a> de Secret Story sur TFX, Romy a accept\u00e9, \u00e0 son tour, de se confier sur cette relation si particuli\u00e8re pour elle.<\/p>\n<p>                        Romy revient sur sa relation avec Mayer dans Secret Story 2025 : \u00ab\u00a0Son abandon, c\u2019est un choix que j\u2019ai eu du mal \u00e0 accepter\u00a0\u00bb <\/p>\n<p><b>T\u00e9l\u00e9-Loisirs <\/b><b>: Vous \u00e9tiez tr\u00e8s poche de Mayer, comment avez-vous v\u00e9cu son abandon en cours d&rsquo;\u00e9mission ? <br \/>Romy<\/b> : J\u2019\u00e9tais pein\u00e9e, parce que c\u2019\u00e9tait un b\u00eate de joueur. Il aurait pu faire partie du carr\u00e9 final lui aussi, c\u2019\u00e9tait notre but. Il a pr\u00e9f\u00e9r\u00e9, pour lui, quitter l\u2019aventure avant la fin, c\u2019est un choix que j\u2019ai eu du mal \u00e0 accepter\u2026 mais que j\u2019ai finalement accept\u00e9. Mon c\u0153ur est rest\u00e9 ouvert, parce que son bonheur passe avant le mien. S\u2019il est heureux en quittant l\u2019aventure, je ne peux pas le retenir.<\/p>\n<p><b>Avez-vous ressenti un vide apr\u00e8s son d\u00e9part ? <br \/><\/b>Je ne me suis pas d\u00e9motiv\u00e9e, il fallait que je fasse honneur \u00e0 \u00ab\u00a0Jimmy Neutron\u00a0\u00bb, j&rsquo;ai ramen\u00e9 le cardigan en final et c&rsquo;\u00e9tait ma mission. Apr\u00e8s je n&rsquo;\u00e9tais pas seule, il y avait aussi Ethan et A\u00efmed. Ce sont des gens avec qui j\u2019ai appr\u00e9ci\u00e9 partager mon aventure. J\u2019ai perdu un pilier, mais pas toute mon aventure non plus.<\/p>\n<p><b>Votre relation a connu des hauts et des bas, qu&rsquo;en est-il de \u00ab\u00a0Romayer\u00a0\u00bb aujourd&rsquo;hui ? <br \/><\/b>Romayer, c&rsquo;est jusqu&rsquo;au bout, il n&rsquo;y a pas eu de freins, simplement des hauts et des bas, comme toute relation humaine. <b>On est tr\u00e8s diff\u00e9rents mais tr\u00e8s compl\u00e9mentaires<\/b> c&rsquo;est ce qui fait notre force.<\/p>\n<p>Romy (Secret Story 2025) cash sur sa relation avec Mayer : \u00ab\u00a0Les habitants  ont mis leur nez dans des histoires qui ne les regardaient pas\u00a0\u00bb<\/p>\n<p><b>Vous avez pu douter de vos sentiments pour lui, qu&rsquo;en est-il aujourd&rsquo;hui ? <br \/><\/b>Je n&rsquo;ai jamais dout\u00e9 de mes sentiments envers Mayer, je sais ce que je lui donne, je sais ce que je re\u00e7ois venant de lui. Moi<b> je n&rsquo;ai pas dout\u00e9<\/b>, c&rsquo;est surtout les habitants qui voulaient mettre leur nez dans des histoires qui ne les regardaient pas. Il n&rsquo;y a pas eu d&rsquo;ambigu\u00eft\u00e9, on a men\u00e9 notre amiti\u00e9 comme bon nous semblait. Les gens interpr\u00e8tent ce qu&rsquo;ils veulent mais c&rsquo;\u00e9tait de l&rsquo;amiti\u00e9 pure. Quand je l&rsquo;ai revu avant la finale, c&rsquo;\u00e9tait du boost en plus, des petites mises au clair et des points sur l&rsquo;ext\u00e9rieur, c&rsquo;\u00e9tait parfait.<\/p>\n<p><b>A\u00efmed a aussi \u00e9t\u00e9 tr\u00e8s important dans votre aventure&#8230; <br \/><\/b>Sans A\u00efmed, le jeu n&rsquo;aurait jamais \u00e9t\u00e9 le m\u00eame, ni m\u00eame mon aventure. C&rsquo;est mon fr\u00e8re, on n&rsquo;est pas toujours d&rsquo;accord, on n&rsquo;a pas forc\u00e9ment les m\u00eames avis mais on s&rsquo;aimait tout autant.<\/p>\n","protected":false},"excerpt":{"rendered":"Si vous avez regard\u00e9 Secret Story cette saison, vous n&rsquo;avez pas pu passer \u00e0 c\u00f4t\u00e9 du ph\u00e9nom\u00e8ne \u00ab\u00a0Romayer\u00a0\u00bb,&hellip;\n","protected":false},"author":2,"featured_media":306350,"comment_status":"","ping_status":"","sticky":false,"template":"","format":"standard","meta":{"footnotes":""},"categories":[1356],"tags":[5410,244,58,59,1011,27,2173,37473,37469,37470,37471,37472,34096,36478,29901,37474,39375,37468,252,30052,2175,1364],"class_list":{"0":"post-306349","1":"post","2":"type-post","3":"status-publish","4":"format-standard","5":"has-post-thumbnail","7":"category-television","8":"tag-christophe-beaugrand","9":"tag-commentaire","10":"tag-divertissement","11":"tag-entertainment","12":"tag-fr","13":"tag-france","14":"tag-interview","15":"tag-la-quotidienne-1099514145","16":"tag-la-quotidienne-1099539196","17":"tag-la-quotidienne-1099553915","18":"tag-la-quotidienne-1099565530","19":"tag-la-quotidienne-1099565538","20":"tag-mayer-secret-story-13","21":"tag-romy-secret-story-13","22":"tag-secret-story","23":"tag-secret-story-1099553929","24":"tag-secret-story-1099644188","25":"tag-secret-story-40318845","26":"tag-television","27":"tag-tfx","28":"tag-tl-story","29":"tag-tv"},"share_on_mastodon":{"url":"https:\/\/pubeurope.com\/@fr\/114996314548924897","error":""},"_links":{"self":[{"href":"https:\/\/www.europesays.com\/fr\/wp-json\/wp\/v2\/posts\/306349","targetHints":{"allow":["GET"]}}],"collection":[{"href":"https:\/\/www.europesays.com\/fr\/wp-json\/wp\/v2\/posts"}],"about":[{"href":"https:\/\/www.europesays.com\/fr\/wp-json\/wp\/v2\/types\/post"}],"author":[{"embeddable":true,"href":"https:\/\/www.europesays.com\/fr\/wp-json\/wp\/v2\/users\/2"}],"replies":[{"embeddable":true,"href":"https:\/\/www.europesays.com\/fr\/wp-json\/wp\/v2\/comments?post=306349"}],"version-history":[{"count":0,"href":"https:\/\/www.europesays.com\/fr\/wp-json\/wp\/v2\/posts\/306349\/revisions"}],"wp:featuredmedia":[{"embeddable":true,"href":"https:\/\/www.europesays.com\/fr\/wp-json\/wp\/v2\/media\/306350"}],"wp:attachment":[{"href":"https:\/\/www.europesays.com\/fr\/wp-json\/wp\/v2\/media?parent=306349"}],"wp:term":[{"taxonomy":"category","embeddable":true,"href":"https:\/\/www.europesays.com\/fr\/wp-json\/wp\/v2\/categories?post=306349"},{"taxonomy":"post_tag","embeddable":true,"href":"https:\/\/www.europesays.com\/fr\/wp-json\/wp\/v2\/tags?post=306349"}],"curies":[{"name":"wp","href":"https:\/\/api.w.org\/{rel}","templated":true}]}}