{"id":306351,"date":"2025-08-09T01:54:11","date_gmt":"2025-08-09T01:54:11","guid":{"rendered":"https:\/\/www.europesays.com\/fr\/306351\/"},"modified":"2025-08-09T01:54:11","modified_gmt":"2025-08-09T01:54:11","slug":"apres-laffaire-il-reagit-en-quelques-mots-q","status":"publish","type":"post","link":"https:\/\/www.europesays.com\/fr\/306351\/","title":{"rendered":"apr\u00e8s l\u2019affaire, il r\u00e9agit en quelques mots q &#8230;"},"content":{"rendered":"<p>EN BREF<\/p>\n<ul class=\"bloc_resume_post_list\">\n<li>Depuis le 22 juillet, Patrick S\u00e9bastien est au c\u0153ur d\u00a0\u00bbune<br \/>\npol\u00e9mique apr\u00e8s un concert au camping naturiste du Cap<br \/>\nd&rsquo;Agde.<\/li>\n<li>Une femme aurait mim\u00e9 ou effectu\u00e9 une fellation sur<br \/>\nsc\u00e8ne, suscitant de vives critiques et indignations.<\/li>\n<li>Patrick S\u00e9bastien, silencieux, laisse planer le myst\u00e8re<br \/>\navec une r\u00e9ponse \u00e9nigmatique, tandis que des annulations de<br \/>\nspectacles s&rsquo;encha\u00eenent.<\/li>\n<\/ul>\n<p>Depuis le 22 juillet, <a href=\"https:\/\/www.telestar.fr\/people\/marre-des-interdits-patrick-sebastien-remet-ca-apres-sa-fellation-mimee-sur-scene-1733750\" rel=\"nofollow noopener\" target=\"_blank\"><br \/>\nPatrick S\u00e9bastien<\/a> se retrouve au c\u0153ur d\u2019une vive<br \/>\n<strong>pol\u00e9mique<\/strong>. Lors d\u2019un <strong>concert<\/strong> au<br \/>\n<a href=\"https:\/\/www.telestar.fr\/people\/patrick-sebastien-la-fausse-fellation-sur-scene-a-ete-filmee-et-cest-terrible-video-1733304\" rel=\"nofollow noopener\" target=\"_blank\"><br \/>\ncamping naturiste du Cap d\u2019Agde<\/a>, une s\u00e9quence tr\u00e8s<br \/>\n<strong>critiqu\u00e9e<\/strong> a provoqu\u00e9 un toll\u00e9 sur les r\u00e9seaux<br \/>\nsociaux. Le <a href=\"https:\/\/www.telestar.fr\/people\/patrick-sebastien-mimant-une-fellation-lanimateur-sanctionne-manu-militari-1733571\" rel=\"nofollow noopener\" target=\"_blank\"><br \/>\nchanteur de 71 ans<\/a>, habitu\u00e9 aux spectacles provocateurs, est<br \/>\ncette fois rattrap\u00e9 par une sc\u00e8ne jug\u00e9e<br \/>\n\u201c<strong>d\u00e9plac\u00e9e<\/strong>\u201d par une partie du public.<\/p>\n<p>Le journal <a href=\"https:\/\/www.mediapart.fr\/journal\/france\/290725\/au-cap-d-agde-devant-des-familles-patrick-sebastien-offre-une-fellation-en-guise-de\" rel=\"nofollow noopener\" target=\"_blank\"><br \/>\nMediapart<\/a> a r\u00e9v\u00e9l\u00e9 que pendant son show, une femme serait<br \/>\nmont\u00e9e sur <strong>sc\u00e8ne pour mimer<\/strong>, ou peut-\u00eatre<br \/>\nr\u00e9ellement <strong>effectuer<\/strong>, une <a href=\"https:\/\/www.telestar.fr\/people\/patrick-sebastien-la-polemique-de-la-fausse-fellation-lui-glisse-dessus-de-nouvelles-images-devoilees-1733815\" rel=\"nofollow noopener\" target=\"_blank\"><br \/>\nfellation<\/a> face \u00e0 l\u2019artiste, dans un moment d\u00e9crit comme<br \/>\n\u201c<strong>festif<\/strong>\u201d. Depuis, les r\u00e9actions indign\u00e9es<br \/>\nse multiplient, mettant <a href=\"https:\/\/www.telestar.fr\/people\/patrick-sebastien-au-cap-dagde-des-images-exhumees-et-elles-enfoncent-lanimateur-1733311\" rel=\"nofollow noopener\" target=\"_blank\"><br \/>\nl\u2019humoriste Patrick S\u00e9bastien<\/a> dans une position d\u00e9licate.<\/p>\n<p>\u201cOn fera les comptes apr\u00e8s\u2019\u2019 : une r\u00e9ponse en forme de<br \/>\nmenace de la part de Patrick S\u00e9bastien ?<\/p>\n<p>Alors que les <strong>critiques<\/strong> fusent, Patrick<br \/>\nS\u00e9bastien reste \u00e9trangement <strong>silencieux<\/strong>. Aucun<br \/>\ncommuniqu\u00e9 officiel, pas d\u2019excuse publique. Interrog\u00e9 par<br \/>\nFrance Dimanche, il a l\u00e2ch\u00e9 une phrase \u00e9nigmatique.<br \/>\n\u201cAucun commentaire. Je laisse les <strong>journalistes<br \/>\ncontinuer \u00e0 se r\u00e9galer de mensonges en diffamations sans savoir<br \/>\nvraiment. On fera les comptes apr\u00e8s.<\/strong> D\u00e9sol\u00e9.<br \/>\nMerci.\u2019\u2019<\/p>\n<p>Une r\u00e9plique br\u00e8ve, mais lourde de sous-entendus. Certains y<br \/>\nper\u00e7oivent une <strong>promesse d\u2019attaque en justice<\/strong><br \/>\ncontre ceux qui relayent l\u2019affaire. Pour l\u2019instant, son entourage<br \/>\nreste <strong>discret<\/strong> et son avocat parle d\u2019une<br \/>\n\u201c<strong>sc\u00e8ne mim\u00e9e<\/strong>\u201d <strong>non<br \/>\npr\u00e9vue,<\/strong> sans lien avec Patrick S\u00e9bastien.<\/p>\n<p>Retour sur sc\u00e8ne pour le chanteur :<br \/>\nentre humour et annulations en cha\u00eene<\/p>\n<p>Malgr\u00e9 la temp\u00eate, Patrick S\u00e9bastien est remont\u00e9 sur<br \/>\n<strong>sc\u00e8ne<\/strong> le 4 ao\u00fbt \u00e0 <strong>Colmar<\/strong>. Devant<br \/>\n<strong>7000 spectateurs<\/strong>, il a pr\u00e9f\u00e9r\u00e9 tourner l\u2019affaire<br \/>\nen d\u00e9rision. \u201cJe ne dirai <strong>pas un seul gros mot ce<br \/>\nsoir<\/strong>. Je n\u2019ai <strong>pas envie de me faire<br \/>\nengueuler<\/strong>.\u2019\u2019 a-t-il ironis\u00e9, avant de chanter avec le<br \/>\npublic La Quequette \u00e0 Raoul, fid\u00e8le \u00e0 son registre<br \/>\n<strong>provocateur<\/strong>.<\/p>\n<p>Mais les <strong>cons\u00e9quences<\/strong> ne se limitent pas aux<br \/>\nr\u00e9seaux sociaux. Sa venue au <strong>festival Humour et<br \/>\nDanse<\/strong> de <strong>Roquebrune-Cap-Martin<\/strong> a \u00e9t\u00e9<br \/>\n<strong>annul\u00e9e<\/strong>, officiellement pour des raisons<br \/>\ntechniques. Et sa repr\u00e9sentation pr\u00e9vue \u00e0 <strong>La<br \/>\nMotte-du-Caire<\/strong>, le 20 ao\u00fbt, a \u00e9galement \u00e9t\u00e9<br \/>\n<strong>annul\u00e9e<\/strong>, sans explication officielle. Cette sc\u00e8ne<br \/>\nau camping du Cap d\u2019Agde continue de bouleverser le festival de<br \/>\nl\u2019ancien animateur de France 2.<\/p>\n","protected":false},"excerpt":{"rendered":"EN BREF Depuis le 22 juillet, Patrick S\u00e9bastien est au c\u0153ur d\u00a0\u00bbune pol\u00e9mique apr\u00e8s un concert au camping&hellip;\n","protected":false},"author":2,"featured_media":306352,"comment_status":"","ping_status":"","sticky":false,"template":"","format":"standard","meta":{"footnotes":""},"categories":[1355],"tags":[548,58,59,1011,27,1361,873,6097],"class_list":{"0":"post-306351","1":"post","2":"type-post","3":"status-publish","4":"format-standard","5":"has-post-thumbnail","7":"category-musique","8":"tag-article-simple","9":"tag-divertissement","10":"tag-entertainment","11":"tag-fr","12":"tag-france","13":"tag-music","14":"tag-musique","15":"tag-patrick-sebastien"},"share_on_mastodon":{"url":"https:\/\/pubeurope.com\/@fr\/114996318340817462","error":""},"_links":{"self":[{"href":"https:\/\/www.europesays.com\/fr\/wp-json\/wp\/v2\/posts\/306351","targetHints":{"allow":["GET"]}}],"collection":[{"href":"https:\/\/www.europesays.com\/fr\/wp-json\/wp\/v2\/posts"}],"about":[{"href":"https:\/\/www.europesays.com\/fr\/wp-json\/wp\/v2\/types\/post"}],"author":[{"embeddable":true,"href":"https:\/\/www.europesays.com\/fr\/wp-json\/wp\/v2\/users\/2"}],"replies":[{"embeddable":true,"href":"https:\/\/www.europesays.com\/fr\/wp-json\/wp\/v2\/comments?post=306351"}],"version-history":[{"count":0,"href":"https:\/\/www.europesays.com\/fr\/wp-json\/wp\/v2\/posts\/306351\/revisions"}],"wp:featuredmedia":[{"embeddable":true,"href":"https:\/\/www.europesays.com\/fr\/wp-json\/wp\/v2\/media\/306352"}],"wp:attachment":[{"href":"https:\/\/www.europesays.com\/fr\/wp-json\/wp\/v2\/media?parent=306351"}],"wp:term":[{"taxonomy":"category","embeddable":true,"href":"https:\/\/www.europesays.com\/fr\/wp-json\/wp\/v2\/categories?post=306351"},{"taxonomy":"post_tag","embeddable":true,"href":"https:\/\/www.europesays.com\/fr\/wp-json\/wp\/v2\/tags?post=306351"}],"curies":[{"name":"wp","href":"https:\/\/api.w.org\/{rel}","templated":true}]}}