{"id":306365,"date":"2025-08-09T02:01:12","date_gmt":"2025-08-09T02:01:12","guid":{"rendered":"https:\/\/www.europesays.com\/fr\/306365\/"},"modified":"2025-08-09T02:01:12","modified_gmt":"2025-08-09T02:01:12","slug":"ladministration-trump-reclame-1-milliard-de-dollars-a-luniversite-de-californie","status":"publish","type":"post","link":"https:\/\/www.europesays.com\/fr\/306365\/","title":{"rendered":"L&rsquo;administration Trump r\u00e9clame 1 milliard de dollars \u00e0 l&rsquo;Universit\u00e9 de Californie"},"content":{"rendered":"<p class=\"fig-paragraph\">L&rsquo;universit\u00e9 publique de Californie a annonc\u00e9 vendredi 8 ao\u00fbt que le gouvernement am\u00e9ricain lui r\u00e9clamait une amende monstre d&rsquo;un milliard de dollars pour les manifestations propalestiniennes de 2024, nouvelle offensive de l&rsquo;administration de\u00a0<a href=\"https:\/\/www.lefigaro.fr\/tag\/donald-trump\" target=\"_blank\" rel=\"noopener nofollow\" data-gtm-custom-categorie=\"navigation\" data-gtm-custom-action=\"crossclick\" data-gtm-custom-label=\"Contextuel\" data-gtm-event=\"customEventSPE\">Donald Trump<\/a>\u00a0contre l&rsquo;enseignement sup\u00e9rieur. Le montant repr\u00e9sente cinq fois ce que\u00a0<a href=\"http:\/\/www.lefigaro.fr\/flash-actu\/l-universite-columbia-sous-pression-de-trump-annonce-un-accord-financier-avec-le-gouvernement-20250724\" target=\"_blank\" data-fig-type=\"NewsFlash\" rel=\"noopener nofollow\" data-gtm-custom-categorie=\"navigation\" data-gtm-custom-action=\"crossclick\" data-gtm-custom-label=\"Contextuel\" data-gtm-event=\"customEventSPE\" data-fig-domain=\"LEFIGARO\">l&rsquo;universit\u00e9 priv\u00e9e new-yorkaise Columbia<\/a>\u00a0a consenti \u00e0 payer fin juillet, plus de 200 millions de dollars, pour r\u00e9gler un diff\u00e9rend sur des accusations d&rsquo;antis\u00e9mitisme qui aurait prolif\u00e9r\u00e9 sur son campus lors du mouvement du printemps 2024 contre la guerre men\u00e9e par Isra\u00ebl dans la bande de Gaza.<\/p>\n<p class=\"fig-paragraph\">\u00abEn tant qu&rsquo;universit\u00e9 publique, nous sommes d\u00e9pendants des ressources du contribuable et un paiement de cette ampleur d\u00e9truirait compl\u00e8tement le meilleur syst\u00e8me universitaire public du pays et ferait un mal immense \u00e0 nos \u00e9tudiants et \u00e0 tous les Californiens\u00bb, a d\u00e9clar\u00e9 \u00e0 la presse le pr\u00e9sident de l&rsquo;universit\u00e9 de Californie (UC) James Milliken. D&rsquo;apr\u00e8s ce responsable qui chapeaute dix campus, dont le plus important \u00e0 Los Angeles (UCLA), si\u00e8ge des manifestations de l&rsquo;an dernier et dans le collimateur de l&rsquo;administration Trump, l&rsquo;universit\u00e9 a re\u00e7u vendredi la demande du gouvernement f\u00e9d\u00e9ral. James Milliken a invoqu\u00e9 le \u00abtravail crucial que r\u00e9alisent UCLA et le r\u00e9seau UC en mati\u00e8re de recherches technologique et m\u00e9dicale, afin de sauver des vies, faire cro\u00eetre l&rsquo;\u00e9conomie am\u00e9ricaine et pr\u00e9server la s\u00e9curit\u00e9 nationale.\u00bb\u00a0<\/p>\n<p>                                    <a class=\"fig-a11y-skip a11y-hidden\" href=\"#fig-a11y-skip-main-inarticle\"><br \/>\n        Passer la publicit\u00e9<br \/>\n    <\/a><\/p>\n<p>Des \u00e9tudiants juifs \u00abdiscrimin\u00e9s et intimid\u00e9s\u00bb<\/p>\n<p class=\"fig-paragraph\">D&rsquo;apr\u00e8s des m\u00e9dias en Californie, le gouvernement Trump exigerait \u00e9galement que l&rsquo;universit\u00e9 verse 172 millions de dollars \u00e0 ses \u00e9tudiants juifs qui se seraient sentis discrimin\u00e9s et intimid\u00e9s lors du mouvement des campus il y a 15 mois. Le r\u00e9seau UC, situ\u00e9 dans l&rsquo;\u00c9tat le plus peupl\u00e9 et le plus riche du pays, est consid\u00e9r\u00e9 comme le meilleur syst\u00e8me d&rsquo;enseignement sup\u00e9rieur public des \u00c9tats-Unis, o\u00f9 les prestigieuses universit\u00e9s priv\u00e9es pratiquent des frais prohibitifs.<\/p>\n<p class=\"fig-paragraph\">Depuis son retour au pouvoir le 20 janvier, le pr\u00e9sident Trump, alli\u00e9 ind\u00e9fectible d&rsquo;Isra\u00ebl, ne cesse d&rsquo;accentuer les pressions sur les universit\u00e9s en gelant, dans le cas de Columbia, des centaines de millions de dollars de subventions vers\u00e9es par l&rsquo;\u00c9tat f\u00e9d\u00e9ral pour la recherche. Columbia a scell\u00e9 fin juillet un accord financier \u00e0 221 millions de dollars avec le gouvernement am\u00e9ricain pour mettre fin \u00e0 des mois de conflit, mais des experts ont d\u00e9nonc\u00e9 un \u00abpr\u00e9c\u00e9dent d\u00e9vastateur\u00bb dans cette offensive \u00abautoritaire\u00bb men\u00e9e contre l&rsquo;enseignement sup\u00e9rieur aux \u00c9tats-Unis. Le New York Times rapportait aussi la semaine derni\u00e8re qu&rsquo;un accord \u00e0 500 millions de dollars serait en pr\u00e9paration entre l&rsquo;administration Trump et la plus ancienne universit\u00e9 du pays,\u00a0<a href=\"http:\/\/www.lefigaro.fr\/international\/la-france-soutient-harvard-et-les-universites-americaines-face-au-controle-gouvernemental-20250614\" target=\"_blank\" data-fig-type=\"NewsFlash\" rel=\"noopener nofollow\" data-gtm-custom-categorie=\"navigation\" data-gtm-custom-action=\"crossclick\" data-gtm-custom-label=\"Contextuel\" data-gtm-event=\"customEventSPE\" data-fig-domain=\"LEFIGARO\">Harvard<\/a>.<\/p>\n","protected":false},"excerpt":{"rendered":"L&rsquo;universit\u00e9 publique de Californie a annonc\u00e9 vendredi 8 ao\u00fbt que le gouvernement am\u00e9ricain lui r\u00e9clamait une amende monstre&hellip;\n","protected":false},"author":2,"featured_media":306366,"comment_status":"","ping_status":"","sticky":false,"template":"","format":"standard","meta":{"footnotes":""},"categories":[5],"tags":[11,75,1011,27,14,12,28],"class_list":{"0":"post-306365","1":"post","2":"type-post","3":"status-publish","4":"format-standard","5":"has-post-thumbnail","7":"category-international","8":"tag-actualites","9":"tag-donald-trump","10":"tag-fr","11":"tag-france","12":"tag-international","13":"tag-news","14":"tag-world"},"share_on_mastodon":{"url":"https:\/\/pubeurope.com\/@fr\/114996345818070048","error":""},"_links":{"self":[{"href":"https:\/\/www.europesays.com\/fr\/wp-json\/wp\/v2\/posts\/306365","targetHints":{"allow":["GET"]}}],"collection":[{"href":"https:\/\/www.europesays.com\/fr\/wp-json\/wp\/v2\/posts"}],"about":[{"href":"https:\/\/www.europesays.com\/fr\/wp-json\/wp\/v2\/types\/post"}],"author":[{"embeddable":true,"href":"https:\/\/www.europesays.com\/fr\/wp-json\/wp\/v2\/users\/2"}],"replies":[{"embeddable":true,"href":"https:\/\/www.europesays.com\/fr\/wp-json\/wp\/v2\/comments?post=306365"}],"version-history":[{"count":0,"href":"https:\/\/www.europesays.com\/fr\/wp-json\/wp\/v2\/posts\/306365\/revisions"}],"wp:featuredmedia":[{"embeddable":true,"href":"https:\/\/www.europesays.com\/fr\/wp-json\/wp\/v2\/media\/306366"}],"wp:attachment":[{"href":"https:\/\/www.europesays.com\/fr\/wp-json\/wp\/v2\/media?parent=306365"}],"wp:term":[{"taxonomy":"category","embeddable":true,"href":"https:\/\/www.europesays.com\/fr\/wp-json\/wp\/v2\/categories?post=306365"},{"taxonomy":"post_tag","embeddable":true,"href":"https:\/\/www.europesays.com\/fr\/wp-json\/wp\/v2\/tags?post=306365"}],"curies":[{"name":"wp","href":"https:\/\/api.w.org\/{rel}","templated":true}]}}