{"id":306371,"date":"2025-08-09T02:05:11","date_gmt":"2025-08-09T02:05:11","guid":{"rendered":"https:\/\/www.europesays.com\/fr\/306371\/"},"modified":"2025-08-09T02:05:11","modified_gmt":"2025-08-09T02:05:11","slug":"ligue-2-records-dabonnements-pour-las-saint-etienne","status":"publish","type":"post","link":"https:\/\/www.europesays.com\/fr\/306371\/","title":{"rendered":"Ligue 2 &#8211; Records d&rsquo;abonnements pour l&rsquo;AS Saint-\u00c9tienne"},"content":{"rendered":"<p>Malgr\u00e9 la redescente en <strong>Ligue 2<\/strong>, l\u2019AS <strong>Saint<\/strong>\u2013<strong>\u00c9tienne<\/strong> n\u2019est pas l\u00e2ch\u00e9e par le Chaudron. Les Verts indiquent ce vendredi avoir d\u00e9pass\u00e9 le cap des 20 000 abonn\u00e9s au stade Geoffroy-Guichard pour la saison 2025-2026n du jamais vu \u00e0 ce niveau de comp\u00e9tition. Le taux de r\u00e9abonnement dans les virages est proche de 99% et le record du club (20317 abonn\u00e9s) pourrait \u00eatre battu d\u2019ici la fin de la campagne d\u2019abonnements qui se termine fin ao\u00fbt.<\/p>\n<p>\u00c0 lire aussi &gt;&gt;\u00a0<a href=\"https:\/\/maligue2.fr\/2025\/08\/05\/officiel-mercato-guingamp-soffre-louis-mafouta\/\" rel=\"nofollow noopener\" target=\"_blank\">Officiel \u2013 Mercato : Guingamp s\u2019offre Louis Mafouta<\/a><\/p>\n<p>Avec<a href=\"https:\/\/maligue2.fr\/2025\/07\/28\/ligue-2-des-moyens-xxl-pour-lasse\/\" rel=\"nofollow noopener\" target=\"_blank\"> des moyens sup\u00e9rieurs \u00e0 l\u2019ensemble de ses concurrents<\/a> et une ambiance \u00ab Ligue 1 \u00bb pour chacune de ses rencontres \u00e0 domicile, l\u2019ASSE sera le club le plus attendu de L2, loin devant la concurrence, y compris les autres ex-pensionnaires de Ligue 1 que sont Reims et Montpellier.<\/p>\n<blockquote class=\"twitter-tweet\">\n<p dir=\"ltr\" lang=\"fr\">\ud83d\udc9a Record balay\u00e9, fid\u00e9lit\u00e9 encore confirm\u00e9e. Vous \u00eates 20 000 abonn\u00e9s !<\/p>\n<p>Immense comme \u00e0 son habitude, le Peuple Vert s\u2019offre un record historique pour un club de <a href=\"https:\/\/twitter.com\/Ligue2BKT?ref_src=twsrc%5Etfw\" rel=\"nofollow noopener\" target=\"_blank\">@Ligue2BKT<\/a> ! \ud83d\udc4f <a href=\"https:\/\/t.co\/yC28ohK6dd\" rel=\"nofollow\">pic.twitter.com\/yC28ohK6dd<\/a><\/p>\n<p>\u2014 AS Saint-\u00c9tienne (@ASSEofficiel) <a href=\"https:\/\/twitter.com\/ASSEofficiel\/status\/1953731767740850259?ref_src=twsrc%5Etfw\" rel=\"nofollow noopener\" target=\"_blank\">August 8, 2025<\/a><\/p>\n<\/blockquote>\n<p>Photo \u00a9Daniel Derajinski\/Icon Sport<\/p>\n<p>\t\t<script async src=\"https:\/\/platform.twitter.com\/widgets.js\" charset=\"utf-8\"><\/script><\/p>\n","protected":false},"excerpt":{"rendered":"Malgr\u00e9 la redescente en Ligue 2, l\u2019AS Saint\u2013\u00c9tienne n\u2019est pas l\u00e2ch\u00e9e par le Chaudron. Les Verts indiquent ce&hellip;\n","protected":false},"author":2,"featured_media":306372,"comment_status":"","ping_status":"","sticky":false,"template":"","format":"standard","meta":{"footnotes":""},"categories":[9653],"tags":[19086,1111,11,2430,1777,674,1011,27,12,25,4001],"class_list":{"0":"post-306371","1":"post","2":"type-post","3":"status-publish","4":"format-standard","5":"has-post-thumbnail","7":"category-saint-etienne","8":"tag-alaune2","9":"tag-actu","10":"tag-actualites","11":"tag-auvergne-rhone-alpes","12":"tag-eu","13":"tag-europe","14":"tag-fr","15":"tag-france","16":"tag-news","17":"tag-republique-francaise","18":"tag-saint-etienne"},"share_on_mastodon":{"url":"https:\/\/pubeurope.com\/@fr\/114996361487671068","error":""},"_links":{"self":[{"href":"https:\/\/www.europesays.com\/fr\/wp-json\/wp\/v2\/posts\/306371","targetHints":{"allow":["GET"]}}],"collection":[{"href":"https:\/\/www.europesays.com\/fr\/wp-json\/wp\/v2\/posts"}],"about":[{"href":"https:\/\/www.europesays.com\/fr\/wp-json\/wp\/v2\/types\/post"}],"author":[{"embeddable":true,"href":"https:\/\/www.europesays.com\/fr\/wp-json\/wp\/v2\/users\/2"}],"replies":[{"embeddable":true,"href":"https:\/\/www.europesays.com\/fr\/wp-json\/wp\/v2\/comments?post=306371"}],"version-history":[{"count":0,"href":"https:\/\/www.europesays.com\/fr\/wp-json\/wp\/v2\/posts\/306371\/revisions"}],"wp:featuredmedia":[{"embeddable":true,"href":"https:\/\/www.europesays.com\/fr\/wp-json\/wp\/v2\/media\/306372"}],"wp:attachment":[{"href":"https:\/\/www.europesays.com\/fr\/wp-json\/wp\/v2\/media?parent=306371"}],"wp:term":[{"taxonomy":"category","embeddable":true,"href":"https:\/\/www.europesays.com\/fr\/wp-json\/wp\/v2\/categories?post=306371"},{"taxonomy":"post_tag","embeddable":true,"href":"https:\/\/www.europesays.com\/fr\/wp-json\/wp\/v2\/tags?post=306371"}],"curies":[{"name":"wp","href":"https:\/\/api.w.org\/{rel}","templated":true}]}}