{"id":306373,"date":"2025-08-09T02:07:20","date_gmt":"2025-08-09T02:07:20","guid":{"rendered":"https:\/\/www.europesays.com\/fr\/306373\/"},"modified":"2025-08-09T02:07:20","modified_gmt":"2025-08-09T02:07:20","slug":"proligue-nancy-handball-louis-messager-rebondit-a-pontault-combault","status":"publish","type":"post","link":"https:\/\/www.europesays.com\/fr\/306373\/","title":{"rendered":"Proligue. Nancy Handball\u00a0: Louis Messager rebondit \u00e0 Pontault-Combault"},"content":{"rendered":"<p>S\u2019il a, sans doute, un peu fait la moue en apprenant qu\u2019il ne serait pas reconduit \u00e0 Nancy\u2026 <a href=\"https:\/\/www.estrepublicain.fr\/sport\/2024\/12\/04\/nancy-handball-louis-messager-la-bonne-nouvelle-ambulante\" target=\"_blank\" rel=\"noopener\">Louis Messager (23 ans)<\/a> n\u2019a clairement pas perdu au change\u00a0! Laiss\u00e9 libre par le \u00ab\u00a0NH\u00a0\u00bb, au terme de sa premi\u00e8re ann\u00e9e de contrat chez les professionnels, l\u2019arri\u00e8re normand a en effet trouv\u00e9 cet \u00e9t\u00e9 un joli point de chute. Lui qui s\u2019est engag\u00e9 (une saison) avec Pontault-Combault, solide quart-de-finaliste des derniers play-off de Proligue et valeur s\u00fbre du championnat de deuxi\u00e8me division.<\/p>\n<p>Form\u00e9 \u00e0\u00a0Sotteville-l\u00e8s-Rouen avant de rejoindre Oissel (N2), Louis Messager est pass\u00e9 durant trois ans par le Centre de formation de S\u00e9lestat. Cursus \u00e0 l\u2019issue duquel il a sign\u00e9 \u00ab\u00a0pro\u00a0\u00bb \u00e0 Nancy en 2024. Polyvalent, studieux, et d\u2019ailleurs r\u00e9guli\u00e8rement lou\u00e9 p <a href=\"https:\/\/www.estrepublicain.fr\/sport\/2025\/05\/13\/nancy-handball-louis-messager-ne-sera-pas-prolonge\" target=\"_blank\" rel=\"noopener\">ar le staff lorrain, ce dernier est surtout mont\u00e9 en puissance la saison pass\u00e9e, au fil de sa vingtaine d\u2019apparitions (16 r\u00e9alisations).<\/a> Dont certaines tr\u00e8s remarqu\u00e9es\u00a0: \u00e0 Besan\u00e7on (4\/4) ou face \u00e0 Frontignan (3\/3)\u2026<\/p>\n<p>Au PCHB, qui vient de perdre sur le poste d\u2019arri\u00e8re gauche l\u2019ancien Sarrebourgeois Aur\u00e9lien Padolus (Istres\u00a0; D1), Louis Messager croisera au quotidien un certain\u2026 <a href=\"https:\/\/www.estrepublicain.fr\/sport\/2025\/02\/27\/nancy-handball-baptiste-joblon-dans-les-petits-papiers-de-pontault\" target=\"_blank\" rel=\"noopener\">Baptiste Joblon, l\u2019ex-pivot du \u00ab\u00a0NH\u00a0\u00bb<\/a> et lui aussi n\u00e9o-Pontellois\u00a0!<\/p>\n","protected":false},"excerpt":{"rendered":"S\u2019il a, sans doute, un peu fait la moue en apprenant qu\u2019il ne serait pas reconduit \u00e0 Nancy\u2026&hellip;\n","protected":false},"author":2,"featured_media":306374,"comment_status":"","ping_status":"","sticky":false,"template":"","format":"standard","meta":{"footnotes":""},"categories":[9635],"tags":[1111,11,1704,1777,674,1701,1795,1011,27,775,1792,10634,1702,13622,1703,12,10422,25,517,1700,14984],"class_list":{"0":"post-306373","1":"post","2":"type-post","3":"status-publish","4":"format-standard","5":"has-post-thumbnail","7":"category-nancy","8":"tag-actu","9":"tag-actualites","10":"tag-edition-nancy-et-agglomeration","11":"tag-eu","12":"tag-europe","13":"tag-fil-info-sport","14":"tag-fil-web","15":"tag-fr","16":"tag-france","17":"tag-grand-est","18":"tag-handball","19":"tag-luneville","20":"tag-nancy","21":"tag-nancy-handball","22":"tag-nancy-ville-54b","23":"tag-news","24":"tag-pont-a-mousson","25":"tag-republique-francaise","26":"tag-sport","27":"tag-sport-lorrain","28":"tag-toul"},"share_on_mastodon":{"url":"https:\/\/pubeurope.com\/@fr\/114996369340331123","error":""},"_links":{"self":[{"href":"https:\/\/www.europesays.com\/fr\/wp-json\/wp\/v2\/posts\/306373","targetHints":{"allow":["GET"]}}],"collection":[{"href":"https:\/\/www.europesays.com\/fr\/wp-json\/wp\/v2\/posts"}],"about":[{"href":"https:\/\/www.europesays.com\/fr\/wp-json\/wp\/v2\/types\/post"}],"author":[{"embeddable":true,"href":"https:\/\/www.europesays.com\/fr\/wp-json\/wp\/v2\/users\/2"}],"replies":[{"embeddable":true,"href":"https:\/\/www.europesays.com\/fr\/wp-json\/wp\/v2\/comments?post=306373"}],"version-history":[{"count":0,"href":"https:\/\/www.europesays.com\/fr\/wp-json\/wp\/v2\/posts\/306373\/revisions"}],"wp:featuredmedia":[{"embeddable":true,"href":"https:\/\/www.europesays.com\/fr\/wp-json\/wp\/v2\/media\/306374"}],"wp:attachment":[{"href":"https:\/\/www.europesays.com\/fr\/wp-json\/wp\/v2\/media?parent=306373"}],"wp:term":[{"taxonomy":"category","embeddable":true,"href":"https:\/\/www.europesays.com\/fr\/wp-json\/wp\/v2\/categories?post=306373"},{"taxonomy":"post_tag","embeddable":true,"href":"https:\/\/www.europesays.com\/fr\/wp-json\/wp\/v2\/tags?post=306373"}],"curies":[{"name":"wp","href":"https:\/\/api.w.org\/{rel}","templated":true}]}}