{"id":30638,"date":"2025-04-17T03:05:16","date_gmt":"2025-04-17T03:05:16","guid":{"rendered":"https:\/\/www.europesays.com\/fr\/30638\/"},"modified":"2025-04-17T03:05:16","modified_gmt":"2025-04-17T03:05:16","slug":"visite-surprise-du-rappeur-la-fouine-a-rennes","status":"publish","type":"post","link":"https:\/\/www.europesays.com\/fr\/30638\/","title":{"rendered":"Visite surprise du rappeur La Fouine \u00e0 Rennes"},"content":{"rendered":"<p>Mais pourquoi il y avait autant de monde, ce mercredi 16\u00a0avril 2025, en fin d\u2019apr\u00e8s-midi, devant la boutique de baskets HDV situ\u00e9e place du Parlement, \u00e0 Rennes\u00a0? Question que se sont pos\u00e9e nombre de passants en voyant une centaine de jeunes amass\u00e9s devant la boutique.<\/p>\n<p>\u00ab<strong>\u00a0Il y a La Fouine qui vient \u00e0 Rennes\u00a0\u00bb, <\/strong>explique un jeune surexcit\u00e9, qui poireaute d\u00e9j\u00e0 depuis plus d\u2019une heure.<\/p>\n<p>Des photos avec ses fans<\/p>\n<p>Pour les n\u00e9ophytes, La Fouine, de son vrai nom\u00a0Laouni Mouhid, est un rappeur gangsta-rap qui a d\u00e9j\u00e0 vendu pr\u00e8s d\u2019un million d\u2019albums.<strong> \u00ab\u00a0Sa soci\u00e9t\u00e9 de production nous a contact\u00e9s pour savoir si on acceptait de l\u2019accueillir dans notre boutique pour rencontrer ses fans rennais\u00a0\u00bb<\/strong>, explique Enzo Jamoteau, g\u00e9rant de la boutique HDV. Une tourn\u00e9e pour la promotion de son nouvel album \u00c9tat des lieux sorti tout r\u00e9cemment.<\/p>\n<p>L\u2019artiste, accompagn\u00e9 de gardes du corps \u00e0 la carrure qui n\u2019a rien \u00e0 envier \u00e0 celle d\u2019Arnold\u00a0Schwarzenegger, est arriv\u00e9 peu apr\u00e8s 17\u00a0h et s\u2019est pr\u00eat\u00e9 au jeu des photos avec ses fans. Et de leur offrir aussi gratuitement son nouvel album.<\/p>\n<p><strong>\u00ab\u00a0D\u2019habitude c\u2019est moi qui parcours la France pour aller le voir, l\u00e0 c\u2019est lui qui est venu \u00e0 nous. Trop bien\u00a0\u00bb,<\/strong> assure une fan conquise.<\/p>\n<p>\u00a0<\/p>\n","protected":false},"excerpt":{"rendered":"Mais pourquoi il y avait autant de monde, ce mercredi 16\u00a0avril 2025, en fin d\u2019apr\u00e8s-midi, devant la boutique&hellip;\n","protected":false},"author":2,"featured_media":30639,"comment_status":"","ping_status":"","sticky":false,"template":"","format":"standard","meta":{"footnotes":""},"categories":[2821],"tags":[1111,11,829,1777,674,10541,1011,27,12,6198,584,25,10540,510],"class_list":{"0":"post-30638","1":"post","2":"type-post","3":"status-publish","4":"format-standard","5":"has-post-thumbnail","7":"category-rennes","8":"tag-actu","9":"tag-actualites","10":"tag-bretagne","11":"tag-eu","12":"tag-europe","13":"tag-fouine","14":"tag-fr","15":"tag-france","16":"tag-news","17":"tag-rappeur","18":"tag-rennes","19":"tag-republique-francaise","20":"tag-surprise","21":"tag-visite"},"share_on_mastodon":{"url":"https:\/\/pubeurope.com\/@fr\/114351094209897746","error":""},"_links":{"self":[{"href":"https:\/\/www.europesays.com\/fr\/wp-json\/wp\/v2\/posts\/30638","targetHints":{"allow":["GET"]}}],"collection":[{"href":"https:\/\/www.europesays.com\/fr\/wp-json\/wp\/v2\/posts"}],"about":[{"href":"https:\/\/www.europesays.com\/fr\/wp-json\/wp\/v2\/types\/post"}],"author":[{"embeddable":true,"href":"https:\/\/www.europesays.com\/fr\/wp-json\/wp\/v2\/users\/2"}],"replies":[{"embeddable":true,"href":"https:\/\/www.europesays.com\/fr\/wp-json\/wp\/v2\/comments?post=30638"}],"version-history":[{"count":0,"href":"https:\/\/www.europesays.com\/fr\/wp-json\/wp\/v2\/posts\/30638\/revisions"}],"wp:featuredmedia":[{"embeddable":true,"href":"https:\/\/www.europesays.com\/fr\/wp-json\/wp\/v2\/media\/30639"}],"wp:attachment":[{"href":"https:\/\/www.europesays.com\/fr\/wp-json\/wp\/v2\/media?parent=30638"}],"wp:term":[{"taxonomy":"category","embeddable":true,"href":"https:\/\/www.europesays.com\/fr\/wp-json\/wp\/v2\/categories?post=30638"},{"taxonomy":"post_tag","embeddable":true,"href":"https:\/\/www.europesays.com\/fr\/wp-json\/wp\/v2\/tags?post=30638"}],"curies":[{"name":"wp","href":"https:\/\/api.w.org\/{rel}","templated":true}]}}