{"id":306383,"date":"2025-08-09T02:18:10","date_gmt":"2025-08-09T02:18:10","guid":{"rendered":"https:\/\/www.europesays.com\/fr\/306383\/"},"modified":"2025-08-09T02:18:10","modified_gmt":"2025-08-09T02:18:10","slug":"ligue-2-le-coach-de-grenoble-sagace-2","status":"publish","type":"post","link":"https:\/\/www.europesays.com\/fr\/306383\/","title":{"rendered":"Ligue 2 : Le coach de Grenoble s&rsquo;agace !"},"content":{"rendered":"<p><strong>\u00c0 moins d\u2019un mois de son d\u00e9placement \u00e0 Geoffroy-Guichard, Grenoble inqui\u00e8te s\u00e9rieusement ses supporters. Son coach Franck Rizzetto a livr\u00e9 un constat sans appel : \u00ab J\u2019attends beaucoup plus de mes joueurs. \u00bb La Ligue 2 reprend dans moins d&rsquo;une semaine.<\/strong><\/p>\n<p>Le 30 ao\u00fbt prochain, l\u2019AS Saint-\u00c9tienne accueillera le Grenoble Foot 38 pour le compte de la <a href=\"https:\/\/peuple-vert.fr\/asse-actualite\/calendrier\/ligue-2-ligue-1-calendrier-asse-complet\/\" target=\"_blank\" rel=\"noreferrer nofollow noopener\">5e journ\u00e9e<\/a> de Ligue 2 . Ce samedi, les hommes de Franck Rizzetto affrontaient Le Puy-en-Velay (National) pour leur ultime r\u00e9p\u00e9tition. Le format, inhabituel, deux rencontres de 90 minutes\u00a0 n\u2019a pas masqu\u00e9 les lacunes d\u2019un GF38 en panne d\u2019inspiration.<\/p>\n<p>D\u00e9faits 0-2 dans la premi\u00e8re confrontation, les Is\u00e9rois ont livr\u00e9 une prestation inqui\u00e9tante, tant sur le plan technique que dans l\u2019impact. En conf\u00e9rence de presse, le coach grenoblois <a href=\"https:\/\/www.ledauphine.com\/sport\/2025\/08\/02\/j-attends-beaucoup-plus-de-mes-joueurs-le-gf38-inquiete-a-une-semaine-de-la-reprise-de-la-ligue-2\" target=\"_blank\" rel=\"noreferrer nofollow noopener\">n\u2019a pas cach\u00e9 sa frustration<\/a> : \u00ab On a eu trop de d\u00e9chets techniques pour mettre \u00e0 mal cette \u00e9quipe, on n\u2019a pas \u00e9t\u00e9 judicieux et juste techniquement pour d\u00e9ranger cette \u00e9quipe. On a bien commenc\u00e9 mais \u00e7a reste insuffisant. \u00bb<\/p>\n<p>Le manque d\u2019efficacit\u00e9 offensive n\u2019est pas une nouveaut\u00e9 pour Grenoble. Malgr\u00e9 un l\u00e9ger sursaut en fin de rencontre, les occasions se sont faites rares (un seul tir cadr\u00e9). Le constat est sans appel : \u00ab On conna\u00eet notre p\u00each\u00e9 (ne pas marquer), il faudra \u00eatre plus juste pour gagner des matchs \u00bb, a martel\u00e9 Rizzetto dans les colonnes du <strong>Dauphin\u00e9 Lib\u00e9r\u00e9<\/strong>.<\/p>\n<p>D\u00e9fensivement, le GF38 a aussi affich\u00e9 des signes de f\u00e9brilit\u00e9. Les erreurs individuelles se multiplient, \u00e0 l\u2019image du penalty conc\u00e9d\u00e9 apr\u00e8s un tirage de maillot \u00e9vitable. Le gardien Bobby Allain n\u2019a pas m\u00e2ch\u00e9 ses mots non plus : \u00ab \u00c7a arrive d\u2019\u00eatre mauvais, mais avec des mauvaises intentions\u2026 je suis un peu d\u00e9\u00e7u de ce c\u00f4t\u00e9-l\u00e0. \u00bb<\/p>\n<p>Un mercato au point mort et une dynamique pr\u00e9occupante \u00e0 une semaine de la reprise de la Ligue 2<\/p>\n<p>C\u00f4t\u00e9 mercato, rien de bien rassurant non plus pour les supporters is\u00e9rois. Aucun euro d\u00e9pens\u00e9, des recrues arriv\u00e9es libres depuis des divisions inf\u00e9rieures ou concurrentes directes en Ligue 2.<\/p>\n<p>Parmi les arriv\u00e9es, seuls Mouazan (Concarneau) et Mambo (Rodez) semblent en mesure d\u2019apporter une certaine solidit\u00e9. Mais pour l\u2019instant, le rendement collectif ne suit pas. Avec un bilan de 2 victoires, 1 nul et 3 d\u00e9faites (dont un s\u00e9v\u00e8re 0-5 contre Troyes), Grenoble a encaiss\u00e9 9 buts pour seulement 4 inscrits.<\/p>\n","protected":false},"excerpt":{"rendered":"\u00c0 moins d\u2019un mois de son d\u00e9placement \u00e0 Geoffroy-Guichard, Grenoble inqui\u00e8te s\u00e9rieusement ses supporters. Son coach Franck Rizzetto&hellip;\n","protected":false},"author":2,"featured_media":306384,"comment_status":"","ping_status":"","sticky":false,"template":"","format":"standard","meta":{"footnotes":""},"categories":[9566],"tags":[1111,11,2430,1777,674,1011,27,2731,12,25],"class_list":{"0":"post-306383","1":"post","2":"type-post","3":"status-publish","4":"format-standard","5":"has-post-thumbnail","7":"category-grenoble","8":"tag-actu","9":"tag-actualites","10":"tag-auvergne-rhone-alpes","11":"tag-eu","12":"tag-europe","13":"tag-fr","14":"tag-france","15":"tag-grenoble","16":"tag-news","17":"tag-republique-francaise"},"share_on_mastodon":{"url":"https:\/\/pubeurope.com\/@fr\/114996412612298366","error":""},"_links":{"self":[{"href":"https:\/\/www.europesays.com\/fr\/wp-json\/wp\/v2\/posts\/306383","targetHints":{"allow":["GET"]}}],"collection":[{"href":"https:\/\/www.europesays.com\/fr\/wp-json\/wp\/v2\/posts"}],"about":[{"href":"https:\/\/www.europesays.com\/fr\/wp-json\/wp\/v2\/types\/post"}],"author":[{"embeddable":true,"href":"https:\/\/www.europesays.com\/fr\/wp-json\/wp\/v2\/users\/2"}],"replies":[{"embeddable":true,"href":"https:\/\/www.europesays.com\/fr\/wp-json\/wp\/v2\/comments?post=306383"}],"version-history":[{"count":0,"href":"https:\/\/www.europesays.com\/fr\/wp-json\/wp\/v2\/posts\/306383\/revisions"}],"wp:featuredmedia":[{"embeddable":true,"href":"https:\/\/www.europesays.com\/fr\/wp-json\/wp\/v2\/media\/306384"}],"wp:attachment":[{"href":"https:\/\/www.europesays.com\/fr\/wp-json\/wp\/v2\/media?parent=306383"}],"wp:term":[{"taxonomy":"category","embeddable":true,"href":"https:\/\/www.europesays.com\/fr\/wp-json\/wp\/v2\/categories?post=306383"},{"taxonomy":"post_tag","embeddable":true,"href":"https:\/\/www.europesays.com\/fr\/wp-json\/wp\/v2\/tags?post=306383"}],"curies":[{"name":"wp","href":"https:\/\/api.w.org\/{rel}","templated":true}]}}