{"id":306387,"date":"2025-08-09T02:27:49","date_gmt":"2025-08-09T02:27:49","guid":{"rendered":"https:\/\/www.europesays.com\/fr\/306387\/"},"modified":"2025-08-09T02:27:49","modified_gmt":"2025-08-09T02:27:49","slug":"strasbourg-fixe-le-prix-pour-dilane-bakwa-alsasports","status":"publish","type":"post","link":"https:\/\/www.europesays.com\/fr\/306387\/","title":{"rendered":"Strasbourg fixe le prix pour Dilane Bakwa \u2014 Alsa&rsquo;Sports"},"content":{"rendered":"<p><strong>Le Racing aurait refus\u00e9 une offre de 28 millions d\u2019euros de Nottingham Forest pour son ailier fran\u00e7ais Dilane Bakwa, et en attend plus. <\/strong><\/p>\n<p>C\u2019est un dossier qui se rapproche de celui de Gu\u00e9la Dou\u00e9. L\u2019AC Milan avait multipli\u00e9 les offres (15 et 18 M\u20ac) mais avait finit par abandonner la piste face \u00e0 l\u2019inflexibilit\u00e9 du Racing qui en attendait 30 millions minimum. Le cas sera similaire avec Dilane Bakwa. Strasbourg aurait refus\u00e9 selon L\u2019\u00c9quipe une premi\u00e8re de 24\u00a0millions d\u2019euros du club anglais de Nottingham Forest. Strasbourg a fix\u00e9 le prix de son ailier fran\u00e7ais, auteur de 6 buts et 9 passes d\u00e9cisives en Ligue 1 la saison pass\u00e9e et surtout valeur s\u00fbre dans le jeu de Liam Rosenior, \u00e0 30 millions d\u2019euros. <\/p>\n","protected":false},"excerpt":{"rendered":"Le Racing aurait refus\u00e9 une offre de 28 millions d\u2019euros de Nottingham Forest pour son ailier fran\u00e7ais Dilane&hellip;\n","protected":false},"author":2,"featured_media":306388,"comment_status":"","ping_status":"","sticky":false,"template":"","format":"standard","meta":{"footnotes":""},"categories":[2820],"tags":[1111,11,44695,1777,674,63,1011,27,775,66,12,4448,25,640],"class_list":{"0":"post-306387","1":"post","2":"type-post","3":"status-publish","4":"format-standard","5":"has-post-thumbnail","7":"category-strasbourg","8":"tag-actu","9":"tag-actualites","10":"tag-dilane-bakwa","11":"tag-eu","12":"tag-europe","13":"tag-football","14":"tag-fr","15":"tag-france","16":"tag-grand-est","17":"tag-ligue-1","18":"tag-news","19":"tag-rc-strasbourg","20":"tag-republique-francaise","21":"tag-strasbourg"},"share_on_mastodon":{"url":"https:\/\/pubeurope.com\/@fr\/114996451944264800","error":""},"_links":{"self":[{"href":"https:\/\/www.europesays.com\/fr\/wp-json\/wp\/v2\/posts\/306387","targetHints":{"allow":["GET"]}}],"collection":[{"href":"https:\/\/www.europesays.com\/fr\/wp-json\/wp\/v2\/posts"}],"about":[{"href":"https:\/\/www.europesays.com\/fr\/wp-json\/wp\/v2\/types\/post"}],"author":[{"embeddable":true,"href":"https:\/\/www.europesays.com\/fr\/wp-json\/wp\/v2\/users\/2"}],"replies":[{"embeddable":true,"href":"https:\/\/www.europesays.com\/fr\/wp-json\/wp\/v2\/comments?post=306387"}],"version-history":[{"count":0,"href":"https:\/\/www.europesays.com\/fr\/wp-json\/wp\/v2\/posts\/306387\/revisions"}],"wp:featuredmedia":[{"embeddable":true,"href":"https:\/\/www.europesays.com\/fr\/wp-json\/wp\/v2\/media\/306388"}],"wp:attachment":[{"href":"https:\/\/www.europesays.com\/fr\/wp-json\/wp\/v2\/media?parent=306387"}],"wp:term":[{"taxonomy":"category","embeddable":true,"href":"https:\/\/www.europesays.com\/fr\/wp-json\/wp\/v2\/categories?post=306387"},{"taxonomy":"post_tag","embeddable":true,"href":"https:\/\/www.europesays.com\/fr\/wp-json\/wp\/v2\/tags?post=306387"}],"curies":[{"name":"wp","href":"https:\/\/api.w.org\/{rel}","templated":true}]}}