{"id":306389,"date":"2025-08-09T02:29:21","date_gmt":"2025-08-09T02:29:21","guid":{"rendered":"https:\/\/www.europesays.com\/fr\/306389\/"},"modified":"2025-08-09T02:29:21","modified_gmt":"2025-08-09T02:29:21","slug":"voici-les-villes-ou-il-fera-le-plus-chaud-ce-week-end","status":"publish","type":"post","link":"https:\/\/www.europesays.com\/fr\/306389\/","title":{"rendered":"voici les villes o\u00f9 il fera le plus chaud ce week-end"},"content":{"rendered":"<p>            Par<br \/>\n        <strong><br \/>\n            <a href=\"https:\/\/actu.fr\/auteur\/redaction-nice\" title=\"Consulter tous les articles de R\u00e9daction Nice\" target=\"_blank\" rel=\"noopener\">R\u00e9daction Nice<\/a><br \/>\n        <\/strong><\/p>\n<p>        Publi\u00e9 le<\/p>\n<p>            8 ao\u00fbt 2025 \u00e0 7h12        <\/p>\n<p>Nouvelle <strong>vague de chaleur<\/strong> attendue en France, la 51\u1d49 depuis 1947 et la deuxi\u00e8me de l\u2019ann\u00e9e. \u00c0 partir de ce vendredi 8\u00a0ao\u00fbt, M\u00e9t\u00e9o-France a plac\u00e9 <a href=\"https:\/\/actu.fr\/meteo\/une-semaine-de-chaleur-intense-pic-a-40-c-departements-en-vigilance-orange-canicule-ce-qui-nous-attend_63010301.html\" target=\"_blank\" rel=\"noopener\">onze d\u00e9partements en vigilance orange canicule<\/a>. La majorit\u00e9 se situe dans le sud-ouest. La C\u00f4te d\u2019Azur est, pour le moment, \u00e9pargn\u00e9e.<\/p>\n<p class=\" wall-content\">\u00c0 <a href=\"https:\/\/actu.fr\/nice\/\" target=\"_blank\" rel=\"noopener\">Nice<\/a> et dans les <a href=\"https:\/\/actu.fr\/provence-alpes-cote-d-azur\/alpes-maritimes_06\" target=\"_blank\" rel=\"noopener\">Alpes-Maritimes<\/a>, les <a href=\"https:\/\/actu.fr\/meteo\/canicule-dans-les-alpes-maritimes-une-vague-de-chaleur-annoncee-avec-39-c-les-previsions_63006012.html\" target=\"_blank\" rel=\"noopener\">temp\u00e9ratures seront celles de saison<\/a> avec des pics enregistr\u00e9s dans certaines communes. Le littoral m\u00e9diterran\u00e9en est relativement \u00e9pargn\u00e9, les<strong> plus hautes temp\u00e9ratures \u00e9tant pr\u00e9vues dans les terres<\/strong>. Voici quelles sont les localit\u00e9s les plus impact\u00e9es.<\/p>\n<p>Des temp\u00e9ratures \u00e9lev\u00e9es dans l\u2019arri\u00e8re-pays<\/p>\n<p class=\" wall-content\"><strong>Vendredi 8\u00a0ao\u00fbt\u2009:<\/strong><\/p>\n<p class=\" wall-content\">Vendredi matin, le mercure affichera jusqu\u2019\u00e0 30\u00b0C \u00e0 Menton. L\u2019apr\u00e8s-midi, le littoral ne d\u00e9passera pas les 30\u00b0C et la plus haute temp\u00e9rature sera ressentie autour de Guillaumes, avec 32\u00b0C.<\/p>\n<p class=\" wall-content\"><strong>Samedi 9\u00a0ao\u00fbt\u2009:<\/strong><\/p>\n<p class=\" wall-content\">Le samedi, le thermom\u00e8tre s\u2019affolera dans l\u2019arri\u00e8re-pays ni\u00e7ois. Le matin, jusqu\u2019\u00e0 31\u00b0C est attendu \u00e0 Saint-Sauveur-sur-Tin\u00e9e. Des orages sont pr\u00e9vus \u00e0 Saint-Etienne-de-Tin\u00e9e l\u2019apr\u00e8s-midi et jusqu\u2019\u00e0 34 degr\u00e9s \u00e0 Puget-Th\u00e9niers.<\/p>\n<p class=\" wall-content\"><strong>Dimanche 10\u00a0ao\u00fbt\u2009:<\/strong><\/p>\n<p class=\" wall-content\">Pour terminer le week-end, des orages sont pr\u00e9vus dimanche de Saint-Auban \u00e0 Saint-\u00c9tienne-de-Tin\u00e9e. Le littoral sera \u00e9pargn\u00e9 par le tonnerre, mais Nice et Antibes afficheront respectivement des maximales de 31 et 33\u00b0C. L\u2019apr\u00e8s-midi, le pic de chaleur est attendu \u00e0 Saint-Martin-du-Var avec 35\u00b0C.<\/p>\n<p class=\" wall-content\"><strong>Par Florine Amenta<\/strong><\/p>\n<p class=\" wall-content\">Suivez toute l\u2019actualit\u00e9 de vos villes et m\u00e9dias favoris en vous inscrivant \u00e0 <a href=\"https:\/\/moncompte.actu.fr\" title=\"D\u00e9couvez Mon Actu\" rel=\"nofollow noopener\" data-trk=\"{&quot;cta&quot;:{&quot;action&quot;:&quot;https:\\\/\\\/moncompte.actu.fr&quot;,&quot;category&quot;:&quot;mon compte&quot;,&quot;from&quot;:&quot;article footer&quot;,&quot;name&quot;:&quot;Mon actu&quot;,&quot;type&quot;:&quot;cta&quot;}}\" target=\"_blank\">Mon Actu<\/a>.<\/p>\n","protected":false},"excerpt":{"rendered":"Par R\u00e9daction Nice Publi\u00e9 le 8 ao\u00fbt 2025 \u00e0 7h12 Nouvelle vague de chaleur attendue en France, la&hellip;\n","protected":false},"author":2,"featured_media":306390,"comment_status":"","ping_status":"","sticky":false,"template":"","format":"standard","meta":{"footnotes":""},"categories":[2819],"tags":[1111,11,6698,1777,674,1011,27,2487,2357,12,2401,882,25],"class_list":{"0":"post-306389","1":"post","2":"type-post","3":"status-publish","4":"format-standard","5":"has-post-thumbnail","7":"category-nice","8":"tag-actu","9":"tag-actualites","10":"tag-canicule","11":"tag-eu","12":"tag-europe","13":"tag-fr","14":"tag-france","15":"tag-meteo","16":"tag-meteo-france","17":"tag-news","18":"tag-nice","19":"tag-provence-alpes-cote-dazur","20":"tag-republique-francaise"},"share_on_mastodon":{"url":"https:\/\/pubeurope.com\/@fr\/114996455843768738","error":""},"_links":{"self":[{"href":"https:\/\/www.europesays.com\/fr\/wp-json\/wp\/v2\/posts\/306389","targetHints":{"allow":["GET"]}}],"collection":[{"href":"https:\/\/www.europesays.com\/fr\/wp-json\/wp\/v2\/posts"}],"about":[{"href":"https:\/\/www.europesays.com\/fr\/wp-json\/wp\/v2\/types\/post"}],"author":[{"embeddable":true,"href":"https:\/\/www.europesays.com\/fr\/wp-json\/wp\/v2\/users\/2"}],"replies":[{"embeddable":true,"href":"https:\/\/www.europesays.com\/fr\/wp-json\/wp\/v2\/comments?post=306389"}],"version-history":[{"count":0,"href":"https:\/\/www.europesays.com\/fr\/wp-json\/wp\/v2\/posts\/306389\/revisions"}],"wp:featuredmedia":[{"embeddable":true,"href":"https:\/\/www.europesays.com\/fr\/wp-json\/wp\/v2\/media\/306390"}],"wp:attachment":[{"href":"https:\/\/www.europesays.com\/fr\/wp-json\/wp\/v2\/media?parent=306389"}],"wp:term":[{"taxonomy":"category","embeddable":true,"href":"https:\/\/www.europesays.com\/fr\/wp-json\/wp\/v2\/categories?post=306389"},{"taxonomy":"post_tag","embeddable":true,"href":"https:\/\/www.europesays.com\/fr\/wp-json\/wp\/v2\/tags?post=306389"}],"curies":[{"name":"wp","href":"https:\/\/api.w.org\/{rel}","templated":true}]}}