{"id":306393,"date":"2025-08-09T02:34:40","date_gmt":"2025-08-09T02:34:40","guid":{"rendered":"https:\/\/www.europesays.com\/fr\/306393\/"},"modified":"2025-08-09T02:34:40","modified_gmt":"2025-08-09T02:34:40","slug":"un-veloparc-geant-vient-completer-la-nouvelle-gare","status":"publish","type":"post","link":"https:\/\/www.europesays.com\/fr\/306393\/","title":{"rendered":"un v\u00e9loparc g\u00e9ant vient compl\u00e9ter la nouvelle gare"},"content":{"rendered":"<p>\nApr\u00e8s la livraison de la nouvelle gare-mezzanine en 2020 et l&rsquo;am\u00e9nagement des parvis nord et sud en 2019 et en 2022, le p\u00f4le d&rsquo;\u00e9changes multimodal de Nantes (Loire-Atlantique) se met progressivement en service, c\u00f4t\u00e9 sud. La gare routi\u00e8re sera op\u00e9rationnelle \u00e0 l&rsquo;automne mais la cour taxis, le parking loueurs et le v\u00e9loparc sont d\u00e9j\u00e0 en service. Avec 1 216 places sous contr\u00f4le d&rsquo;acc\u00e8s r\u00e9parties sur deux \u00e9tages, celui-ci est l&rsquo;un des plus vastes parcs de v\u00e9los de France. Port\u00e9 par une ma\u00eetrise d&rsquo;ouvrage partag\u00e9e entre Nantes M\u00e9tropole Am\u00e9nagement et Bati-Nantes, cet \u00e9quipement s&rsquo;inscrit dans un ensemble immobilier comprenant \u00e9galement 11 400 m2 de bureaux. Il est le fruit d&rsquo;une conception conjointe des agences d&rsquo;architecture Dream et AIA Life Designers, et a \u00e9t\u00e9 r\u00e9alis\u00e9 pour 45 M\u20ac HT par un groupement d&rsquo;entreprises locales pilot\u00e9 par ETPO (mandataire), aux c\u00f4t\u00e9s d&rsquo;Andr\u00e9 <a title=\"L&#039;actualit\u00e9 BTP\" href=\"https:\/\/www.lemoniteur.fr\/btp\/\" rel=\"noopener\" target=\"\" class=\"lien-contextuel\">BTP<\/a> et Briand Bois.<\/p>\n","protected":false},"excerpt":{"rendered":"Apr\u00e8s la livraison de la nouvelle gare-mezzanine en 2020 et l&rsquo;am\u00e9nagement des parvis nord et sud en 2019&hellip;\n","protected":false},"author":2,"featured_media":306394,"comment_status":"","ping_status":"","sticky":false,"template":"","format":"standard","meta":{"footnotes":""},"categories":[2818],"tags":[1111,11,1777,674,1011,27,3047,766,12,6534,2636,25,7333],"class_list":{"0":"post-306393","1":"post","2":"type-post","3":"status-publish","4":"format-standard","5":"has-post-thumbnail","7":"category-nantes","8":"tag-actu","9":"tag-actualites","10":"tag-eu","11":"tag-europe","12":"tag-fr","13":"tag-france","14":"tag-loire-atlantique","15":"tag-nantes","16":"tag-news","17":"tag-ouest-et-centre","18":"tag-pays-de-la-loire","19":"tag-republique-francaise","20":"tag-vie-du-btp"},"share_on_mastodon":{"url":"https:\/\/pubeurope.com\/@fr\/114996476252265234","error":""},"_links":{"self":[{"href":"https:\/\/www.europesays.com\/fr\/wp-json\/wp\/v2\/posts\/306393","targetHints":{"allow":["GET"]}}],"collection":[{"href":"https:\/\/www.europesays.com\/fr\/wp-json\/wp\/v2\/posts"}],"about":[{"href":"https:\/\/www.europesays.com\/fr\/wp-json\/wp\/v2\/types\/post"}],"author":[{"embeddable":true,"href":"https:\/\/www.europesays.com\/fr\/wp-json\/wp\/v2\/users\/2"}],"replies":[{"embeddable":true,"href":"https:\/\/www.europesays.com\/fr\/wp-json\/wp\/v2\/comments?post=306393"}],"version-history":[{"count":0,"href":"https:\/\/www.europesays.com\/fr\/wp-json\/wp\/v2\/posts\/306393\/revisions"}],"wp:featuredmedia":[{"embeddable":true,"href":"https:\/\/www.europesays.com\/fr\/wp-json\/wp\/v2\/media\/306394"}],"wp:attachment":[{"href":"https:\/\/www.europesays.com\/fr\/wp-json\/wp\/v2\/media?parent=306393"}],"wp:term":[{"taxonomy":"category","embeddable":true,"href":"https:\/\/www.europesays.com\/fr\/wp-json\/wp\/v2\/categories?post=306393"},{"taxonomy":"post_tag","embeddable":true,"href":"https:\/\/www.europesays.com\/fr\/wp-json\/wp\/v2\/tags?post=306393"}],"curies":[{"name":"wp","href":"https:\/\/api.w.org\/{rel}","templated":true}]}}