{"id":306406,"date":"2025-08-09T02:42:18","date_gmt":"2025-08-09T02:42:18","guid":{"rendered":"https:\/\/www.europesays.com\/fr\/306406\/"},"modified":"2025-08-09T02:42:18","modified_gmt":"2025-08-09T02:42:18","slug":"municipales-2026-voici-comment-va-se-derouler-le-prochain-scrutin-a-paris-lyon-et-marseille","status":"publish","type":"post","link":"https:\/\/www.europesays.com\/fr\/306406\/","title":{"rendered":"Municipales 2026 : voici comment va se d\u00e9rouler le prochain scrutin \u00e0 Paris, Lyon et Marseille"},"content":{"rendered":"<ul class=\"jsx-862013697 ArticleChapo__List\">\n<li class=\"jsx-862013697 ArticleChapo__List_Item flex\">Le Conseil constitutionnel a valid\u00e9 le nouveau mode de scrutin \u00e0 Paris, Lyon et Marseille.<\/li>\n<li class=\"jsx-862013697 ArticleChapo__List_Item flex\">Pour la premi\u00e8re fois depuis plus de quatre d\u00e9cennies, les habitants de ces trois villes vont \u00e9lire directement leurs repr\u00e9sentants au conseil municipal.<\/li>\n<li class=\"jsx-862013697 ArticleChapo__List_Item flex\">Voici comment cela va se d\u00e9rouler.<\/li>\n<\/ul>\n<p><a href=\"https:\/\/www.tf1info.fr\/elections\/\" rel=\"noopener\" class=\"jsx-484472199 Link jsx-1428418400 jsx-2392744303\" target=\"_blank\"><\/p>\n<p style=\"font-weight:400\" class=\"jsx-1837267516\">Suivez la couverture compl\u00e8te<\/p>\n<p style=\"font-weight:800\" class=\"jsx-1837267516\">\u00c9lections Municipales 2026<\/p>\n<p><\/a><\/p>\n<p data-module=\"article-paragraph\" class=\"jsx-3046738180 Paragraph\">La fin d&rsquo;une exception. Depuis 1982, et contrairement \u00e0 toutes les autres villes de France, les Parisiens, les Marseillais et les Lyonnais ne connaissaient pas exactement les m\u00eames \u00e9lections municipales que leurs concitoyens. En votant pour une liste de conseillers de leur arrondissement ou de leur secteur, <a href=\"https:\/\/www.tf1info.fr\/politique\/elections-municipales-qu-est-ce-la-loi-plm-paris-lyon-marseille-qu-emmanuel-macron-veut-reformer-2282944.html\" target=\"_blank\" rel=\"noopener\">ils n&rsquo;\u00e9lisaient qu&rsquo;indirectement leur maire<\/a>. Seuls les \u00e9lus du haut de la liste si\u00e9geaient \u00e0 la fois au conseil d&rsquo;arrondissement\/secteur et au conseil de la mairie centrale, et \u00e9lisaient donc le maire de la ville.<\/p>\n<p data-module=\"article-paragraph\" class=\"jsx-3046738180 Paragraph Paragraph__End\">Cette disposition est d\u00e9sormais termin\u00e9e. Le Conseil constitutionnel <a href=\"https:\/\/www.tf1info.fr\/elections\/municipales-le-conseil-constitutionnel-valide-le-nouveau-mode-de-scrutin-a-paris-lyon-et-marseille-2387529.html\" target=\"_blank\" rel=\"noopener\">a valid\u00e9 jeudi 7 ao\u00fbt la loi vot\u00e9e par l&rsquo;Assembl\u00e9e nationale<\/a> et rejet\u00e9e par le S\u00e9nat mettant fin \u00e0 cette exception. D\u00e8s mars 2026, Parisiens, Marseillais et Lyonnais voteront comme tout le reste de la France\u2026 ou presque. Un double (et m\u00eame triple) vote y sera organis\u00e9. Explications.<\/p>\n<p>\u00c0 Paris et \u00e0 Marseille&#8230;<\/p>\n<p data-module=\"article-paragraph\" class=\"jsx-3046738180 Paragraph\">Dans la capitale comme dans la cit\u00e9 phoc\u00e9enne, les \u00e9lecteurs devront glisser un bulletin dans deux urnes diff\u00e9rentes. La premi\u00e8re sera conforme aux pr\u00e9c\u00e9dentes \u00e9lections et permettra d&rsquo;\u00e9lire les conseillers d&rsquo;arrondissement ou de secteur. La t\u00eate de liste arriv\u00e9e en t\u00eate sera ensuite \u00e9lue maire d&rsquo;arrondissement ou de secteur. Un syst\u00e8me classique\u2026<\/p>\n<p data-module=\"article-paragraph\" class=\"jsx-3046738180 Paragraph Paragraph__End\">&#8230; qui devra \u00eatre r\u00e9p\u00e9t\u00e9 pour la mairie centrale. Dans leur bureau de vote, les \u00e9lecteurs devront aussi directement \u00e9lire les membres du Conseil de Paris ou du Conseil municipal de Marseille. La t\u00eate de liste arriv\u00e9e en t\u00eate sur l&rsquo;ensemble de la ville sera ainsi \u00e9lue maire de la commune. Une situation qui met fin aux calculs : pour avoir le plus de conseillers \u00e0 la mairie centrale, il faudra bien avoir recueilli le plus de voix. Cela n&rsquo;avait pas \u00e9t\u00e9 le cas \u00e0 Marseille, en 1983, lorsque le socialiste Gaston Defferre avait \u00e9t\u00e9 r\u00e9\u00e9lu maire de la cit\u00e9 phoc\u00e9enne gr\u00e2ce \u00e0 une majorit\u00e9 de conseillers municipaux de gauche, bien que ses listes aient remport\u00e9 sur l&rsquo;ensemble de la ville moins de voix que celles de la droite.<\/p>\n<p>\u00c0 Lyon&#8230;<\/p>\n<p data-module=\"article-paragraph\" class=\"jsx-3046738180 Paragraph\">Dans la capitale des Gaules, il faudra m\u00eame r\u00e9p\u00e9ter le processus \u00e0 trois reprises. Comme \u00e0 Paris et Marseille, une urne sera pr\u00e9sente pour \u00e9lire les conseillers d&rsquo;arrondissement, et une autre pour \u00e9lire <a href=\"https:\/\/www.tf1info.fr\/politique\/municipales-2026-l-ancien-president-de-l-olympique-lyonnais-football-jean-michel-aulas-reflechit-a-se-presenter-a-lyon-contre-gregory-doucet-2351219.html\" target=\"_blank\" rel=\"noopener\">le maire de Lyon<\/a>. Mais une troisi\u00e8me sera \u00e9galement mise en place : celle pour \u00e9lire le pr\u00e9sident de la m\u00e9tropole.<\/p>\n<p data-module=\"article-paragraph\" class=\"jsx-3046738180 Paragraph Paragraph__End\">Les administr\u00e9s des communes de la m\u00e9tropole de Lyon votent d\u00e9j\u00e0 directement pour leurs repr\u00e9sentants m\u00e9tropolitains, en m\u00eame temps que pour leurs conseillers municipaux. La nouvelle r\u00e9forme ne changeant pas ce point, les Lyonnais devront donc passer un peu plus de temps dans leur bureau de vote.<\/p>\n<p><a href=\"https:\/\/www.tf1info.fr\/politique\/michel-barnier-fait-taire-les-rumeurs-et-assure-n-avoir-aucune-ambition-municipale-a-paris-en-2026-2383828.html\" rel=\"noopener\" class=\"jsx-3308031228 Link flex\" target=\"_blank\"><img decoding=\"async\" src=\"https:\/\/www.europesays.com\/fr\/wp-content\/uploads\/2025\/08\/michel-barnier-novembre-2024-6da3d4-0@1x.jpeg\" alt=\"AFP\" loading=\"lazy\" importance=\"low\" fetchpriority=\"low\" class=\"\" aria-hidden=\"true\"\/><\/p>\n<p class=\"jsx-3657663356 ReadMoreArticle__Title\">Lire aussi<\/p>\n<p class=\"jsx-3657663356\">Michel Barnier fait taire les rumeurs et assure n&rsquo;avoir \u00ab\u00a0aucune ambition municipale\u00a0\u00bb \u00e0 Paris en 2026<\/p>\n<p><\/a><\/p>\n<p data-module=\"article-paragraph\" class=\"jsx-3046738180 Paragraph Paragraph__End\">Une nouveaut\u00e9, notamment d\u00e9nonc\u00e9e par les opposants \u00e0 ce texte, qui n&rsquo;a pas \u00e9t\u00e9 rejet\u00e9e par le Conseil constitutionnel. Si voter pour deux \u00e9lections le m\u00eame jour existe d\u00e9j\u00e0 &#8211; c&rsquo;est par exemple le cas pour les r\u00e9gionales et les d\u00e9partementales -, exercer ce devoir civique \u00e0 trois reprises est plus rare. Les Sages ont toutefois estim\u00e9 que \u00ab\u00a0les nouvelles r\u00e8gles instaur\u00e9es ne sont pas d&rsquo;une particuli\u00e8re complexit\u00e9\u00a0\u00bb. Et d\u00e9livr\u00e9 leur feu vert.<\/p>\n<p>I.N<\/p>\n","protected":false},"excerpt":{"rendered":"Le Conseil constitutionnel a valid\u00e9 le nouveau mode de scrutin \u00e0 Paris, Lyon et Marseille. Pour la premi\u00e8re&hellip;\n","protected":false},"author":2,"featured_media":306407,"comment_status":"","ping_status":"","sticky":false,"template":"","format":"standard","meta":{"footnotes":""},"categories":[2814],"tags":[1111,11,1921,416,39211,5949,1777,674,1011,27,1922,2428,884,12,626,882,25,133,35598,14843],"class_list":{"0":"post-306406","1":"post","2":"type-post","3":"status-publish","4":"format-standard","5":"has-post-thumbnail","7":"category-marseille","8":"tag-actu","9":"tag-actualites","10":"tag-article-video","11":"tag-assemblee-nationale","12":"tag-conseil-constitutionnel","13":"tag-elections","14":"tag-eu","15":"tag-europe","16":"tag-fr","17":"tag-france","18":"tag-info","19":"tag-lyon","20":"tag-marseille","21":"tag-news","22":"tag-paris","23":"tag-provence-alpes-cote-dazur","24":"tag-republique-francaise","25":"tag-video","26":"tag-video-elections-municipales-2026","27":"tag-vie-politique-francaise"},"share_on_mastodon":{"url":"https:\/\/pubeurope.com\/@fr\/114996506999910152","error":""},"_links":{"self":[{"href":"https:\/\/www.europesays.com\/fr\/wp-json\/wp\/v2\/posts\/306406","targetHints":{"allow":["GET"]}}],"collection":[{"href":"https:\/\/www.europesays.com\/fr\/wp-json\/wp\/v2\/posts"}],"about":[{"href":"https:\/\/www.europesays.com\/fr\/wp-json\/wp\/v2\/types\/post"}],"author":[{"embeddable":true,"href":"https:\/\/www.europesays.com\/fr\/wp-json\/wp\/v2\/users\/2"}],"replies":[{"embeddable":true,"href":"https:\/\/www.europesays.com\/fr\/wp-json\/wp\/v2\/comments?post=306406"}],"version-history":[{"count":0,"href":"https:\/\/www.europesays.com\/fr\/wp-json\/wp\/v2\/posts\/306406\/revisions"}],"wp:featuredmedia":[{"embeddable":true,"href":"https:\/\/www.europesays.com\/fr\/wp-json\/wp\/v2\/media\/306407"}],"wp:attachment":[{"href":"https:\/\/www.europesays.com\/fr\/wp-json\/wp\/v2\/media?parent=306406"}],"wp:term":[{"taxonomy":"category","embeddable":true,"href":"https:\/\/www.europesays.com\/fr\/wp-json\/wp\/v2\/categories?post=306406"},{"taxonomy":"post_tag","embeddable":true,"href":"https:\/\/www.europesays.com\/fr\/wp-json\/wp\/v2\/tags?post=306406"}],"curies":[{"name":"wp","href":"https:\/\/api.w.org\/{rel}","templated":true}]}}