{"id":306412,"date":"2025-08-09T02:47:23","date_gmt":"2025-08-09T02:47:23","guid":{"rendered":"https:\/\/www.europesays.com\/fr\/306412\/"},"modified":"2025-08-09T02:47:23","modified_gmt":"2025-08-09T02:47:23","slug":"les-secours-alertent-sur-de-fausses-donnees-et-des-itineraires-dangereux-de-certaines-applications-de-randonnee","status":"publish","type":"post","link":"https:\/\/www.europesays.com\/fr\/306412\/","title":{"rendered":"les secours alertent sur de \u00ab\u00a0fausses\u00a0\u00bb donn\u00e9es et des itin\u00e9raires dangereux de certaines applications de randonn\u00e9e"},"content":{"rendered":"<p class=\"article__intro\">Dans les Pyr\u00e9n\u00e9es, le PGHM de Luchon met en garde contre certaines applications de randonn\u00e9e dont les trac\u00e9s erron\u00e9s peuvent conduire les marcheurs sur des itin\u00e9raires dangereux. Deux couples ont r\u00e9cemment \u00e9t\u00e9 secourus apr\u00e8s avoir suivi un faux sentier menant \u00e0 des pentes abruptes.<\/p>\n<p>\n      L\u2019actu des r\u00e9gions\n    <\/p>\n<p>\n      Chaque jour, un tour d\u2019horizon des principales infos de toutes les r\u00e9gions.\n    <\/p>\n<p>    France T\u00e9l\u00e9visions utilise votre adresse e-mail afin de vous envoyer la newsletter \u00ab\u00a0L\u2019actu des r\u00e9gions\u00a0\u00bb. Vous pouvez vous d\u00e9sinscrire \u00e0 tout moment via le lien en bas de cette newsletter. <a target=\"_blank\" href=\"https:\/\/www.francetelevisions.fr\/groupe\/confidentialite\/politique-de-confidentialite\/politique-de-confidentialite-de-france-televisions-6503\" rel=\"nofollow noopener\">Notre politique de confidentialit\u00e9<\/a><\/p>\n<p>L\u2019\u00e9t\u00e9, les Pyr\u00e9n\u00e9es attirent de nombreux randonneurs, souvent \u00e9quip\u00e9s d\u2019applications sp\u00e9cialis\u00e9es pour pr\u00e9parer leurs itin\u00e9raires. Mais certaines peuvent se r\u00e9v\u00e9ler trompeuses, voire dangereuses.<\/p>\n<p>Ce jeudi 7 ao\u00fbt, le Peloton de gendarmerie de haute montagne (PGHM) de Luchon met en garde : certaines cartes num\u00e9riques comportent des trac\u00e9s inexacts.<\/p>\n<\/p>\n<p>Deux couples secourus au m\u00eame endroit \u00a0<\/p>\n<p>L&rsquo;unit\u00e9 sp\u00e9cialis\u00e9e de la Gendarmerie Nationale explique avoir secouru deux couples en l\u2019espace de deux semaines, pr\u00e8s du pic de la Montagnette.\u00a0<\/p>\n<p>Tromp\u00e9s par un \u201cfaux\u201d sentier indiqu\u00e9 sur leur application, ils se sont retrouv\u00e9s sur des pentes \u00e0 45\u00b0, o\u00f9 un faux pas pouvait \u00eatre fatal. Selon le <a href=\"https:\/\/www.facebook.com\/pghm.luchon\/\" target=\"_blank\" rel=\"noopener nofollow\">PGHM<\/a>, un trac\u00e9 rectiligne sur une longue distance est souvent suspect et doit alerter.<br \/>\u00a0<\/p>\n<p><a data-article-figure=\"\" href=\"https:\/\/france3-regions.franceinfo.fr\/image\/-bSHZ52UMzoIfQQCgDpYCrFminE\/412x889\/regions\/2025\/08\/08\/en-jaune-le-sentier-689617f25dc3f885665417.png\" data-pswp-width=\"412\" data-pswp-height=\"889\" target=\"_blank\" rel=\"nofollow noopener\"><\/p>\n<p>          <img width=\"600\" height=\"400\" class=\"article-image lazy\" data-src=\"https:\/\/www.europesays.com\/fr\/wp-content\/uploads\/2025\/08\/en-jaune-le-sentier-689617f25dc3f885665417.png\" alt=\"En jaune le fameux &quot;sentier&quot; qui n'existe pas \u00e0 partir du Pic de la Montagnette.\" fetchpriority=\"high\" as=\"image\"\/><\/p>\n<p>\n            En jaune le fameux \u00ab\u00a0sentier\u00a0\u00bb qui n&rsquo;existe pas \u00e0 partir du Pic de la Montagnette.<br \/>\n                           \u2022<br \/>\n                                      \u00a9 PGHM Luchon\n                      <\/p>\n<p><\/a><\/p>\n<p>La randonn\u00e9e s\u00e9duit de plus en plus de passionn\u00e9s. Mais pour \u00e9viter qu\u2019une sortie ne tourne mal, le PGHM rappelle quelques r\u00e8gles essentielles :\u00a0<\/p>\n<p>Se fier \u00e0 des sources s\u00fbres\u00a0<\/p>\n<p>Il faut s&rsquo;orienter avec les cartes IGN les plus r\u00e9centes au 1\/25 000. Elles sont accessibles gratuitement en ligne sur le site <a href=\"https:\/\/www.geoportail.gouv.fr\/carte?fbclid=IwY2xjawMC-L5leHRuA2FlbQIxMABicmlkETEyUTFSYVgzeHQ1UUpHOFJsAR4Z3R0aAou-uGcdbKlrZuCqokRixElCRB6phM9RxpgIWsSCanWnsAKD2WIu3A_aem_6wusisSgovOfvLxJQa2svQ\" target=\"_blank\" rel=\"noopener nofollow\">Geoportail<\/a>.\u00a0Les cartes int\u00e9gr\u00e9es aux applications peuvent \u00eatre incompl\u00e8tes ou obsol\u00e8tes. Les GPS des smartphones sont souvent peu fiables \u00e9galement et vident les batteries rapidement en montagne car les mobiles recherchent en permanence les signaux.\u00a0<\/p>\n<p>Recouper les informations<\/p>\n<p>Il est important de croiser plusieurs sources pour \u00eatres s\u00fbrs de son itin\u00e9raire. Le PGHM cite notamment les services de l&rsquo;\u00c9tat, les offices de tourisme et les bureaux des guides en montagne.\u00a0L&rsquo;unit\u00e9 sp\u00e9cialis\u00e9e met en garde : m\u00eame les randonneurs aguerris peuvent se mettre en danger par exc\u00e8s de confiance.<\/p>\n<p><a data-article-figure=\"\" href=\"https:\/\/france3-regions.franceinfo.fr\/image\/mAYZhXTY_Nww3HG19JF6KedcLVA\/646x898\/regions\/2025\/08\/08\/legende-des-cartes-ign-689619d59f4d0377557580.png\" data-pswp-width=\"646\" data-pswp-height=\"898\" target=\"_blank\" rel=\"nofollow noopener\"><\/p>\n<p>          <img width=\"600\" height=\"400\" class=\"article-image lazy\" data-src=\"https:\/\/www.europesays.com\/fr\/wp-content\/uploads\/2025\/08\/legende-des-cartes-ign-689619d59f4d0377557580.png\" alt=\"L\u00e9gende des cartes IGN.\" fetchpriority=\"high\" as=\"image\"\/><\/p>\n<p>\n            L\u00e9gende des cartes IGN.<br \/>\n                           \u2022<br \/>\n                                      \u00a9 PGHM Luchon\n                      <\/p>\n<p><\/a><br \/>\nRester sur des trajets fr\u00e9quent\u00e9s et balis\u00e9s<\/p>\n<p>Le PGHM conseille de privil\u00e9gier les itin\u00e9raires fr\u00e9quent\u00e9s et bien balis\u00e9s, comme les <a href=\"https:\/\/www.ffrandonnee.fr\/randonner\/sentiers\/decouvrir-les-itineraires-de-grande-randonnee-gr\" target=\"_blank\" rel=\"noopener nofollow\">GR <\/a>(Grande Randonn\u00e9e) ou <a href=\"https:\/\/www.grandraidpyrenees.com\/fr\/\" target=\"_blank\" rel=\"noopener nofollow\">GRP<\/a> (Grande Randonn\u00e9e de Pays). Il est d\u00e9conseill\u00e9 de s\u2019aventurer sur des parcours inconnus et peu emprunt\u00e9s. Pour les d\u00e9butants, l\u2019unit\u00e9 sp\u00e9cialis\u00e9e recommande tout simplement d\u2019\u00eatre encadr\u00e9 par un guide de haute montagne.<\/p>\n","protected":false},"excerpt":{"rendered":"Dans les Pyr\u00e9n\u00e9es, le PGHM de Luchon met en garde contre certaines applications de randonn\u00e9e dont les trac\u00e9s&hellip;\n","protected":false},"author":2,"featured_media":306413,"comment_status":"","ping_status":"","sticky":false,"template":"","format":"standard","meta":{"footnotes":""},"categories":[1888],"tags":[1111,1928,11,1927,1777,674,1011,27,12,1926,626,1925,25],"class_list":{"0":"post-306412","1":"post","2":"type-post","3":"status-publish","4":"format-standard","5":"has-post-thumbnail","7":"category-paris","8":"tag-actu","9":"tag-actu-paris","10":"tag-actualites","11":"tag-actualites-paris","12":"tag-eu","13":"tag-europe","14":"tag-fr","15":"tag-france","16":"tag-news","17":"tag-news-paris","18":"tag-paris","19":"tag-paris-news","20":"tag-republique-francaise"},"share_on_mastodon":{"url":"https:\/\/pubeurope.com\/@fr\/114996526695923626","error":""},"_links":{"self":[{"href":"https:\/\/www.europesays.com\/fr\/wp-json\/wp\/v2\/posts\/306412","targetHints":{"allow":["GET"]}}],"collection":[{"href":"https:\/\/www.europesays.com\/fr\/wp-json\/wp\/v2\/posts"}],"about":[{"href":"https:\/\/www.europesays.com\/fr\/wp-json\/wp\/v2\/types\/post"}],"author":[{"embeddable":true,"href":"https:\/\/www.europesays.com\/fr\/wp-json\/wp\/v2\/users\/2"}],"replies":[{"embeddable":true,"href":"https:\/\/www.europesays.com\/fr\/wp-json\/wp\/v2\/comments?post=306412"}],"version-history":[{"count":0,"href":"https:\/\/www.europesays.com\/fr\/wp-json\/wp\/v2\/posts\/306412\/revisions"}],"wp:featuredmedia":[{"embeddable":true,"href":"https:\/\/www.europesays.com\/fr\/wp-json\/wp\/v2\/media\/306413"}],"wp:attachment":[{"href":"https:\/\/www.europesays.com\/fr\/wp-json\/wp\/v2\/media?parent=306412"}],"wp:term":[{"taxonomy":"category","embeddable":true,"href":"https:\/\/www.europesays.com\/fr\/wp-json\/wp\/v2\/categories?post=306412"},{"taxonomy":"post_tag","embeddable":true,"href":"https:\/\/www.europesays.com\/fr\/wp-json\/wp\/v2\/tags?post=306412"}],"curies":[{"name":"wp","href":"https:\/\/api.w.org\/{rel}","templated":true}]}}