{"id":306414,"date":"2025-08-09T02:48:11","date_gmt":"2025-08-09T02:48:11","guid":{"rendered":"https:\/\/www.europesays.com\/fr\/306414\/"},"modified":"2025-08-09T02:48:11","modified_gmt":"2025-08-09T02:48:11","slug":"lhomme-qui-a-allume-sa-cigarette-avec-la-flamme-du-soldat-inconnu-condamne","status":"publish","type":"post","link":"https:\/\/www.europesays.com\/fr\/306414\/","title":{"rendered":"L\u2019homme qui a allum\u00e9 sa cigarette avec la flamme du Soldat inconnu condamn\u00e9"},"content":{"rendered":"<p><strong>SURSIS &#8211; \u00c9clatant en sanglots, Hakim H. a reconnu les faits, qualifiant son acte de \u00ab\u00a0b\u00eatise du si\u00e8cle\u00a0\u00bb<\/strong><\/p>\n<p>La <a href=\"https:\/\/www.20minutes.fr\/justice\/?at_medium=RSS%20feed&amp;at_campaign=ynews&amp;utm_source=yahoo&amp;utm_medium=rss&amp;utm_campaign=news_feed&amp;utm_content=in_article_link\" rel=\"nofollow noopener\" target=\"_blank\" data-ylk=\"slk:justice;elm:context_link;itc:0;sec:content-canvas\" class=\"link \">justice<\/a> a rendu son verdict \u00e0 l\u2019encontre de l\u2019homme qui avait allum\u00e9 sa cigarette avec la flamme du Soldat inconnu. Il a \u00e9t\u00e9 condamn\u00e9 vendredi \u00e0 trois mois d\u2019emprisonnement assortis d\u2019un sursis probatoire de 18 mois par le tribunal correctionnel de <a href=\"https:\/\/www.20minutes.fr\/paris\/?at_medium=RSS%20feed&amp;at_campaign=ynews&amp;utm_source=yahoo&amp;utm_medium=rss&amp;utm_campaign=news_feed&amp;utm_content=in_article_link\" rel=\"nofollow noopener\" target=\"_blank\" data-ylk=\"slk:Paris;elm:context_link;itc:0;sec:content-canvas\" class=\"link \">Paris<\/a>.<\/p>\n<p>Hakim H. \u00e9tait jug\u00e9 en comparution imm\u00e9diate pour violation de s\u00e9pulture, tombeau, urne ou monument \u00e9difi\u00e9 \u00e0 la m\u00e9moire des morts, apr\u00e8s son geste de lundi soir qui avait suscit\u00e9 l\u2019indignation sur les <a href=\"https:\/\/www.20minutes.fr\/dossier\/reseaux_sociaux?at_medium=RSS%20feed&amp;at_campaign=ynews&amp;utm_source=yahoo&amp;utm_medium=rss&amp;utm_campaign=news_feed&amp;utm_content=in_article_link\" rel=\"nofollow noopener\" target=\"_blank\" data-ylk=\"slk:r\u00e9seaux sociaux;elm:context_link;itc:0;sec:content-canvas\" class=\"link \">r\u00e9seaux sociaux<\/a>.<\/p>\n<p>Mea Culpa<\/p>\n<p>\u00ab\u00a0Je regrette am\u00e8rement, je m\u2019excuse aupr\u00e8s de tous les Fran\u00e7ais\u00a0\u00bb, a d\u00e9clar\u00e9 le conducteur d\u2019engins de travaux de 47 ans avant d\u2019\u00e9clater en sanglots dans le box des accus\u00e9s. L\u2019homme, domicili\u00e9 en Normandie et dormant sur son lieu de travail \u00e0 Paris la semaine, a reconnu les faits qui lui \u00e9taient reproch\u00e9s, qualifiant son acte de \u00ab\u00a0b\u00eatise du si\u00e8cle\u00a0\u00bb.<\/p>\n<p>\u00ab\u00a0C\u2019est une victoire\u00a0\u00bb, a r\u00e9agi son avocat, Me Jos\u00e9 Lebughe Mangai, qui esp\u00e9rait \u00ab\u00a0une peine proportionn\u00e9e aux faits\u00a0\u00bb, et ce \u00ab\u00a0compte tenu de son pass\u00e9 p\u00e9nal\u00a0\u00bb, a-t-il soulign\u00e9 \u00e0 propos des 28 mentions au casier judiciaire de son client.<\/p>\n<p>Sous alcool et m\u00e9dicaments au moment des faits<\/p>\n<p>Hakim H., de nationalit\u00e9 marocaine et en situation r\u00e9guli\u00e8re sur le territoire fran\u00e7ais, a d\u00e9clar\u00e9 lors de l\u2019audience avoir \u00ab\u00a0agi m\u00e9caniquement\u00a0\u00bb, sous l\u2019influence de m\u00e9dicaments et d\u2019alcool au moment des faits. Une expertise psychiatrique dans le cadre de l\u2019enqu\u00eate a r\u00e9v\u00e9l\u00e9 \u00ab\u00a0une polytoxicomanie, une addiction \u00e0 l\u2019alcool, et un TDAH (trouble d\u00e9ficit de l\u2019attention ave(&#8230;)<\/p>\n<p><a href=\"https:\/\/www.20minutes.fr\/justice\/4167319-20250809-paris-homme-allume-cigarette-flamme-soldat-inconnu-condamne?at_medium=RSS%20feed&amp;at_campaign=ynews&amp;utm_source=yahoo&amp;utm_medium=rss&amp;utm_campaign=news_feed&amp;utm_content=read_more_link&quot;\" rel=\"nofollow noopener\" target=\"_blank\" data-ylk=\"slk:Lire la suite sur 20minutes;elm:context_link;itc:0;sec:content-canvas\" class=\"link \">Lire la suite sur 20minutes<\/a><\/p>\n<p>\u00c0 lire aussi :<br \/><a href=\"https:\/\/www.20minutes.fr\/societe\/4166813-20250805-homme-allume-cigarette-flamme-soldat-inconnu-justice-saisie?at_medium=RSS%20feed&amp;at_campaign=ynews&amp;utm_source=yahoo&amp;utm_medium=rss&amp;utm_campaign=news_feed&amp;utm_content=related_content_link\" rel=\"nofollow noopener\" target=\"_blank\" data-ylk=\"slk:Un homme allume sa cigarette avec la flamme du Soldat inconnu, la justice saisie;elm:context_link;itc:0;sec:content-canvas\" class=\"link \">Un homme allume sa cigarette avec la flamme du Soldat inconnu, la justice saisie<\/a><br \/><a href=\"https:\/\/www.20minutes.fr\/societe\/4167008-20250807-paris-homme-allume-cigarette-flamme-soldat-inconnu-va-perdre-titre-sejour?at_medium=RSS%20feed&amp;at_campaign=ynews&amp;utm_source=yahoo&amp;utm_medium=rss&amp;utm_campaign=news_feed&amp;utm_content=related_content_link\" rel=\"nofollow noopener\" target=\"_blank\" data-ylk=\"slk:Paris\u00a0: L\u2019homme qui a allum\u00e9 sa cigarette avec la flamme du Soldat inconnu va perdre son titre de s\u00e9jour;elm:context_link;itc:0;sec:content-canvas\" class=\"link \">Paris\u00a0: L\u2019homme qui a allum\u00e9 sa cigarette avec la flamme du Soldat inconnu va perdre son titre de s\u00e9jour<\/a><\/p>\n","protected":false},"excerpt":{"rendered":"SURSIS &#8211; \u00c9clatant en sanglots, Hakim H. a reconnu les faits, qualifiant son acte de \u00ab\u00a0b\u00eatise du si\u00e8cle\u00a0\u00bb&hellip;\n","protected":false},"author":2,"featured_media":306415,"comment_status":"","ping_status":"","sticky":false,"template":"","format":"standard","meta":{"footnotes":""},"categories":[1888],"tags":[1111,1928,11,1927,27070,1777,674,1011,27,44254,12,1926,626,1925,25,44064,26547,44363],"class_list":{"0":"post-306414","1":"post","2":"type-post","3":"status-publish","4":"format-standard","5":"has-post-thumbnail","7":"category-paris","8":"tag-actu","9":"tag-actu-paris","10":"tag-actualites","11":"tag-actualites-paris","12":"tag-allume","13":"tag-eu","14":"tag-europe","15":"tag-fr","16":"tag-france","17":"tag-la-flamme","18":"tag-news","19":"tag-news-paris","20":"tag-paris","21":"tag-paris-news","22":"tag-republique-francaise","23":"tag-soldat-inconnu","24":"tag-territoire-francais","25":"tag-violation-de-sepulture"},"share_on_mastodon":{"url":"https:\/\/pubeurope.com\/@fr\/114996530574170287","error":""},"_links":{"self":[{"href":"https:\/\/www.europesays.com\/fr\/wp-json\/wp\/v2\/posts\/306414","targetHints":{"allow":["GET"]}}],"collection":[{"href":"https:\/\/www.europesays.com\/fr\/wp-json\/wp\/v2\/posts"}],"about":[{"href":"https:\/\/www.europesays.com\/fr\/wp-json\/wp\/v2\/types\/post"}],"author":[{"embeddable":true,"href":"https:\/\/www.europesays.com\/fr\/wp-json\/wp\/v2\/users\/2"}],"replies":[{"embeddable":true,"href":"https:\/\/www.europesays.com\/fr\/wp-json\/wp\/v2\/comments?post=306414"}],"version-history":[{"count":0,"href":"https:\/\/www.europesays.com\/fr\/wp-json\/wp\/v2\/posts\/306414\/revisions"}],"wp:featuredmedia":[{"embeddable":true,"href":"https:\/\/www.europesays.com\/fr\/wp-json\/wp\/v2\/media\/306415"}],"wp:attachment":[{"href":"https:\/\/www.europesays.com\/fr\/wp-json\/wp\/v2\/media?parent=306414"}],"wp:term":[{"taxonomy":"category","embeddable":true,"href":"https:\/\/www.europesays.com\/fr\/wp-json\/wp\/v2\/categories?post=306414"},{"taxonomy":"post_tag","embeddable":true,"href":"https:\/\/www.europesays.com\/fr\/wp-json\/wp\/v2\/tags?post=306414"}],"curies":[{"name":"wp","href":"https:\/\/api.w.org\/{rel}","templated":true}]}}