{"id":306418,"date":"2025-08-09T02:50:36","date_gmt":"2025-08-09T02:50:36","guid":{"rendered":"https:\/\/www.europesays.com\/fr\/306418\/"},"modified":"2025-08-09T02:50:36","modified_gmt":"2025-08-09T02:50:36","slug":"quand-nicolas-devient-vendeur-a-la-sauvette","status":"publish","type":"post","link":"https:\/\/www.europesays.com\/fr\/306418\/","title":{"rendered":"\u00abQuand Nicolas devient vendeur \u00e0 la sauvette\u00bb"},"content":{"rendered":"<p><strong>FIGAROVOX\/HUMEUR &#8211; <\/strong>Une campagne de la pr\u00e9fecture de police de Paris invitant les consommateurs \u00e0 se m\u00e9fier des vendeurs \u00e0 la sauvette a fait pol\u00e9mique sur les r\u00e9seaux sociaux. L\u2019enseignante Oph\u00e9lie Roque explique que l\u2019affiche de pr\u00e9vention manque sa cible.<\/p>\n<p class=\"fig-paragraph\">Oph\u00e9lie Roque est professeur de fran\u00e7ais en banlieue parisienne. Elle a notamment publi\u00e9\u00a0Antis\u00e8ches d\u2019une prof. Pour survivre \u00e0 l\u2019\u00c9ducation nationale\u00a0(Les Presses de la cit\u00e9, 2025).<\/p>\n<p class=\"fig-paragraph\">On ne comprend pas bien au premier abord ce que\u00a0<a href=\"http:\/\/www.lefigaro.fr\/actualite-france\/tout-a-fait-le-portrait-robot-du-vendeur-a-la-sauvette-une-affiche-de-la-prefecture-de-police-de-paris-suscite-un-tolle-20250807\" target=\"_blank\" data-fig-type=\"NewsFlash\" rel=\"noopener\" data-gtm-custom-categorie=\"navigation\" data-gtm-custom-action=\"crossclick\" data-gtm-custom-label=\"Contextuel\" data-gtm-event=\"customEventSPE\" data-fig-domain=\"LEFIGARO\">ce collage<\/a>\u00a0\u00e0 mi-chemin des papiers d\u00e9coup\u00e9s de Pr\u00e9vert et du faci\u00e8s grima\u00e7ant des personnages de l\u2019horrible dessin anim\u00e9 Angela Anaconda peut bien vouloir signifier. Il y a ind\u00e9niablement quelque chose de foireux, du collage surr\u00e9aliste effectu\u00e9 par les mains malhabiles d\u2019un esprit se r\u00e9veillant, \u00e0 peine, des brumes de l\u2019ayahuasca. L\u2019entendement, alors hagard, se cogne de droite et de gauche sur la\u00a0spongieuse r\u00e9alit\u00e9 des choses. Qu\u2019est-ce qui est r\u00e9el\u00a0? Qu\u2019est-ce qui ne l\u2019est pas\u00a0?<\/p>\n<p class=\"fig-paragraph\">D\u2019ailleurs c\u2019est bien simple, Paris n\u2019est plus. La ville Lumi\u00e8re se r\u00e9sume un peu m\u00e9lancoliquement \u00e0 n\u2019\u00eatre qu\u2019une tour plant\u00e9e sur un\u00a0<a href=\"http:\/\/www.lefigaro.fr\/actualite-france\/champ-de-mars-polemique-autour-des-espaces-verts-degrades-geres-par-la-mairie-de-paris-20231006\" target=\"_blank\" data-fig-type=\"Article\" rel=\"noopener\" data-gtm-custom-categorie=\"navigation\" data-gtm-custom-action=\"crossclick\" data-gtm-custom-label=\"Contextuel\" data-gtm-event=\"customEventSPE\" data-fig-domain=\"LEFIGARO\">bout de gazon<\/a>. Deux bancs verts, un ciel bleu et\u2026 C\u2019est tout. Un peu maigre comme d\u00e9cor mais l\u2019essentiel se passe au premier plan. Deux personnages\u2026<\/p>\n<p class=\"fig-premium-paywall__infos\">\n        Cet article est r\u00e9serv\u00e9 aux abonn\u00e9s.        Il vous reste 79% \u00e0 d\u00e9couvrir.\n    <\/p>\n<p>                <img  data- alt=\"Le Figaro\" class=\"fig-img--complete fig-img\"\/><\/p>\n<p class=\"fig-premium-paywall__title\">Vous avez envie de lire la suite ?<\/p>\n<p class=\"fig-premium-paywall__subtitle\">D\u00e9bloquez tous les articles imm\u00e9diatement.<\/p>\n<p class=\"fig-premium-paywall__connect\">\n                D\u00e9j\u00e0 abonn\u00e9\u00a0?                <a class=\"fig-premium-paywall__connect-link\" href=\"https:\/\/connect.lefigaro.fr\/login?client=horizon_web&amp;type=main&amp;redirect_uri=https%3A%2F%2Fwww.lefigaro.fr%2Fvox%2Fsociete%2Faffiche-polemique-de-la-prefecture-de-police-de-paris-quand-nicolas-devient-vendeur-a-la-sauvette-20250808\" data-js-gtm=\"{&quot;customCategorie&quot;: &quot;conversion&quot;, &quot;customAction&quot;: &quot;before_Landing_Connexion_paywall_auto&quot;, &quot;customLabel&quot;: &quot;bGVmaWdhcm8uZnJfXzFmMDc0NTYxLWViN2ItNjEyYS1hMWYxLWJiNDdmN2IzZTJhMF9fQXJ0aWNsZQ==_Affiche pol\u00e9mique de la pr\u00e9fecture de police de Paris\u00a0: \u00abQuand Nicolas devient vendeur \u00e0 la sauvette\u00bb_275&quot;, &quot;customIDSPE&quot;: &quot;bGVmaWdhcm8uZnJfXzFmMDc0NTYxLWViN2ItNjEyYS1hMWYxLWJiNDdmN2IzZTJhMF9fQXJ0aWNsZQ==&quot;, &quot;event&quot;: &quot;customEventSPE&quot;}\" target=\"_blank\" rel=\"noopener\"><br \/>\n                    Connectez-vous<br \/>\n                <\/a>\n            <\/p>\n","protected":false},"excerpt":{"rendered":"FIGAROVOX\/HUMEUR &#8211; Une campagne de la pr\u00e9fecture de police de Paris invitant les consommateurs \u00e0 se m\u00e9fier des&hellip;\n","protected":false},"author":2,"featured_media":306419,"comment_status":"","ping_status":"","sticky":false,"template":"","format":"standard","meta":{"footnotes":""},"categories":[1888],"tags":[11,2950,1777,674,1011,27,12,626,1931,25],"class_list":{"0":"post-306418","1":"post","2":"type-post","3":"status-publish","4":"format-standard","5":"has-post-thumbnail","7":"category-paris","8":"tag-actualites","9":"tag-delinquance","10":"tag-eu","11":"tag-europe","12":"tag-fr","13":"tag-france","14":"tag-news","15":"tag-paris","16":"tag-prefecture-de-police-de-paris","17":"tag-republique-francaise"},"share_on_mastodon":{"url":"https:\/\/pubeurope.com\/@fr\/114996538532651252","error":""},"_links":{"self":[{"href":"https:\/\/www.europesays.com\/fr\/wp-json\/wp\/v2\/posts\/306418","targetHints":{"allow":["GET"]}}],"collection":[{"href":"https:\/\/www.europesays.com\/fr\/wp-json\/wp\/v2\/posts"}],"about":[{"href":"https:\/\/www.europesays.com\/fr\/wp-json\/wp\/v2\/types\/post"}],"author":[{"embeddable":true,"href":"https:\/\/www.europesays.com\/fr\/wp-json\/wp\/v2\/users\/2"}],"replies":[{"embeddable":true,"href":"https:\/\/www.europesays.com\/fr\/wp-json\/wp\/v2\/comments?post=306418"}],"version-history":[{"count":0,"href":"https:\/\/www.europesays.com\/fr\/wp-json\/wp\/v2\/posts\/306418\/revisions"}],"wp:featuredmedia":[{"embeddable":true,"href":"https:\/\/www.europesays.com\/fr\/wp-json\/wp\/v2\/media\/306419"}],"wp:attachment":[{"href":"https:\/\/www.europesays.com\/fr\/wp-json\/wp\/v2\/media?parent=306418"}],"wp:term":[{"taxonomy":"category","embeddable":true,"href":"https:\/\/www.europesays.com\/fr\/wp-json\/wp\/v2\/categories?post=306418"},{"taxonomy":"post_tag","embeddable":true,"href":"https:\/\/www.europesays.com\/fr\/wp-json\/wp\/v2\/tags?post=306418"}],"curies":[{"name":"wp","href":"https:\/\/api.w.org\/{rel}","templated":true}]}}