{"id":306420,"date":"2025-08-09T02:51:21","date_gmt":"2025-08-09T02:51:21","guid":{"rendered":"https:\/\/www.europesays.com\/fr\/306420\/"},"modified":"2025-08-09T02:51:21","modified_gmt":"2025-08-09T02:51:21","slug":"trump-va-rencontrer-poutine-tres-prochainement-et-mentionne-un-futur-echange-de-territoire-entre-russie-et-ukraine","status":"publish","type":"post","link":"https:\/\/www.europesays.com\/fr\/306420\/","title":{"rendered":"Trump va rencontrer Poutine \u00ab\u00a0tr\u00e8s prochainement\u00a0\u00bb, et mentionne un \u00ab\u00a0futur \u00e9change de territoire\u00a0\u00bb entre Russie et Ukraine"},"content":{"rendered":"<p class=\"ap-StoryElement ap-StoryElement--mb ap-StoryText\">Moscou r\u00e9clame que l&rsquo;Ukraine lui c\u00e8de quatre r\u00e9gions partiellement occup\u00e9es (celles de Donetsk, Lougansk, Zaporijjia et Kherson), en plus de la Crim\u00e9e annex\u00e9e en 2014, et qu&rsquo;elle renonce aux livraisons d&rsquo;armes occidentales et \u00e0 toute adh\u00e9sion \u00e0 l&rsquo;Otan.<\/p>\n<p class=\"ap-StoryElement ap-StoryElement--mb ap-StoryText\">Des exigences inacceptables pour Kiev, qui veut le retrait des troupes russes de son territoire et des garanties de s\u00e9curit\u00e9 occidentales, dont la poursuite des livraisons d&rsquo;armes et le d\u00e9ploiement d&rsquo;un contingent europ\u00e9en, ce \u00e0 quoi s&rsquo;oppose la Russie.<\/p>\n<p><a href=\"https:\/\/www.lalibre.be\/international\/amerique\/2025\/08\/07\/aux-etats-unis-on-craint-le-piege-tendu-par-vladimir-poutine-a-donald-trump-SHMPB4RD6BFIDBTZEEZLQ65JFI\/\" target=\"_blank\" rel=\"noopener noreferrer\" class=\"ap-StoryInterstitialLink ap-StoryElement ap-StoryElement--mb\">Aux Etats-Unis, on craint le pi\u00e8ge tendu par Vladimir Poutine \u00e0 Donald Trump<\/a>Ultimatum<\/p>\n<p class=\"ap-StoryElement ap-StoryElement--mb ap-StoryText\">Parlant de la rencontre avec le pr\u00e9sident russe, \u00ab\u00a0cela aurait pu se faire plus t\u00f4t, mais je suppose qu&rsquo;il y a malheureusement des mesures de s\u00e9curit\u00e9 \u00e0 prendre\u00a0\u00bb, a dit le pr\u00e9sident Trump.<\/p>\n<p class=\"ap-StoryElement ap-StoryElement--mb ap-StoryText\">Vladimir Poutine s&rsquo;est lui entretenu vendredi au t\u00e9l\u00e9phone avec le pr\u00e9sident chinois Xi Jinping et le Premier ministre indien Narendra Modi.<\/p>\n<p class=\"ap-StoryElement ap-StoryElement--mb ap-StoryText\">Ces d\u00e9veloppements surviennent alors que le pr\u00e9sident am\u00e9ricain avait lanc\u00e9 un ultimatum \u00e0 la Russie la semaine derni\u00e8re, cens\u00e9 expirer vendredi, pour faire avancer les n\u00e9gociations avec Kiev, sous peine de nouvelles sanctions am\u00e9ricaines.<\/p>\n<p class=\"ap-StoryElement ap-StoryElement--mb ap-StoryText\">L&rsquo;offensive russe \u00e0 grande \u00e9chelle contre l&rsquo;Ukraine, d\u00e9clench\u00e9e en f\u00e9vrier 2022, a fait a minima des dizaines de milliers de morts dans les deux pays et caus\u00e9 d&rsquo;immenses destructions.<\/p>\n<p class=\"ap-StoryElement ap-StoryElement--mb ap-StoryText\">Mais apr\u00e8s plus de trois ans de combats, les positions ukrainienne et russe sont toujours irr\u00e9conciliables. La Russie est accus\u00e9e de bloquer les pourparlers en maintenant des demandes maximalistes, \u00e0 un moment o\u00f9 ses forces ont l&rsquo;avantage sur le front et continuent d&rsquo;y gagner du terrain.<\/p>\n<p class=\"ap-StoryElement ap-StoryElement--mb ap-StoryText\"><a href=\"https:\/\/www.lalibre.be\/international\/europe\/2025\/06\/02\/a-istanbul-des-discussions-entre-russes-et-ukrainiens-peu-fructueuses-ZB75R4CYDBHDZHI56D4XI2NCF4\/\" target=\"_blank\" rel=\"noopener\">Le dernier cycle de n\u00e9gociations directes entre les deux bellig\u00e9rants \u00e0 Istanbul en juillet n&rsquo;avait d\u00e9bouch\u00e9 que sur un nouvel \u00e9change de prisonniers et de d\u00e9pouilles de soldats.<\/a><\/p>\n<p class=\"ap-StoryElement ap-StoryElement--mb ap-StoryText\">Pour tenter de faire avancer les choses, l&rsquo;\u00e9missaire am\u00e9ricain <a href=\"https:\/\/www.lalibre.be\/international\/europe\/guerre-ukraine-russie\/2025\/08\/04\/trump-le-confirme-witkoff-se-rendra-bien-en-russie-mercredi-ou-jeudi-USC4N4AIRVATRD4CNLV5UJKOWU\/\" target=\"_blank\" rel=\"noopener\">Steve Witkoff<\/a> a \u00e9t\u00e9 re\u00e7u au Kremlin par Vladimir Poutine, ce qui a permis une acc\u00e9l\u00e9ration au plan diplomatique marqu\u00e9e par l&rsquo;annonce jeudi par Moscou d&rsquo;un \u00ab\u00a0accord de principe\u00a0\u00bb pour un prochain sommet entre les dirigeants am\u00e9ricain et russe.<\/p>\n<p class=\"ap-StoryElement ap-StoryElement--mb ap-StoryText\">Il s&rsquo;agirait du premier t\u00eate-\u00e0-t\u00eate entre les deux hommes depuis juin 2019 au Japon.<\/p>\n<p><a href=\"https:\/\/www.lalibre.be\/international\/europe\/guerre-ukraine-russie\/2025\/08\/07\/tout-pour-arreter-ces-tueries-trump-pret-a-voir-poutine-meme-si-ce-dernier-refuse-de-rencontrer-zelensky-NMMZIPSMCJBL7JB5CNNVJOWOTQ\/\" target=\"_blank\" rel=\"noopener noreferrer\" class=\"ap-StoryInterstitialLink ap-StoryElement ap-StoryElement--mb\">\u00ab\u00a0Tout pour arr\u00eater ces tueries\u00a0\u00bb: Trump pr\u00eat \u00e0 voir Poutine, m\u00eame si ce dernier refuse de rencontrer Zelensky<\/a>Poutine parle avec P\u00e9kin et Delhi<\/p>\n<p class=\"ap-StoryElement ap-StoryElement--mb ap-StoryText\">Dans ce contexte, Vladimir Poutine a inform\u00e9 vendredi au t\u00e9l\u00e9phone Xi Jinping des \u00ab\u00a0r\u00e9sultats\u00a0\u00bb des discussions concernant le conflit en Ukraine qu&rsquo;il a eues mercredi avec Steve Witkoff, a fait savoir le Kremlin.<\/p>\n<p class=\"ap-StoryElement ap-StoryElement--mb ap-StoryText\">\u00ab\u00a0La Chine se r\u00e9jouit de voir la Russie et les Etats-Unis maintenir le contact, am\u00e9liorer leurs relations et promouvoir un r\u00e8glement politique de la crise ukrainienne\u00a0\u00bb, a dit le chef de l&rsquo;Etat chinois \u00e0 son homologue russe, selon l&rsquo;agence de presse officielle Chine nouvelle.<\/p>\n<p class=\"ap-StoryElement ap-StoryElement--mb ap-StoryText\">Le Premier ministre indien Narendra Modi a, quant \u00e0 lui, d\u00e9clar\u00e9 vendredi qu&rsquo;il avait eu un \u00ab\u00a0bon\u00a0\u00bb \u00e9change avec son \u00ab\u00a0ami\u00a0\u00bb Vladimir Poutine.<\/p>\n<p class=\"ap-StoryElement ap-StoryElement--mb ap-StoryText\">Cette discussion a eu lieu apr\u00e8s la d\u00e9cision am\u00e9ricaine d&rsquo;imposer 50% de droits de douane sur les produits indiens import\u00e9s, les Etats-Unis reprochant \u00e0 l&rsquo;Inde ses achats de p\u00e9trole russe.<\/p>\n<p>\u00ab\u00a0Tr\u00e8s d\u00e9\u00e7u\u00a0\u00bb<\/p>\n<p class=\"ap-StoryElement ap-StoryElement--mb ap-StoryText\">Washington a menac\u00e9 de s&rsquo;en prendre aux pays qui commercent avec la Russie, comme l&rsquo;Inde et la Chine.<\/p>\n<p class=\"ap-StoryElement ap-StoryElement--mb ap-StoryText\">Mais, jeudi, interrog\u00e9 sur le maintien ou non de son ultimatum adress\u00e9 \u00e0 la Russie, le pr\u00e9sident am\u00e9ricain a esquiv\u00e9: \u00ab\u00a0Cela va d\u00e9pendre de Poutine, on va voir ce qu&rsquo;il va dire\u00a0\u00bb.<\/p>\n<p class=\"ap-StoryElement ap-StoryElement--mb ap-StoryText\">\u00ab\u00a0Tr\u00e8s d\u00e9\u00e7u\u00a0\u00bb, a-t-il encha\u00een\u00e9, semblant parler du chef de l&rsquo;Etat russe. En juillet, il s&rsquo;\u00e9tait d\u00e9j\u00e0 dit \u00ab\u00a0d\u00e9\u00e7u\u00a0\u00bb \u00e0 plusieurs reprises par M. Poutine du fait de l&rsquo;absence d&rsquo;avanc\u00e9es dans les n\u00e9gociations entre Kiev et Moscou.<\/p>\n<p class=\"ap-StoryElement ap-StoryElement--mb ap-StoryText\">Parall\u00e8lement, l&rsquo;arm\u00e9e russe poursuit ses attaques a\u00e9riennes meurtri\u00e8res sur l&rsquo;Ukraine et ses assauts sur le front, o\u00f9 ses soldats sont plus nombreux et mieux \u00e9quip\u00e9s.<\/p>\n<p class=\"ap-StoryElement ap-StoryElement--mb ap-StoryText\">L&rsquo;Ukraine demande, de concert avec ses alli\u00e9s europ\u00e9ens, un cessez-le-feu de 30 jours, auquel se refusent les Russes.<\/p>\n<p><a href=\"https:\/\/www.lalibre.be\/international\/europe\/guerre-ukraine-russie\/2025\/08\/07\/fuite-de-la-proposition-americaine-faite-a-poutine-voici-ce-quelle-contient-ZHNWOEEAIVF7PPNI5HUF3VIZJM\/\" target=\"_blank\" rel=\"noopener noreferrer\" class=\"ap-StoryInterstitialLink ap-StoryElement ap-StoryElement--mb\">Fuite de la proposition am\u00e9ricaine faite \u00e0 Poutine : voici ce qu&rsquo;elle contient<\/a><\/p>\n","protected":false},"excerpt":{"rendered":"Moscou r\u00e9clame que l&rsquo;Ukraine lui c\u00e8de quatre r\u00e9gions partiellement occup\u00e9es (celles de Donetsk, Lougansk, Zaporijjia et Kherson), en&hellip;\n","protected":false},"author":2,"featured_media":306421,"comment_status":"","ping_status":"","sticky":false,"template":"","format":"standard","meta":{"footnotes":""},"categories":[1591],"tags":[11,2120,312,1887,12,1885,1886,132,220,308],"class_list":{"0":"post-306420","1":"post","2":"type-post","3":"status-publish","4":"format-standard","5":"has-post-thumbnail","7":"category-russie","8":"tag-actualites","9":"tag-conflit","10":"tag-diplomatie","11":"tag-federation-de-russie","12":"tag-news","13":"tag-russia","14":"tag-russian-federation","15":"tag-russie","16":"tag-ukraine","17":"tag-usa"},"share_on_mastodon":{"url":"https:\/\/pubeurope.com\/@fr\/114996542875446088","error":""},"_links":{"self":[{"href":"https:\/\/www.europesays.com\/fr\/wp-json\/wp\/v2\/posts\/306420","targetHints":{"allow":["GET"]}}],"collection":[{"href":"https:\/\/www.europesays.com\/fr\/wp-json\/wp\/v2\/posts"}],"about":[{"href":"https:\/\/www.europesays.com\/fr\/wp-json\/wp\/v2\/types\/post"}],"author":[{"embeddable":true,"href":"https:\/\/www.europesays.com\/fr\/wp-json\/wp\/v2\/users\/2"}],"replies":[{"embeddable":true,"href":"https:\/\/www.europesays.com\/fr\/wp-json\/wp\/v2\/comments?post=306420"}],"version-history":[{"count":0,"href":"https:\/\/www.europesays.com\/fr\/wp-json\/wp\/v2\/posts\/306420\/revisions"}],"wp:featuredmedia":[{"embeddable":true,"href":"https:\/\/www.europesays.com\/fr\/wp-json\/wp\/v2\/media\/306421"}],"wp:attachment":[{"href":"https:\/\/www.europesays.com\/fr\/wp-json\/wp\/v2\/media?parent=306420"}],"wp:term":[{"taxonomy":"category","embeddable":true,"href":"https:\/\/www.europesays.com\/fr\/wp-json\/wp\/v2\/categories?post=306420"},{"taxonomy":"post_tag","embeddable":true,"href":"https:\/\/www.europesays.com\/fr\/wp-json\/wp\/v2\/tags?post=306420"}],"curies":[{"name":"wp","href":"https:\/\/api.w.org\/{rel}","templated":true}]}}