{"id":306424,"date":"2025-08-09T02:53:10","date_gmt":"2025-08-09T02:53:10","guid":{"rendered":"https:\/\/www.europesays.com\/fr\/306424\/"},"modified":"2025-08-09T02:53:10","modified_gmt":"2025-08-09T02:53:10","slug":"les-e-u-decident-finalement-daugmenter-les-droits-de-douane-sur-le-bois-doeuvre","status":"publish","type":"post","link":"https:\/\/www.europesays.com\/fr\/306424\/","title":{"rendered":"Les \u00c9.-U. d\u00e9cident finalement d&rsquo;augmenter les droits de douane sur le bois d&rsquo;\u0153uvre"},"content":{"rendered":"<p>Le d\u00e9partement du Commerce des \u00c9tats-Unis a annonc\u00e9 sa d\u00e9cision sans appel de plus que doubler les droits compensateurs sur les importations de bois d\u2019\u0153uvre r\u00e9sineux canadien. Cette d\u00e9cision, selon des groupes d\u2019entreprises de la Colombie-Britannique, portera pr\u00e9judice aux collectivit\u00e9s des deux c\u00f4t\u00e9s de la fronti\u00e8re.<\/p>\n<p>Un communiqu\u00e9 du d\u00e9partement am\u00e9ricain indique que les droits pour la plupart des entreprises canadiennes passent de 6,74\u00a0% \u00e0 14,63\u00a0%, apr\u00e8s avoir d\u00e9termin\u00e9 que le bois d\u2019\u0153uvre r\u00e9sineux canadien \u00e9tait injustement subventionn\u00e9.<\/p>\n<p>Cette augmentation s\u2019ajoute \u00e0 une r\u00e9cente hausse des droits antidumping, qui sont pass\u00e9s \u00e0 20,56\u00a0%, ce qui porte le niveau total des droits sur le bois d\u2019\u0153uvre r\u00e9sineux canadien \u00e0 35,19\u00a0%.<\/p>\n<p>Le d\u00e9partement indique qu\u2019il demandera maintenant au Service des douanes et de la protection des fronti\u00e8res des \u00c9tats-Unis de commencer \u00e0 percevoir les sommes dues.<\/p>\n<p>Kurt Niquidet, pr\u00e9sident du BC Lumber Trade Council (BCLTC), a indiqu\u00e9 dans un communiqu\u00e9 que cette d\u00e9cision exerce une pression inutile sur les r\u00e9gions canadiennes d\u00e9pendantes de la foresterie, tout en faisant grimper les co\u00fbts de construction pour les constructeurs am\u00e9ricains. <\/p>\n<p>Le Conseil affirme que les gouvernements canadien et am\u00e9ricain doivent faire de la r\u00e9solution du conflit de longue date sur le bois d\u2019\u0153uvre r\u00e9sineux une priorit\u00e9 \u00e9conomique absolue.<\/p>\n<p>\u00abEn l\u2019absence d\u2019un r\u00e8glement n\u00e9goci\u00e9, le BCLTC continuera de collaborer \u00e9troitement avec le gouvernement du Canada et ses partenaires de l\u2019industrie pour d\u00e9fendre les int\u00e9r\u00eats canadiens par tous les moyens juridiques disponibles, y compris les proc\u00e9dures en vertu de l\u2019Accord \u00c9tats-Unis-Mexique-Canada\u00bb, peut-on lire dans la d\u00e9claration.<\/p>\n<p>Le Conseil des industries foresti\u00e8res de la Colombie-Britannique a affirm\u00e9 que le gouvernement provincial doit prendre des mesures, notamment en simplifiant les processus d\u2019autorisation, en activant les ventes de bois d\u2019\u0153uvre provinciales et en supprimant les goulots d\u2019\u00e9tranglement interminist\u00e9riels.<\/p>\n<p>\u00abAvec les bons outils politiques, la Colombie-Britannique peut envoyer un message fort: elle est d\u00e9termin\u00e9e \u00e0 cr\u00e9er un climat propice aux investissements des fabricants de produits forestiers primaires et secondaires, garantissant ainsi un approvisionnement stable en produits du bois pour la Colombie-Britannique, le Canada et au-del\u00e0\u00bb, a d\u00e9clar\u00e9 la pr\u00e9sidente Kim Haakstad dans un communiqu\u00e9.<\/p>\n<p>Le premier ministre Mark Carney \u00e9tait en Colombie-Britannique cette semaine, promettant 700\u00a0millions\u00a0$ en garanties de pr\u00eats pour l\u2019industrie et 500\u00a0millions\u00a0$ en soutiens \u00e0 long terme pour aider les entreprises \u00e0 diversifier leurs march\u00e9s d\u2019exportation et \u00e0 d\u00e9velopper leurs produits.<\/p>\n","protected":false},"excerpt":{"rendered":"Le d\u00e9partement du Commerce des \u00c9tats-Unis a annonc\u00e9 sa d\u00e9cision sans appel de plus que doubler les droits&hellip;\n","protected":false},"author":2,"featured_media":306425,"comment_status":"","ping_status":"","sticky":false,"template":"","format":"standard","meta":{"footnotes":""},"categories":[1589],"tags":[11,73,1866,4574,4575,41555,12,1864,1865,1863,308],"class_list":{"0":"post-306424","1":"post","2":"type-post","3":"status-publish","4":"format-standard","5":"has-post-thumbnail","7":"category-etats-unis","8":"tag-actualites","9":"tag-etats-unis","10":"tag-etats-unis-damerique","11":"tag-https-lactualite-com-sujet-affaires","12":"tag-https-lactualite-com-sujet-economie","13":"tag-https-lactualite-com-sujet-foresterie","14":"tag-news","15":"tag-united-states","16":"tag-united-states-of-america","17":"tag-us","18":"tag-usa"},"share_on_mastodon":{"url":"https:\/\/pubeurope.com\/@fr\/114996550250431419","error":""},"_links":{"self":[{"href":"https:\/\/www.europesays.com\/fr\/wp-json\/wp\/v2\/posts\/306424","targetHints":{"allow":["GET"]}}],"collection":[{"href":"https:\/\/www.europesays.com\/fr\/wp-json\/wp\/v2\/posts"}],"about":[{"href":"https:\/\/www.europesays.com\/fr\/wp-json\/wp\/v2\/types\/post"}],"author":[{"embeddable":true,"href":"https:\/\/www.europesays.com\/fr\/wp-json\/wp\/v2\/users\/2"}],"replies":[{"embeddable":true,"href":"https:\/\/www.europesays.com\/fr\/wp-json\/wp\/v2\/comments?post=306424"}],"version-history":[{"count":0,"href":"https:\/\/www.europesays.com\/fr\/wp-json\/wp\/v2\/posts\/306424\/revisions"}],"wp:featuredmedia":[{"embeddable":true,"href":"https:\/\/www.europesays.com\/fr\/wp-json\/wp\/v2\/media\/306425"}],"wp:attachment":[{"href":"https:\/\/www.europesays.com\/fr\/wp-json\/wp\/v2\/media?parent=306424"}],"wp:term":[{"taxonomy":"category","embeddable":true,"href":"https:\/\/www.europesays.com\/fr\/wp-json\/wp\/v2\/categories?post=306424"},{"taxonomy":"post_tag","embeddable":true,"href":"https:\/\/www.europesays.com\/fr\/wp-json\/wp\/v2\/tags?post=306424"}],"curies":[{"name":"wp","href":"https:\/\/api.w.org\/{rel}","templated":true}]}}