{"id":306428,"date":"2025-08-09T02:55:10","date_gmt":"2025-08-09T02:55:10","guid":{"rendered":"https:\/\/www.europesays.com\/fr\/306428\/"},"modified":"2025-08-09T02:55:10","modified_gmt":"2025-08-09T02:55:10","slug":"quand-lecole-devient-un-instrument-dendoctrinement-ideologique","status":"publish","type":"post","link":"https:\/\/www.europesays.com\/fr\/306428\/","title":{"rendered":"quand l\u2019\u00e9cole devient un instrument d\u2019endoctrinement id\u00e9ologique"},"content":{"rendered":"<p>Autrefois mod\u00e8le de rigueur intellectuelle,\u00a0<strong>l\u2019\u00e9cole allemande post-Seconde Guerre mondiale<\/strong>\u00a0est aujourd\u2019hui en proie \u00e0 une transformation radicale. L\u2019apprentissage des savoirs fondamentaux laisse progressivement place \u00e0 une\u00a0<strong>\u00e9ducation \u00e9motionnelle, militante et id\u00e9ologis\u00e9e<\/strong>, qui rel\u00e8gue la pens\u00e9e critique et la transmission des connaissances au second plan.<\/p>\n<p>De plus en plus de parents allemands s\u2019inqui\u00e8tent de cette d\u00e9rive, m\u00eame si les protestations ouvertes restent rares. Leur r\u00e9ponse ? Un exode discret mais massif vers\u00a0<strong>l\u2019enseignement priv\u00e9<\/strong>, per\u00e7u d\u00e9sormais comme une\u00a0<strong>alternative plus fiable<\/strong>. Aujourd\u2019hui,\u00a0<strong>12 % des \u00e9tablissements scolaires en Allemagne sont priv\u00e9s<\/strong>, malgr\u00e9 des frais \u00e9lev\u00e9s et des listes d\u2019attente. Autrefois consid\u00e9r\u00e9es comme des \u00e9coles de second choix, ces structures accueillent aujourd\u2019hui des familles de toutes classes sociales cherchant \u00e0 \u00e9chapper \u00e0 un syst\u00e8me public gangren\u00e9.<\/p>\n<p>Des performances en chute libre<\/p>\n<p>Le d\u00e9saveu croissant des \u00e9coles publiques co\u00efncide avec\u00a0<strong>une baisse alarmante du niveau des \u00e9l\u00e8ves<\/strong>. Un tiers des enfants allemands ne ma\u00eetrisent plus les comp\u00e9tences de base en lecture ou en math\u00e9matiques, selon les derni\u00e8res \u00e9valuations nationales. Pourtant, la confiance dans les responsables politiques pour enrayer cette d\u00e9gradation est au plus bas.<\/p>\n<p>Les difficult\u00e9s du syst\u00e8me \u00e9ducatif sont souvent attribu\u00e9es aux\u00a0<strong>probl\u00e8mes d\u2019int\u00e9gration linguistique<\/strong>, li\u00e9s \u00e0\u00a0<strong>l\u2019explosion du nombre d\u2019\u00e9l\u00e8ves issus de l\u2019immigration<\/strong>\u00a0(plus de 40 % selon une \u00e9tude de 2024). Mais\u00a0<strong>toute remise en cause du dogme multiculturaliste reste taboue<\/strong>, car elle impliquerait de reconna\u00eetre les \u00e9checs d\u2019une politique migratoire non ma\u00eetris\u00e9e.<\/p>\n<p>L\u2019\u00e9cole, terrain d\u2019ing\u00e9nierie sociale<\/p>\n<p>Depuis la crise migratoire de 2015,\u00a0<strong>les \u00e9coles sont devenues le laboratoire d\u2019un nouveau mod\u00e8le \u00e9ducatif<\/strong>. Fini l\u2019apprentissage structur\u00e9 des savoirs : place \u00e0 la\u00a0<strong>d\u00e9construction culturelle, \u00e0 l\u2019\u00e9ducation \u00e0 la \u201cdiversit\u00e9\u201d et au rejet des valeurs traditionnelles allemandes<\/strong>. Une \u00e9tude command\u00e9e \u00e0 l\u2019\u00e9poque par le Commissariat \u00e0 la migration d\u00e9non\u00e7ait par exemple des manuels jug\u00e9s trop \u00ab germano-centr\u00e9s \u00bb et appelait \u00e0 une\u00a0<strong>langue plus \u201cinclusive\u201d<\/strong>.<\/p>\n<p>Dans ce contexte,\u00a0<strong>le concept m\u00eame d\u2019assimilation est devenu un gros mot<\/strong>. Pire encore,\u00a0<strong>les \u00e9l\u00e8ves allemands sont encourag\u00e9s \u00e0 voir leur propre culture comme oppressive<\/strong>, tandis que les \u00ab causes \u00bb \u00e0 la mode deviennent des totems incontestables.<\/p>\n<p>Les \u00e9tablissements affichent d\u00e9sormais massivement le label\u00a0<strong>\u00ab \u00c9coles sans racisme \u00bb<\/strong>, attribu\u00e9 si 70 % de la communaut\u00e9 scolaire signe une charte contre toute forme de discrimination et organise r\u00e9guli\u00e8rement des journ\u00e9es th\u00e9matiques impos\u00e9es.\u00a0<strong>Un label obligatoire pour montrer patte blanche id\u00e9ologique, qui renforce un climat de soup\u00e7on g\u00e9n\u00e9ralis\u00e9.<\/strong><\/p>\n<p>La manipulation des jeunes esprits se retrouve jusque dans\u00a0<strong>les manuels scolaires<\/strong>, notamment dans l\u2019enseignement du climat. <a href=\"https:\/\/europeanconservative.com\/articles\/commentary\/german-education-from-learning-to-indoctrination\/\" rel=\"nofollow noopener\" target=\"_blank\">Une enqu\u00eate du m\u00e9dia\u00a0Die Welt rapport\u00e9e ici<\/a> r\u00e9v\u00e8le que plusieurs ouvrages d\u00e9forment les donn\u00e9es scientifiques pour provoquer <strong>la peur du r\u00e9chauffement climatique<\/strong>. Certains \u00e9tablissements utilisent m\u00eame une application de r\u00e9alit\u00e9 augment\u00e9e d\u00e9velopp\u00e9e par la t\u00e9l\u00e9vision publique WDR, qui simule incendies et inondations pour frapper les \u00e9l\u00e8ves visuellement.<\/p>\n<p>Dans un manuel de g\u00e9ographie tr\u00e8s r\u00e9pandu (Seydlitz Geographie 2),\u00a0<strong>des graphiques exag\u00e8rent volontairement l\u2019\u00e9volution des temp\u00e9ratures sur 12 000 ans<\/strong>. L\u2019objectif : forger des croyants, pas des esprits critiques.<\/p>\n<p>Le matraquage id\u00e9ologique ne s\u2019arr\u00eate pas l\u00e0. Le manuel d\u2019anglais\u00a0Focus on Success\u00a0(\u00e9dition 2023, \u00e9d. Cornelsen), destin\u00e9 aux lyc\u00e9ens,\u00a0<strong>impose l\u2019id\u00e9ologie jusque dans les exercices de grammaire<\/strong>. Les \u00e9l\u00e8ves y apprennent les temps grammaticaux \u00e0 travers des textes sur le r\u00e9chauffement climatique, les bienfaits de l\u2019Union europ\u00e9enne, le Brexit pr\u00e9sent\u00e9 comme n\u00e9faste, ou encore la diversit\u00e9 sexuelle et familiale.<\/p>\n<p>Exemple \u00e9difiant : un exercice demande \u00e0 l\u2019\u00e9l\u00e8ve de commenter une publication fictive du type : \u00ab J\u2019ai d\u00e9couvert r\u00e9cemment que ma m\u00e8re (qui est transgenre) est en r\u00e9alit\u00e9 mon p\u00e8re. \u00bb<\/p>\n<p>Un autre propose d\u2019\u00e9crire un blog sur l\u2019arriv\u00e9e de dix familles r\u00e9fugi\u00e9es dans un petit village, en exprimant ses\u00a0<strong>\u201cressentis\u201d<\/strong>. <strong>La connaissance dispara\u00eet derri\u00e8re les \u00e9motions.<\/strong><\/p>\n<p>La peur de parler\u2026 mais des r\u00e9sistances \u00e9mergent<\/p>\n<p>Face \u00e0 cette machine id\u00e9ologique,\u00a0<strong>de nombreux parents se sentent pi\u00e9g\u00e9s<\/strong>. Critiquer le programme, c\u2019est prendre le risque d\u2019\u00eatre \u00e9tiquet\u00e9 comme \u00ab extr\u00e9miste \u00bb, au d\u00e9triment de la scolarit\u00e9 de son enfant.\u00a0<strong>Ce climat d\u2019intimidation engendre une autocensure g\u00e9n\u00e9ralis\u00e9e<\/strong>, que les autorit\u00e9s exploitent.<\/p>\n<p>Mais\u00a0<strong>des r\u00e9sistances ont d\u00e9j\u00e0 port\u00e9 leurs fruits<\/strong>. En 2014, dans le Land de Bade-Wurtemberg, une p\u00e9tition contre un programme d\u2019\u00e9ducation sexuelle jug\u00e9 extr\u00eame et inadapt\u00e9 aux enfants a r\u00e9uni plus de\u00a0<strong>200 000 signatures<\/strong>, for\u00e7ant le gouvernement r\u00e9gional \u00e0 revoir sa copie.<\/p>\n<p>Plus r\u00e9cemment, \u00e0 Berlin,\u00a0<strong>des parents ont obtenu gain de cause contre une sortie scolaire obligatoire dans une mosqu\u00e9e<\/strong>\u00a0pendant le ramadan. La s\u00e9nature de la ville a finalement soutenu leur demande, rappelant le devoir de neutralit\u00e9 des \u00e9coles \u2013 contrairement \u00e0 2019, o\u00f9 des parents avaient \u00e9t\u00e9 condamn\u00e9s \u00e0 une amende pour avoir refus\u00e9 une visite similaire.<\/p>\n<p>L\u2019\u00e9cole allemande traverse une\u00a0<strong>crise de civilisation<\/strong>. Loin d\u2019\u00eatre neutre, elle est devenue un\u00a0<strong>vecteur de conformisme politique<\/strong>, o\u00f9 l\u2019on apprend \u00e0 penser \u00ab correctement \u00bb plut\u00f4t qu\u2019\u00e0 penser tout court. Ce basculement n\u2019est pas anodin : il vise \u00e0\u00a0<strong>formater d\u00e8s le plus jeune \u00e2ge une g\u00e9n\u00e9ration align\u00e9e sur les dogmes progressistes dominants<\/strong>.<\/p>\n<p>Face \u00e0 cela, la r\u00e9sistance est possible. Mais elle n\u00e9cessite\u00a0<strong>du courage, de l\u2019organisation, et un refus ferme de c\u00e9der \u00e0 la peur<\/strong>. Car comme le montrent les exemples de Baden-W\u00fcrttemberg et de Berlin, seule\u00a0<strong>une mobilisation d\u00e9termin\u00e9e des familles<\/strong>\u00a0pourra ramener l\u2019\u00e9cole \u00e0 sa mission premi\u00e8re :\u00a0<strong>\u00e9duquer, et non conditionner<\/strong>.<\/p>\n<p>Cr\u00e9dit photo : DR (photo d\u2019illustration)<br \/>[cc] Breizh-info.com, 2025, d\u00e9p\u00eaches libres de copie et de diffusion sous r\u00e9serve de mention et de lien vers la source d\u2019origine<\/p>\n","protected":false},"excerpt":{"rendered":"Autrefois mod\u00e8le de rigueur intellectuelle,\u00a0l\u2019\u00e9cole allemande post-Seconde Guerre mondiale\u00a0est aujourd\u2019hui en proie \u00e0 une transformation radicale. L\u2019apprentissage des&hellip;\n","protected":false},"author":2,"featured_media":306429,"comment_status":"","ping_status":"","sticky":false,"template":"","format":"standard","meta":{"footnotes":""},"categories":[1587],"tags":[11,672,1804,1805,1803,1122,1777,674,1801,12,1802],"class_list":{"0":"post-306428","1":"post","2":"type-post","3":"status-publish","4":"format-standard","5":"has-post-thumbnail","7":"category-allemagne","8":"tag-actualites","9":"tag-allemagne","10":"tag-bundesrepublik-deutschland","11":"tag-de","12":"tag-deutschland","13":"tag-ecole","14":"tag-eu","15":"tag-europe","16":"tag-germany","17":"tag-news","18":"tag-republique-federale-dallemagne"},"share_on_mastodon":{"url":"https:\/\/pubeurope.com\/@fr\/114996558077058563","error":""},"_links":{"self":[{"href":"https:\/\/www.europesays.com\/fr\/wp-json\/wp\/v2\/posts\/306428","targetHints":{"allow":["GET"]}}],"collection":[{"href":"https:\/\/www.europesays.com\/fr\/wp-json\/wp\/v2\/posts"}],"about":[{"href":"https:\/\/www.europesays.com\/fr\/wp-json\/wp\/v2\/types\/post"}],"author":[{"embeddable":true,"href":"https:\/\/www.europesays.com\/fr\/wp-json\/wp\/v2\/users\/2"}],"replies":[{"embeddable":true,"href":"https:\/\/www.europesays.com\/fr\/wp-json\/wp\/v2\/comments?post=306428"}],"version-history":[{"count":0,"href":"https:\/\/www.europesays.com\/fr\/wp-json\/wp\/v2\/posts\/306428\/revisions"}],"wp:featuredmedia":[{"embeddable":true,"href":"https:\/\/www.europesays.com\/fr\/wp-json\/wp\/v2\/media\/306429"}],"wp:attachment":[{"href":"https:\/\/www.europesays.com\/fr\/wp-json\/wp\/v2\/media?parent=306428"}],"wp:term":[{"taxonomy":"category","embeddable":true,"href":"https:\/\/www.europesays.com\/fr\/wp-json\/wp\/v2\/categories?post=306428"},{"taxonomy":"post_tag","embeddable":true,"href":"https:\/\/www.europesays.com\/fr\/wp-json\/wp\/v2\/tags?post=306428"}],"curies":[{"name":"wp","href":"https:\/\/api.w.org\/{rel}","templated":true}]}}