{"id":306430,"date":"2025-08-09T02:56:13","date_gmt":"2025-08-09T02:56:13","guid":{"rendered":"https:\/\/www.europesays.com\/fr\/306430\/"},"modified":"2025-08-09T02:56:13","modified_gmt":"2025-08-09T02:56:13","slug":"zurich-6-mai-1995-ils-revaient-deurope","status":"publish","type":"post","link":"https:\/\/www.europesays.com\/fr\/306430\/","title":{"rendered":"Zurich, 6\u00a0mai 1995: ils r\u00eavaient d\u2019Europe"},"content":{"rendered":"<p>Parmi les milliers de tirages photographiques du journal Le Temps conserv\u00e9s \u00e0 la Biblioth\u00e8que de Gen\u00e8ve, la rubrique Iconographie a port\u00e9 son regard sur les clich\u00e9s t\u00e9moignant de manifestations en Suisse romande. R\u00e9trospective subjective sur cinq revendications, toutes d\u00e9fendues dans la rue et par la rue.<\/p>\n<p>Le 6\u00a0mai 1995, la ville de Zurich s\u2019habille de bleu et d\u2019\u00e9toiles. A l\u2019occasion de la Journ\u00e9e de l\u2019Europe, plusieurs milliers de jeunes militants venus de tout le pays d\u00e9filent derri\u00e8re des banderoles appelant \u00e0 l\u2019ouverture europ\u00e9enne. Parmi eux, les activistes du mouvement \u00abN\u00e9 un 7\u00a0d\u00e9cembre 1992\u00bb \u2013 date du rejet du r\u00e9f\u00e9rendum sur l\u2019adh\u00e9sion de la Suisse \u00e0 l\u2019Espace \u00e9conomique europ\u00e9en. Ils appellent \u00e0 l\u2019ouverture de n\u00e9gociations pour l\u2019adh\u00e9sion de la Suisse \u00e0 l\u2019UE avec l\u2019initiative populaire \u00abPour notre avenir au c\u0153ur de l\u2019Europe\u00bb, qui se transformera l\u2019ann\u00e9e suivante en l\u2019initiative \u00abOui \u00e0 l\u2019Europe!\u00bb. A leurs c\u00f4t\u00e9s, la photographe Monique Jacot saisit, en noir et blanc, les visages, les gestes, l\u2019\u00e9lan. Son reportage para\u00eetra dans Le Nouveau Quotidien, t\u00e9moin d\u2019un moment rare o\u00f9 l\u2019engagement politique juv\u00e9nile occupe la rue et revendique l\u2019avenir.<\/p>\n<p>Cette mobilisation des jeunes gagne en exp\u00e9rience et organisera plusieurs op\u00e9rations d\u2019envergure durant cette ann\u00e9e marqu\u00e9e par les \u00e9lections f\u00e9d\u00e9rales. En pleine campagne, l\u2019UDC isolationniste Christoph Blocher entend monopoliser le d\u00e9bat autour de la question europ\u00e9enne. Le parti annonce \u00e0 grand fracas la tenue d\u2019un grand d\u00e9fil\u00e9 patriotique anti-UE, le 23\u00a0septembre \u00e0 Zurich. En r\u00e9action \u00e0 cette provocation, le mouvement pro-europ\u00e9en parvient \u00e0 rassembler les soutiens n\u00e9cessaires pour organiser deux contre-manifestations d\u2019ampleur. La premi\u00e8re aura lieu \u00e0 Zurich le m\u00eame jour que celle de l\u2019UDC et rassemblera 10\u00a0000 participants. La deuxi\u00e8me se d\u00e9roulera \u00e0 Bienne la semaine suivante, avec des personnalit\u00e9s politiques d\u2019envergure \u00e0 la tribune, comme la conseill\u00e8re f\u00e9d\u00e9rale Ruth Dreifuss. Celle-ci adressera ces mots aux militants du mouvement: \u00abVous \u00eates n\u00e9s le 7\u00a0d\u00e9cembre, mais ce jour-l\u00e0 vous \u00eates surtout n\u00e9s \u00e0 la politique. C\u2019est nous qui devons marcher vers l\u2019Europe, et elle nous attend.\u00bb<\/p>\n","protected":false},"excerpt":{"rendered":"Parmi les milliers de tirages photographiques du journal Le Temps conserv\u00e9s \u00e0 la Biblioth\u00e8que de Gen\u00e8ve, la rubrique&hellip;\n","protected":false},"author":2,"featured_media":306431,"comment_status":"","ping_status":"","sticky":false,"template":"","format":"standard","meta":{"footnotes":""},"categories":[1586],"tags":[11,1777,674,1011,27,937,12,1756,301,25,2582],"class_list":{"0":"post-306430","1":"post","2":"type-post","3":"status-publish","4":"format-standard","5":"has-post-thumbnail","7":"category-europe","8":"tag-actualites","9":"tag-eu","10":"tag-europe","11":"tag-fr","12":"tag-france","13":"tag-histoire","14":"tag-news","15":"tag-photographie","16":"tag-premium","17":"tag-republique-francaise","18":"tag-suisse-ue"},"share_on_mastodon":{"url":"https:\/\/pubeurope.com\/@fr\/114996562599584315","error":""},"_links":{"self":[{"href":"https:\/\/www.europesays.com\/fr\/wp-json\/wp\/v2\/posts\/306430","targetHints":{"allow":["GET"]}}],"collection":[{"href":"https:\/\/www.europesays.com\/fr\/wp-json\/wp\/v2\/posts"}],"about":[{"href":"https:\/\/www.europesays.com\/fr\/wp-json\/wp\/v2\/types\/post"}],"author":[{"embeddable":true,"href":"https:\/\/www.europesays.com\/fr\/wp-json\/wp\/v2\/users\/2"}],"replies":[{"embeddable":true,"href":"https:\/\/www.europesays.com\/fr\/wp-json\/wp\/v2\/comments?post=306430"}],"version-history":[{"count":0,"href":"https:\/\/www.europesays.com\/fr\/wp-json\/wp\/v2\/posts\/306430\/revisions"}],"wp:featuredmedia":[{"embeddable":true,"href":"https:\/\/www.europesays.com\/fr\/wp-json\/wp\/v2\/media\/306431"}],"wp:attachment":[{"href":"https:\/\/www.europesays.com\/fr\/wp-json\/wp\/v2\/media?parent=306430"}],"wp:term":[{"taxonomy":"category","embeddable":true,"href":"https:\/\/www.europesays.com\/fr\/wp-json\/wp\/v2\/categories?post=306430"},{"taxonomy":"post_tag","embeddable":true,"href":"https:\/\/www.europesays.com\/fr\/wp-json\/wp\/v2\/tags?post=306430"}],"curies":[{"name":"wp","href":"https:\/\/api.w.org\/{rel}","templated":true}]}}