{"id":306432,"date":"2025-08-09T02:57:16","date_gmt":"2025-08-09T02:57:16","guid":{"rendered":"https:\/\/www.europesays.com\/fr\/306432\/"},"modified":"2025-08-09T02:57:16","modified_gmt":"2025-08-09T02:57:16","slug":"accord-transatlantique-bruxelles-et-washington-en-desaccord-sur-le-fond-unis-sur-la-chine","status":"publish","type":"post","link":"https:\/\/www.europesays.com\/fr\/306432\/","title":{"rendered":"Accord transatlantique : Bruxelles et Washington en d\u00e9saccord sur le fond, unis sur la Chine"},"content":{"rendered":"<p data-start=\"1110\" data-end=\"1430\"><strong data-start=\"1110\" data-end=\"1430\">Depuis l\u2019annonce en grande pompe du \u201cplus grand accord commercial jamais conclu\u201d le mois dernier, l\u2019Union europ\u00e9enne et les \u00c9tats-Unis s\u2019opposent r\u00e9guli\u00e8rement sur ce qui a r\u00e9ellement \u00e9t\u00e9 d\u00e9cid\u00e9. Mais sur la s\u00e9curit\u00e9 \u00e9conomique, un terrain d\u2019entente semble \u00e9merger, avec la Chine clairement dans leur ligne de mire.\u00a0<\/strong><\/p>\n<p>Malgr\u00e9 des versions <a href=\"https:\/\/www.euractiv.fr\/section\/economy-jobs\/news\/why-the-eu-us-is-deal-hasnt-really-been-agreed\/\" target=\"_blank\" rel=\"noopener nofollow\">contradictoires<\/a> de l\u2019accord, les deux parties se sont engag\u00e9es \u00e0 \u00ab renforcer la r\u00e9silience des cha\u00eenes d\u2019approvisionnement \u00bb, \u00e0 \u00ab lutter contre les politiques non conformes aux r\u00e8gles du march\u00e9 \u00bb et \u00e0 \u00ab coop\u00e9rer \u00bb en mati\u00e8re de contr\u00f4le des investissements et des exportations.<\/p>\n<p>Il s\u2019agit clairement d\u2019une r\u00e9f\u00e9rence \u00e0 la n\u00e9cessit\u00e9 de r\u00e9duire la d\u00e9pendance vis-\u00e0-vis de la Chine pour les produits strat\u00e9giques et de prot\u00e9ger les industries occidentales face \u00e0 une concurrence chinoise de plus en plus agressive.<\/p>\n<p data-start=\"1440\" data-end=\"1638\">La s\u00e9curit\u00e9 \u00e9conomique a d\u2019ailleurs \u00e9t\u00e9 \u00ab l\u2019une des questions les plus faciles \u00bb\u00a0abord\u00e9es lors des r\u00e9centes discussions entre l\u2019UE et les \u00c9tats-Unis, selon un haut fonctionnaire de la Commission europ\u00e9enne.<\/p>\n<p>\u00ab Tous les outils et instruments de s\u00e9curit\u00e9 \u00e9conomique dont nous disposons permettent d\u2019avoir une bonne conversation \u00bb, a d\u00e9clar\u00e9 ce fonctionnaire, pr\u00e9cisant que d\u2019autres discussions sont pr\u00e9vues.<\/p>\n<p>L\u2019emploi d\u2019un langage quasi identique par l\u2019UE, qui s\u2019est officiellement engag\u00e9e \u00e0 \u00ab <a href=\"https:\/\/www.euractiv.com\/section\/defence\/news\/von-der-leyen-wants-de-risking-not-de-coupling-in-new-china-doctrine\/\" target=\"_blank\" rel=\"noopener nofollow\">r\u00e9duire les risques mais pas op\u00e9rer un d\u00e9couplage<\/a> \u00bb vis-\u00e0-vis de la Chine, sugg\u00e8re un rapprochement avec la position plus ferme des \u00c9tats-Unis, selon les analystes.<\/p>\n<p>\u00ab C\u2019est simplement le signe d\u00e9finitif que l\u2019UE se range du c\u00f4t\u00e9 des \u00c9tats-Unis sur la question chinoise \u00bb, estime Varg Folkman, analyste au European Policy Centre \u00e0 Bruxelles. \u00ab Je pense vraiment que c\u2019est ainsi que les Chinois vont le percevoir \u2013 ils seraient stupides de ne pas le faire. \u00bb<\/p>\n<p data-start=\"2375\" data-end=\"2560\">P\u00e9kin, qui avait vivement r\u00e9agi aux r\u00e9cents accords commerciaux conclus par les \u00c9tats-Unis avec le <a href=\"https:\/\/www.ft.com\/content\/52f7be1c-e708-4b01-b486-7f189a52c842\" target=\"_blank\" rel=\"noopener nofollow\">Royaume-Uni<\/a> et le <a href=\"https:\/\/www.ft.com\/content\/2bccd9db-bc8f-4563-a5da-7ca1fe7e9596\" target=\"_blank\" rel=\"noopener nofollow\">Vietnam<\/a>, a adopt\u00e9 un ton l\u00e9g\u00e8rement plus mesur\u00e9 vis-\u00e0-vis du pacte UE\u2013\u00c9tats-Unis.<\/p>\n<p>\u00ab Nous nous opposons fermement \u00e0 toute initiative visant \u00e0 conclure un accord au d\u00e9triment des int\u00e9r\u00eats de la Chine \u00bb, d\u00e9clar\u00e9 <a href=\"https:\/\/www.fmprc.gov.cn\/mfa_eng\/xw\/fyrbt\/202507\/t20250728_11678340.html\" target=\"_blank\" rel=\"noopener nofollow\">Guo Jiakun<\/a>, porte-parole du minist\u00e8re chinois des Affaires \u00e9trang\u00e8res, le lendemain de <a href=\"https:\/\/www.euractiv.fr\/section\/economy-jobs\/news\/ursula-von-der-leyen-scelle-un-accord-avec-donald-trump-pour-eviter-des-droits-de-douane-de-30-sur-lue\/\" target=\"_blank\" rel=\"noopener nofollow\">l\u2019annonce<\/a> de l\u2019accord.<\/p>\n<p>Peu de d\u00e9tails, beaucoup d\u2019ambigu\u00eft\u00e9<\/p>\n<p>Malgr\u00e9 ces engagements g\u00e9n\u00e9raux, Bruxelles reste floue sur la mani\u00e8re dont l\u2019UE et les \u00c9tats-Unis comptent s\u2019attaquer conjointement aux \u00ab surcapacit\u00e9s \u00bb industrielles chinoises, ou encore \u00e0 l\u2019emprise de P\u00e9kin sur l\u2019approvisionnement mondial en min\u00e9raux critiques, essentiels pour les voitures, les smartphones et d\u2019autres technologies de pointe.<\/p>\n<p style=\"text-align: left\">\u00ab Il me semble que toutes les informations concernant l\u2019accord entre l\u2019UE et les \u00c9tats-Unis n\u2019ont pas \u00e9t\u00e9 divulgu\u00e9es, en particulier en ce qui concerne la s\u00e9curit\u00e9 \u00e9conomique \u00bb, a d\u00e9clar\u00e9 Alicia Garc\u00eda Herrero, chercheuse senior au groupe de r\u00e9flexion Bruegel. \u00ab Il nous manque une grande partie du tableau. \u00bb<\/p>\n<p>Le haut fonctionnaire de la Commission a d\u00e9clar\u00e9 qu\u2019une d\u00e9claration commune UE-\u00c9tats-Unis sur l\u2019accord, qui est \u00ab pr\u00eate \u00e0 90-95 % \u00bb, ne fournira pas de d\u00e9tails sp\u00e9cifiques sur la coop\u00e9ration en mati\u00e8re de s\u00e9curit\u00e9 \u00e9conomique, mais contiendra plut\u00f4t \u00ab un langage assez g\u00e9n\u00e9ral \u00bb que Bruxelles \u00ab d\u00e9veloppera au fur et \u00e0 mesure \u00bb.<\/p>\n<p>Alicia Garc\u00eda Herrero a d\u00e9clar\u00e9 que ce flou \u00e9tait probablement intentionnel, car la Chine est non seulement la deuxi\u00e8me \u00e9conomie mondiale, mais aussi le deuxi\u00e8me partenaire commercial de l\u2019UE.<\/p>\n<p>Le Japon, qui a conclu un accord similaire avec Washington le mois dernier, s\u2019est \u00e9galement abstenu de donner des d\u00e9tails sur la mani\u00e8re dont il pr\u00e9voit de coop\u00e9rer avec les \u00c9tats-Unis dans le cadre de leur politique \u00e0 l\u2019\u00e9gard de la Chine, a-t-elle soulign\u00e9.<\/p>\n<p>\u00ab Les Japonais n\u2019ont pas couch\u00e9 sur papier leurs d\u00e9saccords et ce qu\u2019ils comptent faire, car c\u2019est trop risqu\u00e9 \u00bb, a d\u00e9clar\u00e9 Alicia Garc\u00eda Herrero. \u00ab Pour l\u2019Europe, cela soul\u00e8verait \u00e9galement des questions : \u00ab\u00a0Sommes-nous en train d\u2019encercler la Chine ?\u00a0\u00bb Cela n\u2019a donc aucun int\u00e9r\u00eat. \u00bb<\/p>\n<p>Changement de ton<\/p>\n<p data-start=\"4449\" data-end=\"4763\">L\u2019accord s\u2019inscrit dans un contexte de relations UE\u2013Chine d\u00e9j\u00e0 d\u00e9t\u00e9rior\u00e9es, sur fond de pr\u00e9occupations li\u00e9es aux droits de l\u2019homme, au statut de Ta\u00efwan, et plus r\u00e9cemment aux restrictions sur les exportations de min\u00e9raux critiques impos\u00e9es par P\u00e9kin en r\u00e9ponse \u00e0 la taxe forfaitaire de 145 % impos\u00e9e par Trump.<\/p>\n<p data-start=\"4765\" data-end=\"4903\">Ces restrictions ont conduit \u00e0 des arr\u00eats temporaires de production en Europe, renfor\u00e7ant l\u2019inqui\u00e9tude des d\u00e9cideurs politiques europ\u00e9ens.<\/p>\n<p data-start=\"4905\" data-end=\"5159\">Le rapprochement strat\u00e9gique entre P\u00e9kin et Moscou a aggrav\u00e9 les tensions, alors que les capitales europ\u00e9ennes peinent \u00e0 maintenir leur soutien \u00e0 l\u2019Ukraine, dans un contexte de recul de l\u2019engagement am\u00e9ricain et d\u2019intensification des attaques russes.<\/p>\n<p data-start=\"4905\" data-end=\"5159\">Donald Trump, qui avait salu\u00e9 Vladimir Poutine et promis de mettre fin \u00e0 la guerre en Ukraine \u00ab <a href=\"https:\/\/www.washingtonpost.com\/politics\/2025\/05\/22\/trump-russia-ukraine-24-hours-fact-checker\/\" target=\"_blank\" rel=\"noopener nofollow\">en 24 heures<\/a> \u00bb, a r\u00e9cemment durci le ton,\u00a0mena\u00e7ant l\u2019Inde et la Chine de \u00ab droits de douane secondaires \u00bb pour avoir achet\u00e9 du p\u00e9trole russe.<\/p>\n<p data-start=\"5251\" data-end=\"5387\">Selon certains analystes, ce durcissement aurait \u00e9t\u00e9 obtenu par Bruxelles en guise de concession dans les n\u00e9gociations commerciales.<\/p>\n<p>\u00ab Sur la question de la s\u00e9curit\u00e9 \u00e9conomique de l\u2019Europe, les \u00c9tats-Unis ont, \u00e0 mon avis, \u00e9t\u00e9 pr\u00eats \u00e0 faire une concession : ils font pression sur l\u2019Inde et la Chine pour qu\u2019elles rompent leurs liens avec la Russie \u00bb, a d\u00e9clar\u00e9 Garc\u00eda Herrero.<\/p>\n<p>\u00ab Les \u00c9tats-Unis veulent encercler la Chine et la couper des cha\u00eenes d\u2019approvisionnement. L\u2019Europe dit : \u00ab\u00a0D\u2019accord, je suis avec vous\u00a0\u00bb, mais elle veut que les \u00c9tats-Unis se montrent plus fermes envers la Russie. \u00bb<\/p>\n<p>Une \u00ab fragilit\u00e9 g\u00e9n\u00e9rale \u00bb<\/p>\n<p>D\u2019autres encore s\u2019interrogent sur la solidit\u00e9 r\u00e9elle de l\u2019accord comme fondement d\u2019une coop\u00e9ration durable.<\/p>\n<p>\u00ab Compte tenu de la fragilit\u00e9 g\u00e9n\u00e9rale de l\u2019accord \u00bb, l\u2019engagement \u00e0 renforcer la coop\u00e9ration en mati\u00e8re de s\u00e9curit\u00e9 \u00e9conomique \u00ab semble constituer une base fragile pour une coop\u00e9ration transatlantique s\u00e9rieuse \u00bb, a d\u00e9clar\u00e9 Nils Redeker, directeur adjoint du Centre Jacques Delors.<\/p>\n<p>Nils Redeker a fait valoir que la politique de l\u2019UE \u00e0 l\u2019\u00e9gard de la Chine a \u00e9t\u00e9 affaiblie par des \u00ab divisions internes \u00bb qui ont \u00e9galement gravement entrav\u00e9 les n\u00e9gociations du bloc avec Washington.<\/p>\n<p>Il a soulign\u00e9 les divisions marqu\u00e9es entre les capitales de l\u2019UE concernant la <a href=\"https:\/\/www.euractiv.fr\/section\/economy-jobs\/news\/lue-adopte-de-nouveaux-droits-de-douane-sur-les-vehicules-electriques-chinois\/\" target=\"_blank\" rel=\"noopener nofollow\">d\u00e9cision<\/a> prise l\u2019ann\u00e9e derni\u00e8re par la Commission d\u2019imposer des droits de douane sur les v\u00e9hicules \u00e9lectriques chinois. Ces droits ont \u00e9t\u00e9 fortement soutenus par la France, mais farouchement contest\u00e9s par l\u2019Allemagne, dont le secteur automobile, orient\u00e9 vers l\u2019exportation, est fortement li\u00e9 au march\u00e9 chinois.<\/p>\n<p>\u00ab L\u2019une des principales le\u00e7ons \u00e0 tirer de l\u2019accord avec les \u00c9tats-Unis est que l\u2019UE n\u2019a toujours pas trouv\u00e9 sa position strat\u00e9gique dans un paysage commercial en rapide \u00e9volution \u00bb, a d\u00e9clar\u00e9 Nils Redeker. \u00ab Et pour l\u2019instant, il en va de m\u00eame pour son approche vis-\u00e0-vis de la Chine. \u00bb<\/p>\n<p>(de, mm)<\/p>\n","protected":false},"excerpt":{"rendered":"Depuis l\u2019annonce en grande pompe du \u201cplus grand accord commercial jamais conclu\u201d le mois dernier, l\u2019Union europ\u00e9enne et&hellip;\n","protected":false},"author":2,"featured_media":306433,"comment_status":"","ping_status":"","sticky":false,"template":"","format":"standard","meta":{"footnotes":""},"categories":[1586],"tags":[11,1777,674,1779,1011,27,12,25,1778,364],"class_list":{"0":"post-306432","1":"post","2":"type-post","3":"status-publish","4":"format-standard","5":"has-post-thumbnail","7":"category-europe","8":"tag-actualites","9":"tag-eu","10":"tag-europe","11":"tag-european-union","12":"tag-fr","13":"tag-france","14":"tag-news","15":"tag-republique-francaise","16":"tag-ue","17":"tag-union-europeenne"},"share_on_mastodon":{"url":"https:\/\/pubeurope.com\/@fr\/114996565953517614","error":""},"_links":{"self":[{"href":"https:\/\/www.europesays.com\/fr\/wp-json\/wp\/v2\/posts\/306432","targetHints":{"allow":["GET"]}}],"collection":[{"href":"https:\/\/www.europesays.com\/fr\/wp-json\/wp\/v2\/posts"}],"about":[{"href":"https:\/\/www.europesays.com\/fr\/wp-json\/wp\/v2\/types\/post"}],"author":[{"embeddable":true,"href":"https:\/\/www.europesays.com\/fr\/wp-json\/wp\/v2\/users\/2"}],"replies":[{"embeddable":true,"href":"https:\/\/www.europesays.com\/fr\/wp-json\/wp\/v2\/comments?post=306432"}],"version-history":[{"count":0,"href":"https:\/\/www.europesays.com\/fr\/wp-json\/wp\/v2\/posts\/306432\/revisions"}],"wp:featuredmedia":[{"embeddable":true,"href":"https:\/\/www.europesays.com\/fr\/wp-json\/wp\/v2\/media\/306433"}],"wp:attachment":[{"href":"https:\/\/www.europesays.com\/fr\/wp-json\/wp\/v2\/media?parent=306432"}],"wp:term":[{"taxonomy":"category","embeddable":true,"href":"https:\/\/www.europesays.com\/fr\/wp-json\/wp\/v2\/categories?post=306432"},{"taxonomy":"post_tag","embeddable":true,"href":"https:\/\/www.europesays.com\/fr\/wp-json\/wp\/v2\/tags?post=306432"}],"curies":[{"name":"wp","href":"https:\/\/api.w.org\/{rel}","templated":true}]}}