{"id":306434,"date":"2025-08-09T02:58:12","date_gmt":"2025-08-09T02:58:12","guid":{"rendered":"https:\/\/www.europesays.com\/fr\/306434\/"},"modified":"2025-08-09T02:58:12","modified_gmt":"2025-08-09T02:58:12","slug":"les-elus-de-la-collectivite-de-corse-repondent-a-alain-orsoni","status":"publish","type":"post","link":"https:\/\/www.europesays.com\/fr\/306434\/","title":{"rendered":"les \u00e9lus de la Collectivit\u00e9 de Corse\u00a0 r\u00e9pondent \u00e0 Alain Orsoni"},"content":{"rendered":"<p>Apr\u00e8s les r\u00e9centes prises de parole du <strong>ministre de la Fonction publique et ancien maire d&rsquo;Ajaccio, Laurent Marcangeli<\/strong>, Alain Orsoni avait rapidement donn\u00e9 une suite \u00e0 ces propos par le biais d&rsquo;un communiqu\u00e9 qui appelait notamment \u00ab\u00a0l&rsquo;ensemble des \u00c9lus \u00e0 organiser le plus urgemment possible une r\u00e9union\u00a0\u00bb.<\/p>\n<p>Ce baroud d&rsquo;honneur lanc\u00e9 par le pr\u00e9sident de la holding, principale actionnaire du club, n&rsquo;a pas manqu\u00e9 de faire r\u00e9agir les \u00e9lus de l&rsquo;assembl\u00e9e de Corse. N\u00e9anmoins, tous ont temp\u00e9r\u00e9 leur propos, attendant des pr\u00e9cisions et davantage de certitudes, concernant les \u00e9l\u00e9ments financiers actuels du club ajaccien. \u00ab\u00a0Il est aujourd&rsquo;hui n\u00e9cessaire, afin de poursuivre les discussions et d\u00e9gager des perspectives, de disposer de la totalit\u00e9 des \u00e9l\u00e9ments relatifs \u00e0 la situation du club\u00a0\u00bb, a ainsi d\u00e9clar\u00e9 Romain Colonna (F\u00e0 popul\u00f9).<\/p>\n<p>\u00ab\u00a0Aucune demande \u00e9crite officielle pour l&rsquo;organisation d&rsquo;une quelconque r\u00e9union\u00a0\u00bb<\/p>\n<p>C&rsquo;est \u00e9videmment <strong>le dossier de l&rsquo;association ACA, pr\u00e9sid\u00e9e aujourd&rsquo;hui par Ga\u00ebtan Bertozzi<\/strong> et qui reprendrait les r\u00eanes du club en cas de d\u00e9p\u00f4t de bilan, que les \u00e9lus s&rsquo;engageraient \u00e0 \u00e9tudier. Cela pourrait ainsi permettre \u00e0 l&rsquo;\u00e9quipe ajaccienne de ne pas \u00eatre exclue de tous les championnats nationaux et ainsi de pouvoir repartir en National 3. La SAS de l&rsquo;Athl\u00e9tic Club Ajaccien, cribl\u00e9e de dettes et dont le montant d\u00e9passerait d\u00e9sormais les 13 millions d&rsquo;euros, elle, serait appel\u00e9e \u00e0 dispara\u00eetre. \u00ab\u00a0Il y a un enjeu sportif et soci\u00e9tal, il faut donc r\u00e9pondre \u00e0 cette invitation. Mais cela s&rsquo;accompagne d&rsquo;un raisonnement \u00e0 moyen et long terme sur la gestion des finances du club\u00a0\u00bb, a affirm\u00e9 Jean-Martin Mondoloni (Un Soffiu Novu). Du c\u00f4t\u00e9 de l&rsquo;ex\u00e9cutif, on n&rsquo;a pas pour habitude de r\u00e9pondre aux communiqu\u00e9s. Mais Anne-Laure Santucci, charg\u00e9e des sports, a simplement d\u00e9clar\u00e9 n&rsquo;avoir re\u00e7u \u00ab\u00a0aucune demande \u00e9crite officielle pour l&rsquo;organisation d&rsquo;une quelconque r\u00e9union.\u00a0\u00bb<\/p>\n","protected":false},"excerpt":{"rendered":"Apr\u00e8s les r\u00e9centes prises de parole du ministre de la Fonction publique et ancien maire d&rsquo;Ajaccio, Laurent Marcangeli,&hellip;\n","protected":false},"author":2,"featured_media":306435,"comment_status":"","ping_status":"","sticky":false,"template":"","format":"standard","meta":{"footnotes":""},"categories":[2],"tags":[17,11,5622,13876,1102,352,10153,1011,27,28192,151,12,40464,25,60],"class_list":{"0":"post-306434","1":"post","2":"type-post","3":"status-publish","4":"format-standard","5":"has-post-thumbnail","7":"category-actualites","8":"tag-17","9":"tag-actualites","10":"tag-ajaccio","11":"tag-alain","12":"tag-breakingnews","13":"tag-crise","14":"tag-elus","15":"tag-fr","16":"tag-france","17":"tag-lac","18":"tag-les","19":"tag-news","20":"tag-repondent","21":"tag-republique-francaise","22":"tag-sports"},"share_on_mastodon":{"url":"https:\/\/pubeurope.com\/@fr\/114996569985779243","error":""},"_links":{"self":[{"href":"https:\/\/www.europesays.com\/fr\/wp-json\/wp\/v2\/posts\/306434","targetHints":{"allow":["GET"]}}],"collection":[{"href":"https:\/\/www.europesays.com\/fr\/wp-json\/wp\/v2\/posts"}],"about":[{"href":"https:\/\/www.europesays.com\/fr\/wp-json\/wp\/v2\/types\/post"}],"author":[{"embeddable":true,"href":"https:\/\/www.europesays.com\/fr\/wp-json\/wp\/v2\/users\/2"}],"replies":[{"embeddable":true,"href":"https:\/\/www.europesays.com\/fr\/wp-json\/wp\/v2\/comments?post=306434"}],"version-history":[{"count":0,"href":"https:\/\/www.europesays.com\/fr\/wp-json\/wp\/v2\/posts\/306434\/revisions"}],"wp:featuredmedia":[{"embeddable":true,"href":"https:\/\/www.europesays.com\/fr\/wp-json\/wp\/v2\/media\/306435"}],"wp:attachment":[{"href":"https:\/\/www.europesays.com\/fr\/wp-json\/wp\/v2\/media?parent=306434"}],"wp:term":[{"taxonomy":"category","embeddable":true,"href":"https:\/\/www.europesays.com\/fr\/wp-json\/wp\/v2\/categories?post=306434"},{"taxonomy":"post_tag","embeddable":true,"href":"https:\/\/www.europesays.com\/fr\/wp-json\/wp\/v2\/tags?post=306434"}],"curies":[{"name":"wp","href":"https:\/\/api.w.org\/{rel}","templated":true}]}}