{"id":306436,"date":"2025-08-09T02:59:14","date_gmt":"2025-08-09T02:59:14","guid":{"rendered":"https:\/\/www.europesays.com\/fr\/306436\/"},"modified":"2025-08-09T02:59:14","modified_gmt":"2025-08-09T02:59:14","slug":"le-beau-geste-de-cette-ville-des-pyrenees-orientales-pour-soutenir-les-sinistres-de-lincendie-de-laude","status":"publish","type":"post","link":"https:\/\/www.europesays.com\/fr\/306436\/","title":{"rendered":"Le beau geste de cette ville des Pyr\u00e9n\u00e9es-Orientales pour soutenir les sinistr\u00e9s de l\u2019incendie de l\u2019Aude"},"content":{"rendered":"<p>            Par<br \/>\n        <strong><br \/>\n            <a href=\"https:\/\/actu.fr\/auteur\/jeremy-marty\" title=\"Consulter tous les articles de Jeremy Marty\" rel=\"nofollow noopener\" target=\"_blank\">Jeremy Marty<\/a><br \/>\n        <\/strong><\/p>\n<p>        Publi\u00e9 le<\/p>\n<p>            8 ao\u00fbt 2025 \u00e0 19h02        <\/p>\n<p>Ce jeudi 7\u00a0ao\u00fbt 2025, en d\u00e9but de soir\u00e9e, le gigantesque feu de Ribaute (Aude) \u00e9tait officiellement d\u00e9clar\u00e9 \u00ab<a href=\"https:\/\/actu.fr\/societe\/incendie-dans-l-aude-le-feu-est-desormais-fixe-plus-de-13-000-hectares-brules_63012676.html\" rel=\"nofollow noopener\" target=\"_blank\">\u2009fix\u00e9<\/a>\u2009\u00bb par les autorit\u00e9s. Apr\u00e8s trois jours de lutte, les secours ont donc repris le dessus sur ce brasier incontr\u00f4lable qui a ravag\u00e9 pr\u00e8s de 16\u2009000 hectares. Les heures qui arrivent vont \u00eatre consacr\u00e9es au bilan des d\u00e9g\u00e2ts et il risque d\u2019\u00eatre cons\u00e9quent, notamment du c\u00f4t\u00e9 de Saint-Laurent-de-la-Cabrerisse. Durement touch\u00e9e par les flammes, la commune audoise va recevoir <strong>une aide solidaire<\/strong> de la part de son homonyme des Pyr\u00e9n\u00e9es-Orientales, Saint-Laurent-de-la-Salanque.<\/p>\n<p>Un geste solidaire fort<\/p>\n<p class=\" wall-content\">\u00ab\u2009Un geste de solidarit\u00e9\u2009\u00bb. Ce sont les mots utilis\u00e9s par la ville du Pays catalan, ce vendredi 8\u00a0ao\u00fbt 2025, pour justifier son choix. Alors qu\u2019elle devait organiser son feu d\u2019artifice annuel, lundi prochain, la mairie de Saint-Laurent-de-la-Salanque a d\u00e9cid\u00e9 d\u2019<strong>annuler le spectacle pyrotechnique<\/strong>.<\/p>\n<p class=\" wall-content\">Une d\u00e9cision de bon sens qui va s\u2019accompagner d\u2019une action solidaire. Comme elle le souligne dans son communiqu\u00e9 sur les r\u00e9seaux sociaux, la municipalit\u00e9 des Pyr\u00e9n\u00e9es-Orientales propose de<strong> reverser int\u00e9gralement<\/strong>, le cachet destin\u00e9 au feu d\u2019artifice, \u00e0 la commune impact\u00e9e.<\/p>\n<p>    <a href=\"https:\/\/www.facebook.com\/plugins\/post.php?href=https%3A%2F%2Fwww.facebook.com%2Fvillesaintlaurentsalanque%2Fposts%2Fpfbid024WQtj12kJnzFnxwbAWLWRVT7F1vx6GXz8SshuAACRDaa52X1Db83AD1Ph6eCneiRl&amp;show_text=true&amp;width=350\" title=\"Ouvrie le lien\" rel=\"nofollow noopener\" target=\"_blank\">Cliquez ici pour visualiser le contenu<\/a><\/p>\n<p class=\" wall-content\">\u00ab\u2009Nous pensons aux sinistr\u00e9s qui ont tout perdu, qui souffrent, et aux pompiers mobilis\u00e9s jour et nuit pour contenir les flammes\u2009\u00bb ajoute la localit\u00e9 qui va donc apporter une <strong>aide financi\u00e8re<\/strong> non n\u00e9gligeable apr\u00e8s le passage destructeur du feu.<\/p>\n<p class=\" wall-content\">Concerts, f\u00eate foraine, grand carnaval\u2026 Si le feu d\u2019artifice ne sera pas tir\u00e9 dans le ciel salanquais, la majeure partie des<strong>\u00a0festivit\u00e9s pr\u00e9vues sont maintenues<\/strong>\u00a0tout au long du week-end \u00e0 Saint-Laurent-de-la-Salanque.<\/p>\n<p>Perpignan aidera aussi<\/p>\n<p class=\" wall-content\">\u00c9galement soucieuse de \u00ab\u2009soutenir le d\u00e9partement voisin de l\u2019Aude\u2009\u00bb, la mairie de Perpignan annone qu\u2019elle va \u00ab\u2009solliciter le concours de l\u2019Association des Maires de France\u2009\u00bb dans les plus brefs d\u00e9lais.<\/p>\n<p>    <a href=\"https:\/\/www.facebook.com\/plugins\/post.php?href=https%3A%2F%2Fwww.facebook.com%2FMairiePerpignan%2Fposts%2Fpfbid0xNPRM4xMyy1bsuNwpHvxN9vzePtgbcAh4hoZMfwUE5XzZyuTc2k1hWVbJ6WLJVsVl&amp;show_text=true&amp;width=350\" title=\"Ouvrie le lien\" rel=\"nofollow noopener\" target=\"_blank\">Cliquez ici pour visualiser le contenu<\/a><\/p>\n<p class=\" wall-content\">Cette d\u00e9marche devrait permettre d\u2019apporter \u00ab\u2009une aide de premi\u00e8re urgence aux victimes\u2009\u00bb. La contribution avoisinerait les <strong>15\u2009000\u00a0euros.<\/strong><\/p>\n<p class=\" wall-content\">Suivez toute l\u2019actualit\u00e9 de vos villes et m\u00e9dias favoris en vous inscrivant \u00e0 <a href=\"https:\/\/moncompte.actu.fr\" title=\"D\u00e9couvez Mon Actu\" rel=\"nofollow noopener\" data-trk=\"{&quot;cta&quot;:{&quot;action&quot;:&quot;https:\\\/\\\/moncompte.actu.fr&quot;,&quot;category&quot;:&quot;mon compte&quot;,&quot;from&quot;:&quot;article footer&quot;,&quot;name&quot;:&quot;Mon actu&quot;,&quot;type&quot;:&quot;cta&quot;}}\" target=\"_blank\">Mon Actu<\/a>.<\/p>\n","protected":false},"excerpt":{"rendered":"Par Jeremy Marty Publi\u00e9 le 8 ao\u00fbt 2025 \u00e0 19h02 Ce jeudi 7\u00a0ao\u00fbt 2025, en d\u00e9but de soir\u00e9e,&hellip;\n","protected":false},"author":2,"featured_media":306437,"comment_status":"","ping_status":"","sticky":false,"template":"","format":"standard","meta":{"footnotes":""},"categories":[2],"tags":[11,16701,27571,1011,27,1310,12,25,104],"class_list":{"0":"post-306436","1":"post","2":"type-post","3":"status-publish","4":"format-standard","5":"has-post-thumbnail","7":"category-actualites","8":"tag-actualites","9":"tag-feu-dartifice","10":"tag-feux-de-foret","11":"tag-fr","12":"tag-france","13":"tag-incendie","14":"tag-news","15":"tag-republique-francaise","16":"tag-societe"},"share_on_mastodon":{"url":"https:\/\/pubeurope.com\/@fr\/114996573893484514","error":""},"_links":{"self":[{"href":"https:\/\/www.europesays.com\/fr\/wp-json\/wp\/v2\/posts\/306436","targetHints":{"allow":["GET"]}}],"collection":[{"href":"https:\/\/www.europesays.com\/fr\/wp-json\/wp\/v2\/posts"}],"about":[{"href":"https:\/\/www.europesays.com\/fr\/wp-json\/wp\/v2\/types\/post"}],"author":[{"embeddable":true,"href":"https:\/\/www.europesays.com\/fr\/wp-json\/wp\/v2\/users\/2"}],"replies":[{"embeddable":true,"href":"https:\/\/www.europesays.com\/fr\/wp-json\/wp\/v2\/comments?post=306436"}],"version-history":[{"count":0,"href":"https:\/\/www.europesays.com\/fr\/wp-json\/wp\/v2\/posts\/306436\/revisions"}],"wp:featuredmedia":[{"embeddable":true,"href":"https:\/\/www.europesays.com\/fr\/wp-json\/wp\/v2\/media\/306437"}],"wp:attachment":[{"href":"https:\/\/www.europesays.com\/fr\/wp-json\/wp\/v2\/media?parent=306436"}],"wp:term":[{"taxonomy":"category","embeddable":true,"href":"https:\/\/www.europesays.com\/fr\/wp-json\/wp\/v2\/categories?post=306436"},{"taxonomy":"post_tag","embeddable":true,"href":"https:\/\/www.europesays.com\/fr\/wp-json\/wp\/v2\/tags?post=306436"}],"curies":[{"name":"wp","href":"https:\/\/api.w.org\/{rel}","templated":true}]}}