{"id":306442,"date":"2025-08-09T03:03:13","date_gmt":"2025-08-09T03:03:13","guid":{"rendered":"https:\/\/www.europesays.com\/fr\/306442\/"},"modified":"2025-08-09T03:03:13","modified_gmt":"2025-08-09T03:03:13","slug":"rugby-un-veteran-irlandais-un-champion-olympique-le-top-5-des-recrues-que-lon-a-envie-de-voir-en-pro-d2","status":"publish","type":"post","link":"https:\/\/www.europesays.com\/fr\/306442\/","title":{"rendered":"Rugby. Un v\u00e9t\u00e9ran irlandais, un champion olympique&#8230; Le Top 5 des recrues que l&rsquo;on a envie de voir en Pro D2"},"content":{"rendered":"<p>            Par<br \/>\n        <strong><br \/>\n            <a href=\"https:\/\/actu.fr\/auteur\/remy-messegue\" title=\"Consulter tous les articles de R\u00e9my Mess\u00e9gu\u00e9\" target=\"_blank\" rel=\"noopener\">R\u00e9my Mess\u00e9gu\u00e9<\/a><br \/>\n        <\/strong><\/p>\n<p>        Publi\u00e9 le<\/p>\n<p>            8 ao\u00fbt 2025 \u00e0 10h58        <\/p>\n<p>L\u2019\u00e9t\u00e9, le mois d\u2019ao\u00fbt, le chass\u00e9 crois\u00e9 sur les routes de France et le d\u00e9but des pr\u00e9parations physiques avec <a href=\"https:\/\/actu.fr\/sports\/rugby\/pro\/rugby-reprise-a-l-ubb-premiers-matchs-amicaux-a-venir-en-pro-d2-voici-le-programme_63007803.html\" target=\"_blank\" rel=\"noopener\">les matchs amicaux<\/a>. Alors que les premiers se profilent, Actu Rugby fait le tour des recrutements en Pro D2 et liste les 5 joueurs qu\u2019il a envie de d\u00e9couvrir cette saison en deuxi\u00e8me division.\u00a0<\/p>\n<p>John Cooney, le v\u00e9t\u00e9ran irlandais pour guider Brive vers le sommet<\/p>\n<p class=\" wall-content\">\u00c0 35 ans et apr\u00e8s 8 saisons avec la province de l\u2019Ulster qui l\u2019a vu conna\u00eetre le XV du Tr\u00e8fle (11 s\u00e9lections), le demi de m\u00eal\u00e9e irlandais <strong>John Cooney<\/strong> a pos\u00e9 ses valises \u00e0 Brive. Pass\u00e9 par le Leinster et le Connacht \u00e9galement, il pourra apporter toute son exp\u00e9rience derri\u00e8re le pack briviste.\u00a0<\/p>\n<p class=\" wall-content\">On ne pensait pas le voir un jour quitter son Irlande mais une chose est s\u00fbre, c\u2019est un pari que fait Brive en le signant. Apr\u00e8s le <a href=\"https:\/\/actu.fr\/ile-de-france\/nanterre_92050\/un-accord-gagnant-gagnant-gagnant-leo-carbonneau-est-libere-par-brive-et-signe-au-racing-92_61881349.html\" target=\"_blank\" rel=\"noopener\">d\u00e9part de L\u00e9o Carbonneau pour le Racing 92<\/a>, il sera \u00e9galement pr\u00e9sent en Corr\u00e8ze pour accompagner l\u2019\u00e9volution de Mathis Galthi\u00e9, fra\u00eechement arriv\u00e9 de Colomiers \u00e0 l\u2019intersaison. L\u2019avenir nous dira si c\u2019est un gros coup qu\u2019a frapp\u00e9 Brive, mais nous sommes pr\u00eat \u00e0 croire que oui.\u00a0<\/p>\n<p>Baltazar Amaya, la p\u00e9pite uruguayenne \u00e0 B\u00e9ziers<\/p>\n<p class=\" wall-content\">\u00c0 26 ans, <strong>Baltazar Amaya<\/strong> va effectuer le grand saut et traverser l\u2019Oc\u00e9an Atlantique. International uruguayen \u00e0 7 et \u00e0 XV (48 s\u00e9lections), il avait \u00e9t\u00e9 remarquable lors de la Coupe du monde 2023 avec 3 r\u00e9alisations en autant de matchs dont un essai contre la France.\u00a0<\/p>\n<p class=\" wall-content\">N\u00e9 \u00e0 Buenos Aires en Argentine, Amaya traverse le Rio de la Plata suite \u00e0 un d\u00e9m\u00e9nagement professionnel de son p\u00e8re. C\u2019est \u00e0 Pe\u00f1arol, club bas\u00e9 \u00e0 Montevideo, la capitale de l\u2019Uruguay qu\u2019il signe son premier contrat pro. Apr\u00e8s cinq saisons dans le club uruguayen, Amaya vient \u00e0 B\u00e9ziers pour <a href=\"https:\/\/actu.fr\/occitanie\/beziers_34032\/pro-d2-je-croque-la-vie-et-le-rugby-a-pleines-dents-gabin-lorre-a-toute-vitesse_62050221.html\" target=\"_blank\" rel=\"noopener\">remplacer Gabin Lorre,<\/a> parti au LOU. Une belle opportunit\u00e9 pour ce profil fait de vitesse et tr\u00e8s \u00e0 l\u2019aise sous les ballons hauts. Nous sommes pr\u00eats \u00e0 parier que c\u2019est une bonne pioche qu\u2019a effectu\u00e9 le club h\u00e9raultais.\u00a0<\/p>\n<p>Federico Lavanini, au nom du fr\u00e8re \u00e0 Colomiers<\/p>\n<p class=\" wall-content\">Nom : Lavanini, pr\u00e9nom : Federico. Dans le sillage de son fr\u00e8re Tom\u00e0s, qui <a href=\"https:\/\/actu.fr\/sports\/rugby\/top-14\/top-14-lyon-se-separe-d-un-de-ses-internationaux-avec-effet-immediat_62994383.html\" target=\"_blank\" rel=\"noopener\">vient de quitter Lyon<\/a>, <strong>Federico Lavanini<\/strong> d\u00e9barque en France sans \u00eatre connu du grand public en provenance du club argentin d\u2019Hindu. Il viendra compenser le d\u00e9part notamment de Janse Roux poutre du pack colum\u00e9rin qui avait fini 3e la saison derni\u00e8re<\/p>\n<p class=\" wall-content\">Jamais cap\u00e9 avec l\u2019Argentine malgr\u00e9 un appel pour pr\u00e9parer la Coupe du monde 2023 en France, il viendra apporter sa densit\u00e9 (2m \u2013 125kg) au pack colum\u00e9rin dans le combat rude qu\u2019est la Pro D2. Une chose est s\u00fbre, vu le gaillard, il sera difficile de le manquer sur le terrain <a href=\"https:\/\/actu.fr\/sports\/rugby\/pro\/rugby-reprise-a-l-ubb-premiers-matchs-amicaux-a-venir-en-pro-d2-voici-le-programme_63007803.html\" target=\"_blank\" rel=\"noopener\">lors de la reprise<\/a>.\u00a0<\/p>\n<p>Varian Pasquet, un champion olympique \u00e0 Nevers<\/p>\n<p class=\" wall-content\">C\u2019est une vraie interrogation, mais nous sommes pr\u00eats \u00e0 parier que ce sera une r\u00e9ussite. Aur\u00e9ol\u00e9 d\u2019un titre olympique avec l\u2019\u00e9quipe de France de rugby \u00e0 7, <strong>Varian Pasquet<\/strong> d\u00e9barque \u00e0 26 ans dans la Ni\u00e8vre avec un statut important mais finalement tr\u00e8s peu d\u2019exp\u00e9rience. Il avait exprim\u00e9 son envie de retrouver les terrains \u00e0 XV et c\u2019est chose faite.<\/p>\n<p class=\" wall-content\">Avec seulement 22 petites minutes jou\u00e9s en Challenge Cup face \u00e0 Tr\u00e9vise lors de la saison 2020-2021, il n\u2019y a aucune garantie que ce centre de formation traverse le terrain tous les week-ends. Mais, s\u2019il montre les m\u00eames qualit\u00e9s qu\u2019\u00e0 7 dans la r\u00e9silience et la d\u00e9fense, nul doute que Nevers a frapp\u00e9 un grand coup sur le march\u00e9 des transferts.\u00a0<\/p>\n<p>Luka Matkava, \u00e0 Oyonnax pour poursuivre son r\u00eave<\/p>\n<p class=\" wall-content\">C\u2019est un joueur qui avait fait parler lors de son arriv\u00e9e en France la saison derni\u00e8re. <a href=\"https:\/\/actu.fr\/occitanie\/castres_81065\/top-14-qui-est-ce-luka-matkava-recale-en-france-et-qui-va-finalement-rejoindre-castres_62442605.html\" target=\"_blank\" rel=\"noopener\">D\u00e9barqu\u00e9 \u00e0 Castres<\/a>, en qualit\u00e9 de joker m\u00e9dical, en provenance des Black Lion il avait mis un peu de temps \u00e0 s\u2019acclimater aux exigences du Top 14.<\/p>\n<p>    <img   decoding=\"async\" loading=\"lazy\" src=\"https:\/\/www.europesays.com\/fr\/wp-content\/uploads\/2025\/08\/luka-matkava-georgie-rugby-960x640.jpg\" alt=\"Luka Matkava devrait rejoindre Castres en qualit\u00e9 de joker m\u00e9dical de Pierre Popelin.\" width=\"960\" height=\"640\"\/><br \/>\n    Luka Matkava s\u2019est engag\u00e9 avec Oyonnax pour la saison \u00e0 venir et devrait briller sur les pelouses de Pro D2 (\u00a9Icon Sport)<\/p>\n<p class=\" wall-content\">Oyonnax a r\u00e9ussi \u00e0 le faire signer pour la saison qui arrive. Possiblement un joli coup quand on sait combien le jeune ouvreur (24 ans), international g\u00e9orgien (31 s\u00e9lections) a d\u00e9j\u00e0 prouv\u00e9 qu\u2019il \u00e9tait capable de hausser le curseur m\u00eame au niveau international. Apr\u00e8s six mois d\u2019adaptation au jeu fran\u00e7ais, nous misons sur l\u2019explosion de ce talent venu du Caucase.\u00a0<\/p>\n<p class=\" wall-content\">Suivez toute l\u2019actualit\u00e9 de vos villes et m\u00e9dias favoris en vous inscrivant \u00e0 <a href=\"https:\/\/moncompte.actu.fr\" title=\"D\u00e9couvez Mon Actu\" rel=\"nofollow noopener\" data-trk=\"{&quot;cta&quot;:{&quot;action&quot;:&quot;https:\\\/\\\/moncompte.actu.fr&quot;,&quot;category&quot;:&quot;mon compte&quot;,&quot;from&quot;:&quot;article footer&quot;,&quot;name&quot;:&quot;Mon actu&quot;,&quot;type&quot;:&quot;cta&quot;}}\" target=\"_blank\">Mon Actu<\/a>.<\/p>\n","protected":false},"excerpt":{"rendered":"Par R\u00e9my Mess\u00e9gu\u00e9 Publi\u00e9 le 8 ao\u00fbt 2025 \u00e0 10h58 L\u2019\u00e9t\u00e9, le mois d\u2019ao\u00fbt, le chass\u00e9 crois\u00e9 sur&hellip;\n","protected":false},"author":2,"featured_media":306443,"comment_status":"","ping_status":"","sticky":false,"template":"","format":"standard","meta":{"footnotes":""},"categories":[1416],"tags":[1011,27,3788,2308,479,1468,60,477],"class_list":{"0":"post-306442","1":"post","2":"type-post","3":"status-publish","4":"format-standard","5":"has-post-thumbnail","7":"category-rugby","8":"tag-fr","9":"tag-france","10":"tag-pro","11":"tag-pro-d2","12":"tag-rugby","13":"tag-rugby-football","14":"tag-sports","15":"tag-transferts-rugby"},"share_on_mastodon":{"url":"https:\/\/pubeurope.com\/@fr\/114996589592009839","error":""},"_links":{"self":[{"href":"https:\/\/www.europesays.com\/fr\/wp-json\/wp\/v2\/posts\/306442","targetHints":{"allow":["GET"]}}],"collection":[{"href":"https:\/\/www.europesays.com\/fr\/wp-json\/wp\/v2\/posts"}],"about":[{"href":"https:\/\/www.europesays.com\/fr\/wp-json\/wp\/v2\/types\/post"}],"author":[{"embeddable":true,"href":"https:\/\/www.europesays.com\/fr\/wp-json\/wp\/v2\/users\/2"}],"replies":[{"embeddable":true,"href":"https:\/\/www.europesays.com\/fr\/wp-json\/wp\/v2\/comments?post=306442"}],"version-history":[{"count":0,"href":"https:\/\/www.europesays.com\/fr\/wp-json\/wp\/v2\/posts\/306442\/revisions"}],"wp:featuredmedia":[{"embeddable":true,"href":"https:\/\/www.europesays.com\/fr\/wp-json\/wp\/v2\/media\/306443"}],"wp:attachment":[{"href":"https:\/\/www.europesays.com\/fr\/wp-json\/wp\/v2\/media?parent=306442"}],"wp:term":[{"taxonomy":"category","embeddable":true,"href":"https:\/\/www.europesays.com\/fr\/wp-json\/wp\/v2\/categories?post=306442"},{"taxonomy":"post_tag","embeddable":true,"href":"https:\/\/www.europesays.com\/fr\/wp-json\/wp\/v2\/tags?post=306442"}],"curies":[{"name":"wp","href":"https:\/\/api.w.org\/{rel}","templated":true}]}}