{"id":306456,"date":"2025-08-09T03:12:11","date_gmt":"2025-08-09T03:12:11","guid":{"rendered":"https:\/\/www.europesays.com\/fr\/306456\/"},"modified":"2025-08-09T03:12:11","modified_gmt":"2025-08-09T03:12:11","slug":"les-editions-cetre-ont-50-ans-et-continuent-de-valoriser-la-region","status":"publish","type":"post","link":"https:\/\/www.europesays.com\/fr\/306456\/","title":{"rendered":"les \u00e9ditions C\u00eatre\u00a0ont 50 ans et continuent de valoriser la r\u00e9gion"},"content":{"rendered":"<p><strong>Comment en \u00eates-vous venue \u00e0 prendre la direction des \u00e9ditions C\u00eatre, cr\u00e9\u00e9es par votre beau-p\u00e8re Louis C\u00eatre en 1975 et que vous avez reprises en 2001\u00a0?<\/strong><\/p>\n<p>\u00ab\u00a0J\u2019\u00e9tais dipl\u00f4m\u00e9e des Beaux-Arts, Marcel, avec lequel je me suis mari\u00e9 en 1986, m\u2019a demand\u00e9 de faire des maquettes de livres sachant qu\u2019\u00e0 l\u2019\u00e9poque, nous n\u2019avions pas de traitements de textes, que de la colle et des ciseaux. Puis, de fil en aiguille, il m\u2019a embauch\u00e9e comme responsable de la fabrication des ouvrages en 1994. Lorsque la librairie a ferm\u00e9, en 2001, il a conserv\u00e9 son&#8230;<\/p>\n","protected":false},"excerpt":{"rendered":"Comment en \u00eates-vous venue \u00e0 prendre la direction des \u00e9ditions C\u00eatre, cr\u00e9\u00e9es par votre beau-p\u00e8re Louis C\u00eatre en&hellip;\n","protected":false},"author":2,"featured_media":306457,"comment_status":"","ping_status":"","sticky":false,"template":"","format":"standard","meta":{"footnotes":""},"categories":[1357],"tags":[10112,14382,1379,1687,58,14383,59,1011,27,1380,2410,11058],"class_list":{"0":"post-306456","1":"post","2":"type-post","3":"status-publish","4":"format-standard","5":"has-post-thumbnail","7":"category-livres","8":"tag-besancon","9":"tag-besancon-ville-25a","10":"tag-books","11":"tag-culture-loisirs","12":"tag-divertissement","13":"tag-edition-besancon","14":"tag-entertainment","15":"tag-fr","16":"tag-france","17":"tag-livres","18":"tag-livres-bd","19":"tag-region-franche-comte"},"share_on_mastodon":{"url":"https:\/\/pubeurope.com\/@fr\/114996625082600484","error":""},"_links":{"self":[{"href":"https:\/\/www.europesays.com\/fr\/wp-json\/wp\/v2\/posts\/306456","targetHints":{"allow":["GET"]}}],"collection":[{"href":"https:\/\/www.europesays.com\/fr\/wp-json\/wp\/v2\/posts"}],"about":[{"href":"https:\/\/www.europesays.com\/fr\/wp-json\/wp\/v2\/types\/post"}],"author":[{"embeddable":true,"href":"https:\/\/www.europesays.com\/fr\/wp-json\/wp\/v2\/users\/2"}],"replies":[{"embeddable":true,"href":"https:\/\/www.europesays.com\/fr\/wp-json\/wp\/v2\/comments?post=306456"}],"version-history":[{"count":0,"href":"https:\/\/www.europesays.com\/fr\/wp-json\/wp\/v2\/posts\/306456\/revisions"}],"wp:featuredmedia":[{"embeddable":true,"href":"https:\/\/www.europesays.com\/fr\/wp-json\/wp\/v2\/media\/306457"}],"wp:attachment":[{"href":"https:\/\/www.europesays.com\/fr\/wp-json\/wp\/v2\/media?parent=306456"}],"wp:term":[{"taxonomy":"category","embeddable":true,"href":"https:\/\/www.europesays.com\/fr\/wp-json\/wp\/v2\/categories?post=306456"},{"taxonomy":"post_tag","embeddable":true,"href":"https:\/\/www.europesays.com\/fr\/wp-json\/wp\/v2\/tags?post=306456"}],"curies":[{"name":"wp","href":"https:\/\/api.w.org\/{rel}","templated":true}]}}