{"id":306460,"date":"2025-08-09T03:14:13","date_gmt":"2025-08-09T03:14:13","guid":{"rendered":"https:\/\/www.europesays.com\/fr\/306460\/"},"modified":"2025-08-09T03:14:13","modified_gmt":"2025-08-09T03:14:13","slug":"vitaa-devoile-lenorme-sacrifice-quelle-a-du-faire-lors-de-sa-tournee-avec-slimane","status":"publish","type":"post","link":"https:\/\/www.europesays.com\/fr\/306460\/","title":{"rendered":"Vitaa d\u00e9voile l&rsquo;\u00e9norme sacrifice qu\u2019elle a d\u00fb faire lors de sa tourn\u00e9e avec Slimane"},"content":{"rendered":"<p>Vitaa s&rsquo;est longuement confi\u00e9e \u00e0 Guillaume Pley dans le num\u00e9ro de l&rsquo;\u00e9mission Legend mis en ligne ce vendredi 8 ao\u00fbt 2025. La chanteuse et m\u00e8re de trois enfants a notamment parl\u00e9 de l&rsquo;\u00e9norme sacrifice qu&rsquo;elle a fait au cours de sa carri\u00e8re, plus pr\u00e9cis\u00e9ment lors de sa tourn\u00e9e avec Slimane.<\/p>\n<p>Depuis maintenant deux d\u00e9cennies, Vitaa rythme le monde de la musique avec des chansons dans lesquelles elle \u00e9voque bien souvent les histoires de son pass\u00e9, \u00e0 l&rsquo;instar de <a href=\"https:\/\/www.programme-tv.net\/news\/musique\/329225-cest-ce-que-jai-vecu-deux-ans-avant-vitaa-revele-que-linfidelite-evoquee-dans-son-tube-confessions-nocturnes-avec-diams-lui-est-vraiment-arrivee\/\" data-api-deeplink=\"teleloisirs:\/\/news\/329225\" target=\"_blank\" rel=\"noopener\">Confessions Nocturnes<\/a>, son c\u00e9l\u00e8bre titre en collaboration avec Diam&rsquo;s. En parall\u00e8le de son m\u00e9tier, la chanteuse m\u00e8ne une vie de famille paisible aux c\u00f4t\u00e9s de <a href=\"https:\/\/www.programme-tv.net\/news\/people\/382835-ca-a-ete-un-drame-au-debut-dans-ma-vie-vitaa-explique-pourquoi-sa-rencontre-avec-son-mari-hicham-a-ete-difficile-a-vivre\/\" data-api-deeplink=\"teleloisirs:\/\/news\/382835\" target=\"_blank\" rel=\"noopener\">son mari<\/a>, Hicham Bendaoud, et<a href=\"https:\/\/www.programme-tv.net\/news\/people\/349053-mes-enfants-vont-en-vacances-chez-elle-vitaa-se-confie-sur-sa-relation-actuelle-avec-diam-s\/\" data-api-deeplink=\"teleloisirs:\/\/news\/349053\" target=\"_blank\" rel=\"noopener\"> de leurs trois enfants<\/a> : Liham, Adam et Noa. En story Instagram, la maman partage r\u00e9guli\u00e8rement des clich\u00e9s en compagnie de ces derniers, comme ce vendredi 8 ao\u00fbt o\u00f9 elle poste une photo d&rsquo;elle en train d&#8217;embrasser sa fille, install\u00e9e sur un transat au bord d&rsquo;une piscine. L&rsquo;interpr\u00e8te du titre \u00c0 fleur de toi s&rsquo;est d&rsquo;ailleurs confi\u00e9e au micro de Legend sur la naissance de sa petite derni\u00e8re, Noa, qu&rsquo;elle a v\u00e9cue comme un cadeau. Pour cause : l&rsquo;artiste a d\u00fb sacrifier sa vie personnelle pendant de nombreuses ann\u00e9es, \u00e0 cause de son m\u00e9tier.<\/p>\n<p>                        \u00ab\u00a0\u00c7a a \u00e9t\u00e9 un grand sacrifice d&rsquo;attendre\u00a0\u00bb : Vitaa oblig\u00e9e d&rsquo;attendre pour devenir maman \u00e0 cause de son contrat, elle t\u00e9moigne<\/p>\n<p>Vitaa est une artiste passionn\u00e9e. Il est d&rsquo;ailleurs arriv\u00e9 \u00e0 la chanteuse de devoir mettre sa vie priv\u00e9e et ses projets de c\u00f4t\u00e9 \u00e0 cause de son m\u00e9tier. Invit\u00e9e de l&rsquo;\u00e9mission de Guillaume Pley, l&rsquo;artiste r\u00e9compens\u00e9e s&rsquo;est livr\u00e9e \u00e0 des confidences sur le sacrifice qu&rsquo;elle a d\u00fb faire et qui l&rsquo;a fait souffrir lors de sa tourn\u00e9e avec Slimane. La chanteuse explique qu&rsquo;elle souhaitait un troisi\u00e8me enfant, mais qu&rsquo;elle \u00e9tait bloqu\u00e9e par son m\u00e9tier : \u00ab\u00a0Noa, je l&rsquo;ai eue dix ans plus tard (apr\u00e8s la naissance de ses deux autres enfants ndlr) <b>\u00c7a, \u00e7a a \u00e9t\u00e9 un grand sacrifice d&rsquo;attendre pour ma fille. J&rsquo;avais pas le choix : on \u00e9tait en tourn\u00e9e avec Slimane, on \u00e9tait engag\u00e9 sur une tourn\u00e9e \u00e9norme de plus de cent dates<\/b>\u00ab\u00a0. Finalement, le confinement lui a permis de prendre du recul : \u00ab\u00a0Il y a le covid qui tombe, qui fait qu&rsquo;on ferme les salles. On est en standby, on ne sait pas quand on va reprendre..<b>. Moi, \u00e0 ce moment-l\u00e0, j&rsquo;ai 38 ans et je r\u00eave d&rsquo;agrandir ma famille et je ne peux pas tomber enceinte parce que j&rsquo;ai un contrat. J&rsquo;en pleurais&#8230;\u00a0\u00bb,<\/b><b> <\/b>se souvient-elle au micro de Legend. C&rsquo;est finalement son ami Slimane qui va lui permettre d&rsquo;accomplir son r\u00eave de devenir maman une troisi\u00e8me fois : \u00ab\u00a0Slimane va me dire : &lsquo;Tu ne peux pas te mettre dans cet \u00e9tat, on va faire une pause dans la tourn\u00e9e de six mois&rsquo;. Et je suis tomb\u00e9e enceinte\u00a0\u00bb, explique-t-elle.<\/p>\n<p>            Vitaa raconte comment elle a v\u00e9cu sa grossesse pendant la tourn\u00e9e avec Slimane<\/p>\n<p>Sa grossesse n&rsquo;a pas \u00e9t\u00e9 facile \u00e0 g\u00e9rer sur sc\u00e8ne : \u00ab\u00a0J&rsquo;\u00e9tais sur sc\u00e8ne tous les soirs jusqu&rsquo;\u00e0 six mois de grossesse, je cachais mon ventre, j&rsquo;\u00e9tais essouffl\u00e9e, mais je voulais \u00eatre enceinte \u00e0 ce moment-l\u00e0\u00a0\u00bb, se souvient-elle dans la m\u00eame \u00e9mission. La chanteuse a v\u00e9cu l&rsquo;arriv\u00e9e de ce troisi\u00e8me enfant comme un cadeau : \u00ab\u00a0Tu tombes enceinte \u00e0 38 ans, t&rsquo;es contente. Ma fille, c&rsquo;\u00e9tait un cadeau. Je m&rsquo;\u00e9tais dit qu&rsquo;\u00e0 38 ans, je n&rsquo;allais peut-\u00eatre pas y arriver\u00a0\u00bb, confie-t-elle.<\/p><\/p>\n","protected":false},"excerpt":{"rendered":"Vitaa s&rsquo;est longuement confi\u00e9e \u00e0 Guillaume Pley dans le num\u00e9ro de l&rsquo;\u00e9mission Legend mis en ligne ce vendredi&hellip;\n","protected":false},"author":2,"featured_media":306461,"comment_status":"","ping_status":"","sticky":false,"template":"","format":"standard","meta":{"footnotes":""},"categories":[1355],"tags":[244,58,59,1011,27,6300,1361,873,44696,26648],"class_list":{"0":"post-306460","1":"post","2":"type-post","3":"status-publish","4":"format-standard","5":"has-post-thumbnail","7":"category-musique","8":"tag-commentaire","9":"tag-divertissement","10":"tag-entertainment","11":"tag-fr","12":"tag-france","13":"tag-guillaume-pley","14":"tag-music","15":"tag-musique","16":"tag-slimane-the-voice-5","17":"tag-vitaa"},"share_on_mastodon":{"url":"https:\/\/pubeurope.com\/@fr\/114996632879738244","error":""},"_links":{"self":[{"href":"https:\/\/www.europesays.com\/fr\/wp-json\/wp\/v2\/posts\/306460","targetHints":{"allow":["GET"]}}],"collection":[{"href":"https:\/\/www.europesays.com\/fr\/wp-json\/wp\/v2\/posts"}],"about":[{"href":"https:\/\/www.europesays.com\/fr\/wp-json\/wp\/v2\/types\/post"}],"author":[{"embeddable":true,"href":"https:\/\/www.europesays.com\/fr\/wp-json\/wp\/v2\/users\/2"}],"replies":[{"embeddable":true,"href":"https:\/\/www.europesays.com\/fr\/wp-json\/wp\/v2\/comments?post=306460"}],"version-history":[{"count":0,"href":"https:\/\/www.europesays.com\/fr\/wp-json\/wp\/v2\/posts\/306460\/revisions"}],"wp:featuredmedia":[{"embeddable":true,"href":"https:\/\/www.europesays.com\/fr\/wp-json\/wp\/v2\/media\/306461"}],"wp:attachment":[{"href":"https:\/\/www.europesays.com\/fr\/wp-json\/wp\/v2\/media?parent=306460"}],"wp:term":[{"taxonomy":"category","embeddable":true,"href":"https:\/\/www.europesays.com\/fr\/wp-json\/wp\/v2\/categories?post=306460"},{"taxonomy":"post_tag","embeddable":true,"href":"https:\/\/www.europesays.com\/fr\/wp-json\/wp\/v2\/tags?post=306460"}],"curies":[{"name":"wp","href":"https:\/\/api.w.org\/{rel}","templated":true}]}}