{"id":306462,"date":"2025-08-09T03:15:24","date_gmt":"2025-08-09T03:15:24","guid":{"rendered":"https:\/\/www.europesays.com\/fr\/306462\/"},"modified":"2025-08-09T03:15:24","modified_gmt":"2025-08-09T03:15:24","slug":"un-accord-conclu-entre-disney-et-une-ex-actrice-de-star-wars-limogee-pour-des-propos-polemiques-ouest-france","status":"publish","type":"post","link":"https:\/\/www.europesays.com\/fr\/306462\/","title":{"rendered":"Un accord conclu entre Disney et une ex-actrice de \u00ab Star Wars \u00bb, limog\u00e9e pour des propos pol\u00e9miques &#8211; Ouest-France"},"content":{"rendered":"<ol>\n<li><a href=\"https:\/\/news.google.com\/rss\/articles\/CBMi-wFBVV95cUxObXBXUTE0ZHFhdjBjVHJVZWFtbEVBNEtleE91Tm01MGtEOGZocDluSHdQOUdTQjRoTFBOclFtTVh3cDRPcVhCX3c1VThuTW5WcWRFYUpwaDdqUndyOG45R0E1MnUxMFRuRjk1QV9aLWJkaTlNcnFOUXpRRXVHOFN5elRkWm12VmROWnJHenQyM05NOWNENkc1RGFVN3ByQ29wY2JheFcwX0tCT0JNenoxLTdGMnpWWTY0VEx4ckhQRmc4dVk0WWlBb2RlZWpqYUV6NE8zUTA4UHZWemdNek9oWXVtdGdFWUVucHAybnBleGlrRUtldmN1SlNPbw?oc=5\" target=\"_blank\" rel=\"nofollow noopener\">Un accord conclu entre Disney et une ex-actrice de \u00ab Star Wars \u00bb, limog\u00e9e pour des propos pol\u00e9miques<\/a>&nbsp;&nbsp;Ouest-France<\/li>\n<li><a href=\"https:\/\/news.google.com\/rss\/articles\/CBMi9wFBVV95cUxQazR0ZjlVME1vU2pHeWZHdDh6c2JSV3JVMEZzZzZSZW1PNEpFSmJ3aXQyLTRyX3BtVkdzeFgtYnc3d0tlMGdmY2FoX0l5VncxcEw0VEh5LVpDMFJrdzFuVlNqbzJGdjRPTFhlbm1mSXp5U01WSmkwTERTejE0WV9YWncwUzY2bGs2OEJrTDNkM2I3QUQxQVZ4ZGVyMkNjN2VtSVk0TlNGR240UDBQbjNxcGdia2Z2aFhZS3pDckpac29DWjNDQjRrbU12WG8zRWJDOVdWU2dLVS00dVlhQ3R0MWx5NThBR01IVnV1WkVReWk1LWxRYnh3?oc=5\" target=\"_blank\" rel=\"nofollow noopener\">Cette actrice licenci\u00e9e pour ses propos pol\u00e9miques trouve un accord avec Disney<\/a>&nbsp;&nbsp;Le HuffPost<\/li>\n<li><a href=\"https:\/\/news.google.com\/rss\/articles\/CBMivAFBVV95cUxPeXNUQjBOSGdUb2VZNFNDZzlRX3lwT1V0Yk56MkFoN1RGM3lhODA5djkxRUQzNHVzbFBxVTBXRnIwLWlQZHZ0aExmM2p3bHVmc1YxbFJIVFNNVm1ob0M5Sk9ZeklTZjlLZVJNbU4xRVFSaWZyQUdTTDVyczVpdWM5Z21WR2tmaFA0bjB0SVd4V2psQTdhZTdzYTFjNS1ucW90eUhSUTZGWGMwd3lyY1RGenRNTDdPX3ZacF94Mw?oc=5\" target=\"_blank\" rel=\"nofollow noopener\">Licenciement abusif: un accord a \u00e9t\u00e9 trouv\u00e9 entre Disney et l\u2019actrice Gina Carano<\/a>&nbsp;&nbsp;Le Figaro<\/li>\n<li><a href=\"https:\/\/news.google.com\/rss\/articles\/CBMiyAFBVV95cUxOZkFNQ010aDhZMURmNTJPZjlkbF9qTDVjMFBWS002Ym0yRWlKU0gwem9RRzBNMXRpSkQ5cFo4ZlloWDFUQjduLVNQUldvN3BsZmpsb1IzR2NqRWZYXzhqRnFIQ3JrcUJ6elVCM2toem1oVEZpZGVJZGIwMzN5UzBmek5Ycl9LVG9kWmVCTXU0cGRjMEc0TEM4aFdBOUxCaUVKVGdYQW5ZRlZoNHYzbHpWU1dOREE3eklMN1BiNTI2QVU5ZWlpS1dDbw?oc=5\" target=\"_blank\" rel=\"nofollow noopener\">Gina Carano et Disney ont conclu un accord sur son licenciement<\/a>&nbsp;&nbsp;20 Minutes<\/li>\n<li><a href=\"https:\/\/news.google.com\/rss\/articles\/CBMingJBVV95cUxOZVR3VmhGandHaEdUb0pVcmlrZFJGMjM2U0tWUDZDY3JKS01KZVNiUFNGQkVxMDFNVmkyQkxwNk5NUkMyb0JOVVNEWS1nb1lOMWEtNWtEb1d3U2Q1ZG5GNUN4cTNEVTRVM2Z1WmFZd0MyTEZrSmFNWGFTamIzd200TEUzdXA2ei0wclRLSTY3Z2Z1UGFHQ1lwUzFBMFpza3QyWjRnQ3lxanlha0RLZ1llS1F3N3ZtQzlBeHNGc0hpa3BicDBrY2RleHdWbzRreEluZjl1Y01NeGh4V25HX2xyeHAxV3VqVU1LZWh2c0Y0eWJwNnBndldBMTZ2dzNWUTMtR0RXUkxFZmRSVHFOS05xNGZTZWRYdU9rUTlRRi1B?oc=5\" target=\"_blank\" rel=\"nofollow noopener\">Gina Carano, actrice de la s\u00e9rie \u00ab\u00a0The Mandalorian\u00a0\u00bb, obtient gain de cause aupr\u00e8s de Disney apr\u00e8s une plainte pour licenciement abusif<\/a>&nbsp;&nbsp;France Info<\/li>\n<\/ol>\n","protected":false},"excerpt":{"rendered":"Un accord conclu entre Disney et une ex-actrice de \u00ab Star Wars \u00bb, limog\u00e9e pour des propos pol\u00e9miques&nbsp;&nbsp;Ouest-France&hellip;\n","protected":false},"author":2,"featured_media":1445,"comment_status":"","ping_status":"","sticky":false,"template":"","format":"standard","meta":{"footnotes":""},"categories":[1354],"tags":[58,59,1346,1011,27,1360],"class_list":{"0":"post-306462","1":"post","2":"type-post","3":"status-publish","4":"format-standard","5":"has-post-thumbnail","7":"category-films","8":"tag-divertissement","9":"tag-entertainment","10":"tag-films","11":"tag-fr","12":"tag-france","13":"tag-movies"},"share_on_mastodon":{"url":"https:\/\/pubeurope.com\/@fr\/114996636788254733","error":""},"_links":{"self":[{"href":"https:\/\/www.europesays.com\/fr\/wp-json\/wp\/v2\/posts\/306462","targetHints":{"allow":["GET"]}}],"collection":[{"href":"https:\/\/www.europesays.com\/fr\/wp-json\/wp\/v2\/posts"}],"about":[{"href":"https:\/\/www.europesays.com\/fr\/wp-json\/wp\/v2\/types\/post"}],"author":[{"embeddable":true,"href":"https:\/\/www.europesays.com\/fr\/wp-json\/wp\/v2\/users\/2"}],"replies":[{"embeddable":true,"href":"https:\/\/www.europesays.com\/fr\/wp-json\/wp\/v2\/comments?post=306462"}],"version-history":[{"count":0,"href":"https:\/\/www.europesays.com\/fr\/wp-json\/wp\/v2\/posts\/306462\/revisions"}],"wp:featuredmedia":[{"embeddable":true,"href":"https:\/\/www.europesays.com\/fr\/wp-json\/wp\/v2\/media\/1445"}],"wp:attachment":[{"href":"https:\/\/www.europesays.com\/fr\/wp-json\/wp\/v2\/media?parent=306462"}],"wp:term":[{"taxonomy":"category","embeddable":true,"href":"https:\/\/www.europesays.com\/fr\/wp-json\/wp\/v2\/categories?post=306462"},{"taxonomy":"post_tag","embeddable":true,"href":"https:\/\/www.europesays.com\/fr\/wp-json\/wp\/v2\/tags?post=306462"}],"curies":[{"name":"wp","href":"https:\/\/api.w.org\/{rel}","templated":true}]}}