{"id":306466,"date":"2025-08-09T03:18:11","date_gmt":"2025-08-09T03:18:11","guid":{"rendered":"https:\/\/www.europesays.com\/fr\/306466\/"},"modified":"2025-08-09T03:18:11","modified_gmt":"2025-08-09T03:18:11","slug":"apres-leverest-inoxtag-va-t-il-vraiment-passer-6-mois-dans-lespace-a-bord-de-liss","status":"publish","type":"post","link":"https:\/\/www.europesays.com\/fr\/306466\/","title":{"rendered":"Apr\u00e8s l\u2019Everest, Inoxtag va-t-il vraiment passer 6 mois dans l&rsquo;espace \u00e0 bord de l&rsquo;ISS ?"},"content":{"rendered":"<p>Depuis quelques ann\u00e9es, <a href=\"https:\/\/www.presse-citron.net\/5-chiffres-sur-inoxtag-le-youtubeur-parti-gravir-leverest\/\" rel=\"nofollow noopener\" target=\"_blank\">Inoxtag<\/a> s\u2019est fait une place de choix dans le c\u0153ur des internautes fran\u00e7ais sur <a href=\"https:\/\/www.presse-citron.net\/telecharger\/multimedia\/diffusion-audio-et-video\/youtube.html\" rel=\"nofollow noopener\" target=\"_blank\">YouTube<\/a> et <a href=\"https:\/\/www.presse-citron.net\/proces-dultia-pourquoi-le-verdit-est-il-si-important-pour-la-lutte-contre-le-cyberharcelement\/\" rel=\"nofollow noopener\" target=\"_blank\">Twitch<\/a>. Le vid\u00e9aste n\u2019a jamais cach\u00e9 ses ambitions. D\u00e8s ses premi\u00e8res vid\u00e9os, il exprimait son envie de \u201cchanger le YouTube game\u201d. Depuis, il met tout en \u0153uvre pour atteindre cet objectif.<\/p>\n<p>L\u2019ann\u00e9e derni\u00e8re, le jeune homme partait \u00e0 l\u2019assaut du Toit du Monde. Rien que cela\u00a0! Son ascension de l\u2019Everest a fait couler beaucoup d\u2019encre. La vid\u00e9o retra\u00e7ant cette exp\u00e9rience \u00e0 part enti\u00e8re a affol\u00e9 les compteurs de YouTube et <a href=\"https:\/\/www.presse-citron.net\/avec-son-documentaire-sur-leverest-inoxtag-explose-tous-les-records-de-youtube-en-france\/\" rel=\"nofollow noopener\" target=\"_blank\">a explos\u00e9 les records de la plateforme en France<\/a>, apr\u00e8s avoir eu droit \u00e0 une diffusion in\u00e9dite dans plusieurs salles de cin\u00e9ma. Aujourd\u2019hui, Kaizen \u2014 1 an pour gravir l\u2019Everest est disponible sur YouTube mais aussi sur <a href=\"https:\/\/shop.presse-citron.net\/go\/4711\/\" target=\"_blank\" rel=\"nofollow noopener\">Disney+<\/a>, et s\u2019est offert un passage \u00e0 la t\u00e9l\u00e9vision.<\/p>\n<p>Plus r\u00e9cemment, <a href=\"https:\/\/www.presse-citron.net\/apres-leverest-inoxtag-est-au-sommet-des-ventes-de-manga\/\" rel=\"nofollow noopener\" target=\"_blank\">Inoxtag<\/a> a r\u00e9alis\u00e9 une travers\u00e9e de l\u2019Atlantique de 11 jours sur un voilier sans moteur en compagnie du skippeur Guirec Soud\u00e9e et de l\u2019expert technique Bertrant Delesne. C\u2019est incontestable\u00a0: le vid\u00e9aste aime les d\u00e9fis et les sensations fortes. Pourrait-il se rendre dans l\u2019espace\u00a0? On fait le point.<\/p>\n<p> Inoxtag dans l\u2019espace\u00a0: juste un r\u00eave\u2026 Pour le moment <\/p>\n<p>Au cours des derniers jours, on a pu lire que le cr\u00e9ateur de contenu avait pour projet de se rendre dans l\u2019espace et d\u2019y rester 6 mois \u00e0 bord de l\u2019ISS. Sur <a href=\"https:\/\/www.presse-citron.net\/telecharger\/reseaux-sociaux-vie-pratique\/reseaux-sociaux\/twitter.html\" rel=\"nofollow noopener\" target=\"_blank\">X (ex-Twitter)<\/a>, Inoxtag a rapidement d\u00e9menti l\u2019information en expliquant qu\u2019il n\u2019\u00e9tait lui-m\u00eame pas au courant de ce projet.<\/p>\n<blockquote class=\"twitter-tweet\">\n<p dir=\"ltr\" lang=\"fr\">PTDR m\u00eame moi j\u2019suis pas au courant de ce projet<\/p>\n<p>\u2014 Inoxtag \u26a1\ufe0f (@Inoxtag) <a href=\"https:\/\/twitter.com\/Inoxtag\/status\/1953128167767523334?ref_src=twsrc%5Etfw\" rel=\"nofollow noopener\" target=\"_blank\">August 6, 2025<\/a><\/p>\n<\/blockquote>\n<p>Car il n\u2019est pas question d\u2019un v\u00e9ritable projet pour le vid\u00e9aste, mais simplement d\u2019un r\u00eave. \u00c0 l\u2019occasion d\u2019une vid\u00e9o du cr\u00e9ateur LeBouseuh, <a href=\"https:\/\/youtu.be\/t8wev2a-i8g?si=6sO2xDjuDAwPUXMH&amp;t=2167\" rel=\"nofollow noopener\" target=\"_blank\">publi\u00e9e le 5 juillet 2025 sur YouTube<\/a>, dans laquelle il \u00e9tait invit\u00e9, Inoxtag a eu l\u2019opportunit\u00e9 d\u2019aborder de nombreux sujets. Le principe de la vid\u00e9o est assez simple\u00a0: LeBouseuh conduit un van, Inoxtag est son passager et ensemble, ils r\u00e9pondent aux questions des abonn\u00e9s. C\u2019est ainsi qu\u2019\u00e0 la question de leurs plus grands r\u00eaves, le sujet de l\u2019espace appara\u00eet.<\/p>\n<p>\u201cLa seule vid\u00e9o que je ferais dans l\u2019espace, \u00e7a serait un truc o\u00f9 je devrais m\u2019entra\u00eener mode astronaute et je passe 6 mois dans l\u2019ISS ou un truc comme \u00e7a. Mais en mode, vraiment pas juste pour monter dans l\u2019espace et redescendre, genre 4 heures, \u00e7a je le ferai pas. Mais si c\u2019est vraiment une vraie mission, ouais\u201d a-t-il affirm\u00e9 dans la vid\u00e9o de LeBouseuh. Ainsi, rien ne dit que le cr\u00e9ateur de contenu voudra concr\u00e9tiser ce r\u00eave.<\/p>\n<p>Dans cette vid\u00e9o, Inoxtag a reparl\u00e9 de ses r\u00eaves en lien avec le cin\u00e9ma. Apr\u00e8s avoir confi\u00e9 sur Instagram qu\u2019il esp\u00e9rait faire un film digne d\u2019Interstellar dans les 10 \u00e0 15 prochaines ann\u00e9es il y a quelques mois, le vid\u00e9aste a de nouveau mentionn\u00e9 cette envie. Au-del\u00e0 de vouloir faire le \u201cprochain Interstellar\u201d, Inoxtag veut faire \u201cle meilleur film qui a \u00e9t\u00e9 fait en France\u201d. Tout un programme\u00a0! Mais il est peu probable que le jeune homme se rende sp\u00e9cifiquement dans l\u2019espace pour r\u00e9aliser ce potentiel m\u00e9trage.<\/p>\n<p>\u00a0<\/p>\n<ul class=\"tldr\">\n<li>Inoxtag a expliqu\u00e9 que s\u2019il devait aller dans l\u2019espace pour une vid\u00e9o, cela serait pour y rester 6 mois dans l\u2019ISS apr\u00e8s avoir suivi un entra\u00eenement sp\u00e9cifique<\/li>\n<li>Il ne s\u2019agit pas d\u2019un projet concret mais d\u2019un simple r\u00eave<\/li>\n<li>Sans v\u00e9ritable lien, le vid\u00e9aste aimerait r\u00e9aliser \u201cle prochain Interstellar\u201c<\/li>\n<\/ul>\n<blockquote>\n<p class=\"text-base text-neutral-700 dark:text-neutral-300\">\ud83d\udccd Pour ne manquer aucune actualit\u00e9 de Presse-citron, suivez-nous sur <a href=\"https:\/\/news.google.com\/publications\/CAAqBggKMIPiNTC70wU?hl=fr&amp;gl=FR&amp;ceid=FR%3Afr\" target=\"_blank\" rel=\"nofollow noopener\">Google Actualit\u00e9s<\/a> et <a href=\"https:\/\/whatsapp.com\/channel\/0029VaCkGuz4NViitBXbEr0b\" target=\"_blank\" rel=\"nofollow noopener\">WhatsApp<\/a>.<\/p>\n<\/blockquote>\n<p>            <img decoding=\"async\" src=\"https:\/\/www.europesays.com\/fr\/wp-content\/uploads\/2025\/03\/4NZ4LnDsUw9UvFnnxwTz2BKfp8VD92PRD8LTt3Ek.png\" alt=\"Opera One - Navigateur web boost\u00e9 \u00e0 l\u2019IA\" loading=\"lazy\"\/>                                            Opera One &#8211; Navigateur web boost\u00e9 \u00e0 l\u2019IA                 <\/p>\n<p>Par\u00a0: Opera<\/p>\n<p>                                                                                         <script async src=\"https:\/\/platform.twitter.com\/widgets.js\" charset=\"utf-8\"><\/script><\/p>\n","protected":false},"excerpt":{"rendered":"Depuis quelques ann\u00e9es, Inoxtag s\u2019est fait une place de choix dans le c\u0153ur des internautes fran\u00e7ais sur YouTube&hellip;\n","protected":false},"author":2,"featured_media":306467,"comment_status":"","ping_status":"","sticky":false,"template":"","format":"standard","meta":{"footnotes":""},"categories":[8],"tags":[58,59,1011,27,1749,2784],"class_list":{"0":"post-306466","1":"post","2":"type-post","3":"status-publish","4":"format-standard","5":"has-post-thumbnail","7":"category-divertissement","8":"tag-divertissement","9":"tag-entertainment","10":"tag-fr","11":"tag-france","12":"tag-twitch","13":"tag-youtube"},"share_on_mastodon":{"url":"https:\/\/pubeurope.com\/@fr\/114996648864325123","error":""},"_links":{"self":[{"href":"https:\/\/www.europesays.com\/fr\/wp-json\/wp\/v2\/posts\/306466","targetHints":{"allow":["GET"]}}],"collection":[{"href":"https:\/\/www.europesays.com\/fr\/wp-json\/wp\/v2\/posts"}],"about":[{"href":"https:\/\/www.europesays.com\/fr\/wp-json\/wp\/v2\/types\/post"}],"author":[{"embeddable":true,"href":"https:\/\/www.europesays.com\/fr\/wp-json\/wp\/v2\/users\/2"}],"replies":[{"embeddable":true,"href":"https:\/\/www.europesays.com\/fr\/wp-json\/wp\/v2\/comments?post=306466"}],"version-history":[{"count":0,"href":"https:\/\/www.europesays.com\/fr\/wp-json\/wp\/v2\/posts\/306466\/revisions"}],"wp:featuredmedia":[{"embeddable":true,"href":"https:\/\/www.europesays.com\/fr\/wp-json\/wp\/v2\/media\/306467"}],"wp:attachment":[{"href":"https:\/\/www.europesays.com\/fr\/wp-json\/wp\/v2\/media?parent=306466"}],"wp:term":[{"taxonomy":"category","embeddable":true,"href":"https:\/\/www.europesays.com\/fr\/wp-json\/wp\/v2\/categories?post=306466"},{"taxonomy":"post_tag","embeddable":true,"href":"https:\/\/www.europesays.com\/fr\/wp-json\/wp\/v2\/tags?post=306466"}],"curies":[{"name":"wp","href":"https:\/\/api.w.org\/{rel}","templated":true}]}}