{"id":306468,"date":"2025-08-09T03:19:13","date_gmt":"2025-08-09T03:19:13","guid":{"rendered":"https:\/\/www.europesays.com\/fr\/306468\/"},"modified":"2025-08-09T03:19:13","modified_gmt":"2025-08-09T03:19:13","slug":"la-mysterieuse-acceleration-de-la-terre-intrigue-les-scientifiques","status":"publish","type":"post","link":"https:\/\/www.europesays.com\/fr\/306468\/","title":{"rendered":"la myst\u00e9rieuse acc\u00e9l\u00e9ration de la Terre intrigue les scientifiques"},"content":{"rendered":"<p><img fetchpriority=\"high\" decoding=\"async\" width=\"1024\" height=\"576\" src=\"https:\/\/www.europesays.com\/fr\/wp-content\/uploads\/2025\/08\/acelleration-de-la-terre-alerte-1024x576.webp.webp\" alt=\"Terre en acc\u00e9l\u00e9ration avec chronom\u00e8tre et fl\u00e8ches lumineuses dans l\u2019espace\" class=\"wp-image-986036\" style=\"width:841px;height:auto\"  \/>Repr\u00e9sentation visuelle de l\u2019acc\u00e9l\u00e9ration de la rotation terrestre \u2013 DailyGeekShow.com<\/p>\n<p>Chaque \u00e9t\u00e9, nous profitons de longues soir\u00e9es lumineuses. Pourtant, un ph\u00e9nom\u00e8ne discret se joue sous nos pieds : <strong>la <a href=\"https:\/\/dailygeekshow.com\/et-si-la-matiere-noire-venait-dun-univers-parallele-ce-physicien-relance-la-piste-dun-monde-miroir-pour-percer-lun-des-plus-grands-mysteres\/\" rel=\"nofollow noopener\" target=\"_blank\">Terre<\/a> tourne de plus en plus vite<\/strong>. Ces derni\u00e8res ann\u00e9es, certaines journ\u00e9es ont \u00e9t\u00e9 <strong>jusqu\u2019\u00e0 une milliseconde plus courtes<\/strong> que les 24 heures habituelles. Derri\u00e8re cette acc\u00e9l\u00e9ration se cachent des causes multiples\u2026 et parfois surprenantes.<\/p>\n<p>Comment les instruments de pr\u00e9cision r\u00e9v\u00e8lent un \u00e9t\u00e9 record pour la vitesse terrestre<\/p>\n<p>Le 9 juillet dernier, notre plan\u00e8te a battu un record : <strong>1,34 milliseconde de moins<\/strong> qu\u2019une journ\u00e9e standard. Selon l\u2019Observatoire naval des \u00c9tats-Unis et le Service international de la rotation terrestre, deux autres dates, le 22 juillet et le 5 ao\u00fbt, figurent aussi parmi <strong>les jours les plus courts jamais enregistr\u00e9s<\/strong>.<\/p>\n<p>Lire aussi <a href=\"https:\/\/dailygeekshow.com\/ils-partagent-notre-vie-depuis-40-000-ans-la-science-explique-pourquoi-nous-aimons-nos-chiens-comme-nos-enfants\/\" rel=\"nofollow noopener\" target=\"_blank\">Ils partagent notre vie depuis 40 000 ans : la science explique pourquoi nous aimons nos chiens comme nos enfants<\/a><\/p>\n<p>Ces mesures s\u2019appuient sur <strong><a href=\"https:\/\/dailygeekshow.com\/la-terre-cache-une-horloge-secrete-qui-bouleverse-la-vie-tous-les-60-millions-dannees-dapres-une-etude-recente\/\" rel=\"nofollow noopener\" target=\"_blank\">l\u2019horloge<\/a> atomique<\/strong>, pr\u00e9cise au milliardi\u00e8me de seconde. Depuis une dizaine d\u2019ann\u00e9es, la dur\u00e9e moyenne d\u2019une journ\u00e9e diminue. Mais le ph\u00e9nom\u00e8ne s\u2019est encore accentu\u00e9 ces cinq derni\u00e8res ann\u00e9es. \u00ab Certaines journ\u00e9es passent d\u00e9sormais sous les 24 heures compl\u00e8tes \u00bb, confirme Nicholas Stamatakos, astronome.<\/p>\n<p>Les trois grands facteurs qui acc\u00e9l\u00e8rent la rotation de notre plan\u00e8te<\/p>\n<p>Plusieurs m\u00e9canismes agissent ensemble. <strong>La <a href=\"https:\/\/dailygeekshow.com\/et-si-lhomme-navait-jamais-mis-le-pied-sur-la-lune-sans-cette-inconnue-au-qi-monstrueux\/\" rel=\"nofollow noopener\" target=\"_blank\">Lune<\/a>, d\u2019abord<\/strong>, exerce une influence gravitationnelle variable. Deux fois par mois, quand elle est proche de l\u2019\u00e9quateur, elle ralentit l\u00e9g\u00e8rement la Terre. \u00c0 l\u2019inverse, lorsqu\u2019elle se rapproche des p\u00f4les, elle aide notre plan\u00e8te \u00e0 tourner plus vite.<\/p>\n<p><strong>L\u2019atmosph\u00e8re, ensuite<\/strong>, joue aussi son r\u00f4le. En \u00e9t\u00e9, le jet stream se d\u00e9place plus lentement. Pour conserver l\u2019\u00e9quilibre de son moment cin\u00e9tique, la Terre compense en acc\u00e9l\u00e9rant sa rotation.<\/p>\n<p>Lire aussi <a href=\"https:\/\/dailygeekshow.com\/starship-le-dixieme-vol-dessai-decisif-qui-pourrait-rapprocher-spacex-de-mars-et-de-la-lune\/\" rel=\"nofollow noopener\" target=\"_blank\">Starship : le dixi\u00e8me vol d\u2019essai d\u00e9cisif qui pourrait rapprocher SpaceX de Mars et de la Lune<\/a><\/p>\n<p><strong>Enfin, le noyau terrestre intrigue.<\/strong> Les donn\u00e9es montrent qu\u2019il a ralenti au cours des cinquante derni\u00e8res ann\u00e9es. Pour maintenir l\u2019\u00e9quilibre global, les couches externes de la plan\u00e8te ont d\u00fb l\u00e9g\u00e8rement acc\u00e9l\u00e9rer. \u00ab Nous ignorons pourquoi ce ralentissement a commenc\u00e9, ni combien de temps il durera \u00bb, reconna\u00eet le g\u00e9ophysicien Duncan Agnew.<\/p>\n<p>Les cons\u00e9quences technologiques d\u2019une journ\u00e9e plus courte que pr\u00e9vu<\/p>\n<p>Pour nous, perdre une milliseconde par jour est imperceptible. Mais pour les astronomes et ing\u00e9nieurs, cela change tout. Un \u00e9cart cumul\u00e9 entre <strong>temps astronomique<\/strong> et <strong>temps atomique<\/strong> oblige parfois \u00e0 ajouter \u2014 ou bient\u00f4t \u00e0 retirer \u2014 une \u00ab seconde intercalaire \u00bb.<\/p>\n<p>Depuis 1972, vingt-sept secondes intercalaires ont \u00e9t\u00e9 ajout\u00e9es pour compenser le ralentissement global de la Terre. Mais l\u2019acc\u00e9l\u00e9ration actuelle pourrait conduire, d\u2019ici 2029, \u00e0 <strong>la premi\u00e8re seconde intercalaire n\u00e9gative<\/strong> de l\u2019histoire. Un vrai casse-t\u00eate pour les GPS, r\u00e9seaux de t\u00e9l\u00e9communication et syst\u00e8mes informatiques, qui supposent tous que le temps ne recule jamais.<\/p>\n<p>Lire aussi <a href=\"https:\/\/dailygeekshow.com\/pollution-plastique-air\/\" rel=\"nofollow noopener\" target=\"_blank\">Une \u00e9tude r\u00e9v\u00e8le la quantit\u00e9 effarante de plastiques que nous inhalons chaque jour<\/a><\/p>\n<p>Quand le climat pourrait inverser la tendance actuelle de la rotation<\/p>\n<p>\u00c0 ce m\u00e9lange d\u00e9j\u00e0 complexe s\u2019ajoute un facteur de plus en plus important : <strong>le changement <a href=\"https:\/\/dailygeekshow.com\/cette-nation-entiere-va-etre-evacuee-pour-la-premiere-fois-de-lhistoire-a-cause-du-rechauffement-climatique\/\" rel=\"nofollow noopener\" target=\"_blank\">climatique<\/a><\/strong>. La fonte des glaces, la mont\u00e9e des mers et l\u2019\u00e9puisement des nappes phr\u00e9atiques modifient la r\u00e9partition de la masse terrestre, ce qui tend \u00e0 <strong>ralentir<\/strong> la rotation.<\/p>\n<p>Pour les chercheurs, cela rend <strong>toute pr\u00e9vision au-del\u00e0 de six mois tr\u00e8s incertaine<\/strong>. Une chose est s\u00fbre : le Soleil se l\u00e8vera demain. Mais personne ne peut garantir combien de temps il restera au-dessus de l\u2019horizon.<\/p>\n","protected":false},"excerpt":{"rendered":"Repr\u00e9sentation visuelle de l\u2019acc\u00e9l\u00e9ration de la rotation terrestre \u2013 DailyGeekShow.com Chaque \u00e9t\u00e9, nous profitons de longues soir\u00e9es lumineuses.&hellip;\n","protected":false},"author":2,"featured_media":306469,"comment_status":"","ping_status":"","sticky":false,"template":"","format":"standard","meta":{"footnotes":""},"categories":[7],"tags":[1011,27,43,40,41,39,42,44],"class_list":{"0":"post-306468","1":"post","2":"type-post","3":"status-publish","4":"format-standard","5":"has-post-thumbnail","7":"category-sciences-et-technologies","8":"tag-fr","9":"tag-france","10":"tag-science","11":"tag-science-and-technology","12":"tag-sciences","13":"tag-sciences-et-technologies","14":"tag-technologies","15":"tag-technology"},"share_on_mastodon":{"url":"https:\/\/pubeurope.com\/@fr\/114996652556374552","error":""},"_links":{"self":[{"href":"https:\/\/www.europesays.com\/fr\/wp-json\/wp\/v2\/posts\/306468","targetHints":{"allow":["GET"]}}],"collection":[{"href":"https:\/\/www.europesays.com\/fr\/wp-json\/wp\/v2\/posts"}],"about":[{"href":"https:\/\/www.europesays.com\/fr\/wp-json\/wp\/v2\/types\/post"}],"author":[{"embeddable":true,"href":"https:\/\/www.europesays.com\/fr\/wp-json\/wp\/v2\/users\/2"}],"replies":[{"embeddable":true,"href":"https:\/\/www.europesays.com\/fr\/wp-json\/wp\/v2\/comments?post=306468"}],"version-history":[{"count":0,"href":"https:\/\/www.europesays.com\/fr\/wp-json\/wp\/v2\/posts\/306468\/revisions"}],"wp:featuredmedia":[{"embeddable":true,"href":"https:\/\/www.europesays.com\/fr\/wp-json\/wp\/v2\/media\/306469"}],"wp:attachment":[{"href":"https:\/\/www.europesays.com\/fr\/wp-json\/wp\/v2\/media?parent=306468"}],"wp:term":[{"taxonomy":"category","embeddable":true,"href":"https:\/\/www.europesays.com\/fr\/wp-json\/wp\/v2\/categories?post=306468"},{"taxonomy":"post_tag","embeddable":true,"href":"https:\/\/www.europesays.com\/fr\/wp-json\/wp\/v2\/tags?post=306468"}],"curies":[{"name":"wp","href":"https:\/\/api.w.org\/{rel}","templated":true}]}}