{"id":306470,"date":"2025-08-09T03:20:11","date_gmt":"2025-08-09T03:20:11","guid":{"rendered":"https:\/\/www.europesays.com\/fr\/306470\/"},"modified":"2025-08-09T03:20:11","modified_gmt":"2025-08-09T03:20:11","slug":"une-batterie-externe-prend-feu-et-relance-la-peur-des-incendies-en-avion","status":"publish","type":"post","link":"https:\/\/www.europesays.com\/fr\/306470\/","title":{"rendered":"une batterie externe prend feu et relance la peur des incendies en avion"},"content":{"rendered":"<p class=\"mb-4 text-lg md:leading-8 break-words\">En pleine nuit, les passagers d&rsquo;un vol long-courrier entre S\u00e3o Paulo et Amsterdam ont \u00e9t\u00e9 brutalement r\u00e9veill\u00e9s par des cris et une \u00e9paisse fum\u00e9e envahissant la cabine. En cause : une batterie externe de t\u00e9l\u00e9phone qui a soudainement pris feu, mercredi 6 ao\u00fbt au matin, provoquant un mouvement de panique \u00e0 bord de ce vol KLM, comme le rapporte le m\u00e9dia br\u00e9silien Jovem Pan, <a data-i13n=\"cpos:1;pos:1\" href=\"https:\/\/www.leparisien.fr\/societe\/je-pensais-que-jallais-mourir-une-batterie-externe-prend-feu-et-enfume-la-cabine-dun-vol-a-destination-damsterdam-08-08-2025-DMCW6RTDIRBHBB7DYW3F5NWTQI.php\" rel=\"nofollow noopener\" target=\"_blank\" data-ylk=\"slk:cit\u00e9 par Le Parisien;cpos:1;pos:1;elm:context_link;itc:0;sec:content-canvas\" class=\"link \">cit\u00e9 par Le Parisien<\/a>. La fum\u00e9e \u00e9tait si dense que certains ont cru \u00e0 un incendie moteur.<\/p>\n<p class=\"mb-4 text-lg md:leading-8 break-words\">\u00ab On pensait que le moteur \u00e9tait en feu \u00bb, t\u00e9moigne une journaliste pr\u00e9sente \u00e0 bord. Les passagers, d\u00e9sempar\u00e9s, ne comprenaient pas l&rsquo;origine du sinistre. Le feu, parti d&rsquo;un sac \u00e0 dos contenant la batterie d\u00e9fectueuse d&rsquo;un passager endormi, a heureusement \u00e9t\u00e9 rapidement ma\u00eetris\u00e9 par l&rsquo;\u00e9quipage.<\/p>\n<p class=\"mb-4 text-lg md:leading-8 break-words\">Plus que les pannes des moteurs ou des autres syst\u00e8mes, le feu est le danger majeur en avion. Maitriser un incendie est sans cesse rab\u00e2ch\u00e9 lors des s\u00e9ances r\u00e9guli\u00e8res de formation du personnel de cabine des compagnies a\u00e9riennes. Dans le mat\u00e9riel de s\u00e9curit\u00e9 \u00e0 leur disposition, on trouve entre autres des gants de protection et un sac pour confiner un t\u00e9l\u00e9phone en d\u00e9licatesse. Au simulateur, les pilotes, masques \u00e0 oxyg\u00e8ne sur le visage, doivent savoir atterrir malgr\u00e9 le cockpit envahi par la fum\u00e9e.<\/p>\n<p class=\"mb-4 text-lg md:leading-8 break-words\">\u00c0 LIRE AUSSI <a data-i13n=\"cpos:2;pos:1\" href=\"https:\/\/www.lepoint.fr\/monde\/crash-du-boeing-787-d-air-india-erreur-humaine-defaillance-technique-ou-les-deux-18-07-2025-2594655_24.php\" rel=\"nofollow noopener\" target=\"_blank\" data-ylk=\"slk:Crash du Boeing 787 d&#039;Air India : erreur humaine, d\u00e9faillance technique ou les deux ?;cpos:2;pos:1;elm:context_link;itc:0;sec:content-canvas\" class=\"link \"><strong>Crash du Boeing 787 d&rsquo;Air India : erreur humaine, d\u00e9faillance technique ou les deux ?<\/strong><\/a><\/p>\n<p class=\"mb-4 text-lg md:leading-8 break-words\">Un cas d&rsquo;\u00e9cole : un passager laisse tomber son portable qui dispara\u00eet entre les si\u00e8ges. La consigne est formelle. Ne pas bo [&#8230;] <a data-i13n=\"cpos:3;pos:1\" href=\"https:\/\/www.lepoint.fr\/voyages\/panique-dans-un-vol-klm-une-batterie-externe-prend-feu-et-relance-la-peur-des-incendies-en-avion-08-08-2025-2595990_44.php\" rel=\"nofollow noopener\" target=\"_blank\" data-ylk=\"slk:Lire la suite;cpos:3;pos:1;elm:context_link;itc:0;sec:content-canvas\" class=\"link \">Lire la suite<\/a><\/p>\n","protected":false},"excerpt":{"rendered":"En pleine nuit, les passagers d&rsquo;un vol long-courrier entre S\u00e3o Paulo et Amsterdam ont \u00e9t\u00e9 brutalement r\u00e9veill\u00e9s par&hellip;\n","protected":false},"author":2,"featured_media":306471,"comment_status":"","ping_status":"","sticky":false,"template":"","format":"standard","meta":{"footnotes":""},"categories":[6],"tags":[35,33,34,1312,44698,1011,27,44700,44699,44697],"class_list":{"0":"post-306470","1":"post","2":"type-post","3":"status-publish","4":"format-standard","5":"has-post-thumbnail","7":"category-economie","8":"tag-business","9":"tag-economie","10":"tag-economy","11":"tag-feu","12":"tag-formation-du-personnel","13":"tag-fr","14":"tag-france","15":"tag-gants-de-protection","16":"tag-la-batterie","17":"tag-materiel-de-securite"},"share_on_mastodon":{"url":"https:\/\/pubeurope.com\/@fr\/114996656580920636","error":""},"_links":{"self":[{"href":"https:\/\/www.europesays.com\/fr\/wp-json\/wp\/v2\/posts\/306470","targetHints":{"allow":["GET"]}}],"collection":[{"href":"https:\/\/www.europesays.com\/fr\/wp-json\/wp\/v2\/posts"}],"about":[{"href":"https:\/\/www.europesays.com\/fr\/wp-json\/wp\/v2\/types\/post"}],"author":[{"embeddable":true,"href":"https:\/\/www.europesays.com\/fr\/wp-json\/wp\/v2\/users\/2"}],"replies":[{"embeddable":true,"href":"https:\/\/www.europesays.com\/fr\/wp-json\/wp\/v2\/comments?post=306470"}],"version-history":[{"count":0,"href":"https:\/\/www.europesays.com\/fr\/wp-json\/wp\/v2\/posts\/306470\/revisions"}],"wp:featuredmedia":[{"embeddable":true,"href":"https:\/\/www.europesays.com\/fr\/wp-json\/wp\/v2\/media\/306471"}],"wp:attachment":[{"href":"https:\/\/www.europesays.com\/fr\/wp-json\/wp\/v2\/media?parent=306470"}],"wp:term":[{"taxonomy":"category","embeddable":true,"href":"https:\/\/www.europesays.com\/fr\/wp-json\/wp\/v2\/categories?post=306470"},{"taxonomy":"post_tag","embeddable":true,"href":"https:\/\/www.europesays.com\/fr\/wp-json\/wp\/v2\/tags?post=306470"}],"curies":[{"name":"wp","href":"https:\/\/api.w.org\/{rel}","templated":true}]}}