{"id":306472,"date":"2025-08-09T03:21:10","date_gmt":"2025-08-09T03:21:10","guid":{"rendered":"https:\/\/www.europesays.com\/fr\/306472\/"},"modified":"2025-08-09T03:21:10","modified_gmt":"2025-08-09T03:21:10","slug":"revenant-dun-enterrement-un-bus-se-renverse-et-fait-21-morts","status":"publish","type":"post","link":"https:\/\/www.europesays.com\/fr\/306472\/","title":{"rendered":"Revenant d\u2019un enterrement, un bus se renverse et fait 21 morts"},"content":{"rendered":"<p>Le bilan humain d\u2019un <a href=\"https:\/\/www.20minutes.fr\/dossier\/accident_de_la_route\" target=\"_blank\" class=\"color-ultramarine c-link\" rel=\"nofollow noopener\">accident de la route<\/a> vendredi au <a href=\"https:\/\/www.20minutes.fr\/monde\/kenya\/\" target=\"_blank\" class=\"color-ultramarine c-link\" rel=\"nofollow noopener\">Kenya<\/a> est particuli\u00e8rement tragique. Un autocar revenant de fun\u00e9railles s\u2019est renvers\u00e9 dans l\u2019ouest du pays, faisant 21 morts.<\/p>\n<p>Le Kenya est donc une nouvelle fois endeuill\u00e9 au lendemain du <a href=\"https:\/\/www.20minutes.fr\/dossier\/crash\" target=\"_blank\" class=\"color-ultramarine c-link\" rel=\"nofollow noopener\">crash<\/a> d\u2019un avion m\u00e9dical et d\u2019une collision impliquant un train. Jeudi vers 14h30, un avion ambulance s\u2019\u00e9tait en effet \u00e9cras\u00e9 sur des maisons en banlieue de Nairobi, faisant six morts et deux bless\u00e9s. Moins de trois heures plus tard, un train et un bus entraient en collision \u00e0 Naivasha, \u00e0 environ deux heures de route de la capitale k\u00e9nyane, tuant au moins huit personnes, selon les m\u00e9dias locaux.<\/p>\n<p>Une enfant parmi les victimes<\/p>\n<p>L\u2019accident de l\u2019autocar vendredi s\u2019est produit vers 17 heures dans le comt\u00e9 de Kisumu alors que le v\u00e9hicule revenait d\u2019un enterrement, a d\u00e9clar\u00e9 Peter Maina, commandant r\u00e9gional de la circulation de Kisumu. Le chauffeur \u00ab\u00a0a perdu le contr\u00f4le, le v\u00e9hicule a fait une embard\u00e9e et s\u2019est renvers\u00e9 de l\u2019autre c\u00f4t\u00e9 de la route\u00a0\u00bb, a-t-il racont\u00e9 aux journalistes sur place.<\/p>\n<\/p>\n<p>\u00ab\u00a0Nous avons perdu 21 personnes\u00a0\u00bb, dont 10 femmes, une fillette de 10 ans et 10 hommes, a \u00e9num\u00e9r\u00e9 Peter Maina, ajoutant que cinq personnes avaient \u00e9galement \u00e9t\u00e9 gri\u00e8vement bless\u00e9es, parmi lesquelles un b\u00e9b\u00e9 de huit mois. La cause de l\u2019accident n\u2019est pas encore d\u00e9termin\u00e9e et des enqu\u00eates sont en cours.<\/p>\n<p><a href=\"https:\/\/www.20minutes.fr\/monde\/kenya\/\" target=\"_blank\" class=\"c-link c-btn c-btn--primary\" rel=\"nofollow noopener\">Notre dossier sur le Kenya<\/a><\/p>\n<p>Les m\u00e9dias locaux ont rapport\u00e9 que le bus s\u2019\u00e9tait renvers\u00e9 dans une portion de la route o\u00f9 les accidents sont fr\u00e9quents. Le Kenya a un mauvais bilan en mati\u00e8re de S\u00e9curit\u00e9 routi\u00e8re, avec des accidents mortels signal\u00e9s quotidiennement.<\/p>\n","protected":false},"excerpt":{"rendered":"Le bilan humain d\u2019un accident de la route vendredi au Kenya est particuli\u00e8rement tragique. Un autocar revenant de&hellip;\n","protected":false},"author":2,"featured_media":306473,"comment_status":"","ping_status":"","sticky":false,"template":"","format":"standard","meta":{"footnotes":""},"categories":[5],"tags":[119,4376,47,11,1011,27,14,8557,74,12,5009,133,28],"class_list":{"0":"post-306472","1":"post","2":"type-post","3":"status-publish","4":"format-standard","5":"has-post-thumbnail","7":"category-international","8":"tag-accident","9":"tag-accident-de-la-route","10":"tag-actualite","11":"tag-actualites","12":"tag-fr","13":"tag-france","14":"tag-international","15":"tag-kenya","16":"tag-monde","17":"tag-news","18":"tag-securite-routiere","19":"tag-video","20":"tag-world"},"share_on_mastodon":{"url":"https:\/\/pubeurope.com\/@fr\/114996660628246335","error":""},"_links":{"self":[{"href":"https:\/\/www.europesays.com\/fr\/wp-json\/wp\/v2\/posts\/306472","targetHints":{"allow":["GET"]}}],"collection":[{"href":"https:\/\/www.europesays.com\/fr\/wp-json\/wp\/v2\/posts"}],"about":[{"href":"https:\/\/www.europesays.com\/fr\/wp-json\/wp\/v2\/types\/post"}],"author":[{"embeddable":true,"href":"https:\/\/www.europesays.com\/fr\/wp-json\/wp\/v2\/users\/2"}],"replies":[{"embeddable":true,"href":"https:\/\/www.europesays.com\/fr\/wp-json\/wp\/v2\/comments?post=306472"}],"version-history":[{"count":0,"href":"https:\/\/www.europesays.com\/fr\/wp-json\/wp\/v2\/posts\/306472\/revisions"}],"wp:featuredmedia":[{"embeddable":true,"href":"https:\/\/www.europesays.com\/fr\/wp-json\/wp\/v2\/media\/306473"}],"wp:attachment":[{"href":"https:\/\/www.europesays.com\/fr\/wp-json\/wp\/v2\/media?parent=306472"}],"wp:term":[{"taxonomy":"category","embeddable":true,"href":"https:\/\/www.europesays.com\/fr\/wp-json\/wp\/v2\/categories?post=306472"},{"taxonomy":"post_tag","embeddable":true,"href":"https:\/\/www.europesays.com\/fr\/wp-json\/wp\/v2\/tags?post=306472"}],"curies":[{"name":"wp","href":"https:\/\/api.w.org\/{rel}","templated":true}]}}